{"id":107444,"date":"2025-12-08T12:35:13","date_gmt":"2025-12-08T12:35:13","guid":{"rendered":"https:\/\/www.europesays.com\/no\/107444\/"},"modified":"2025-12-08T12:35:13","modified_gmt":"2025-12-08T12:35:13","slug":"henlegger-saken-etter-bussulykken-i-hadsel","status":"publish","type":"post","link":"https:\/\/www.europesays.com\/no\/107444\/","title":{"rendered":"Henlegger saken etter bussulykken i Hadsel"},"content":{"rendered":"\n<p class=\"_lead_o9xde_2 _lead_xtcu6_50 layout-component text-serif-m layout-normal text-serif-l layout-component layout-wide layout-padded _wide_17hqh_1 layout-padded\">Det skriver Nordland politidistrikt i en pressemelding.<\/p>\n<p><img alt=\" Foto: Annemor Larsen \/ VG\" class=\"_image_qp4xg_65 layout-component layout-wide\" data-fullscreen- data-track-element-type=\"Article image fullscreen\" data-track-name=\"ImageFullscreen\" fetchpriority=\"high\" decoding=\"sync\" loading=\"eager\" height=\"2784\" itemprop=\"image\"  src=\"https:\/\/www.europesays.com\/no\/wp-content\/uploads\/2025\/12\/272f1407-3263-4327-b029-d0ab4fd8c752\"  style=\"object-position:0% 0%\" width=\"4176\"\/> Foto: Annemor Larsen \/ VG<\/p>\n<ul aria-hidden=\"true\" class=\"_images_ntbth_112\">\n<li><a class=\"_link_ntbth_117\" href=\"https:\/\/www.vg.no\/forfatter\/bendik-hansen\" style=\"z-index:1\" title=\"Bendik Hansen\" rel=\"nofollow noopener\" target=\"_blank\"><img alt=\"Bilde av Bendik Hansen\" class=\"_image_ntbth_93\" fetchpriority=\"low\" loading=\"lazy\" decoding=\"async\" itemprop=\"image\"  src=\"https:\/\/www.europesays.com\/no\/wp-content\/uploads\/2025\/12\/1765197310_759_236bc5a3-2236-4046-b957-81f29d024aa6\"  width=\"480\"\/><\/a><\/li>\n<\/ul>\n<p> Oppdatert mandag 8. desember kl. 13:26     <\/p>\n<p class=\"_paragraph_o9xde_4 _paragraph_xtcu6_10 layout-component text-serif-m layout-normal text-serif-m layout-padded\">Statsadvokaten i Nordland har besluttet \u00e5 henlegge saken etter bussulykken i Hadsel 2. juledag 2024. <\/p>\n<p class=\"_paragraph_o9xde_4 _paragraph_xtcu6_10 layout-component text-serif-m layout-normal text-serif-m layout-padded\"><a href=\"https:\/\/www.vg.no\/nyheter\/i\/eMyQoa\/passasjer-til-vg-jeg-trodde-jeg-skulle-doe\" data-track-element-type=\"Link\" data-track-id=\"link:eMyQoa\" class=\"_link_o9xde_39\" rel=\"nofollow noopener\" target=\"_blank\">To kvinner og et barn d\u00f8de<\/a> da bussen med 58 personer kj\u00f8rte av veien og delvis havnet i en innsj\u00f8. Elleve ble skadet i ulykken.<\/p>\n<p class=\"_paragraph_o9xde_4 _paragraph_xtcu6_10 layout-component text-serif-m layout-normal text-serif-m layout-padded\">Passasjerene om bord p\u00e5 bussen var fra \u00e5tte nasjonaliteter i tillegg til Norge. Tre kranbiler og en mobilkran m\u00e5tte til for \u00e5 f\u00e5 bussen opp fra skr\u00e5ningen, der den l\u00e5 delvis under vann. <\/p>\n<p class=\"_paragraph_o9xde_4 _paragraph_xtcu6_10 layout-component text-serif-m layout-normal text-serif-m layout-padded\">I forbindelse med ulykken startet politiet etterforskning av hendelsen. Sj\u00e5f\u00f8ren av bussen fikk status som siktet da hans f\u00f8rerkort ble midlertidig beslaglagt, skriver politiadvokat Kay R\u00f8nning Nyvold i pressemeldingen. <\/p>\n<p class=\"_paragraph_o9xde_4 _paragraph_xtcu6_10 layout-component text-serif-m layout-normal layout-padded\"><strong class=\"_strong_o9xde_25\">Les ogs\u00e5:<\/strong> <a href=\"https:\/\/www.vg.no\/i\/eMyQoa\" data-track-element-type=\"Link\" data-track-id=\"link:eMyQoa\" class=\"_link_o9xde_39\" rel=\"nofollow noopener\" target=\"_blank\">Passasjer til VG: \u2013 Jeg trodde jeg skulle d\u00f8<\/a><\/p>\n<p class=\"_paragraph_o9xde_4 _paragraph_xtcu6_10 layout-component text-serif-m layout-normal text-serif-m layout-padded\">Politiet har mottatt rapport fra Statens vegvesens ulykkesgruppe som har unders\u00f8kt ulykken og en rapport fra sakkyndig om vindforholdene p\u00e5 ulykkesstedet. <\/p>\n<p class=\"_paragraph_o9xde_4 _paragraph_xtcu6_10 layout-component text-serif-m layout-normal text-serif-m layout-padded\">\u2013 De gjennomf\u00f8rte unders\u00f8kelsene har vist at det var de ekstraordin\u00e6re vindforhold p\u00e5 stedet som for\u00e5rsaket ulykken, skriver Nyvold. <\/p>\n<p class=\"_paragraph_o9xde_4 _paragraph_xtcu6_10 layout-component text-serif-m layout-normal text-serif-m layout-padded\">Politiadvokaten skriver i pressemeldingen at bussj\u00e5f\u00f8ren ikke kan lastet for ulykken og at det ikke er holdepunkter for \u00e5 si at fart har v\u00e6rt en medvirkende \u00e5rsak. <\/p>\n<p class=\"_paragraph_o9xde_4 _paragraph_xtcu6_10 layout-component text-serif-m layout-normal text-serif-m layout-padded\">Bussj\u00e5f\u00f8ren ble siktet for brudd p\u00e5 veitrafikkloven paragraf 3 &#8211; for \u00e5 ikke ha handlet aktp\u00e5givende og varsomt nok. <\/p>\n<p class=\"_paragraph_o9xde_4 _paragraph_xtcu6_10 layout-component text-serif-m layout-normal text-serif-m layout-padded\">Selv nektet han straffskyld for ulykken.<\/p>\n<p class=\"_paragraph_o9xde_4 _paragraph_xtcu6_10 layout-component text-serif-m layout-normal text-serif-m layout-padded\">Forsvareren hans, Stig Mortensen, har tidligere sagt til VG at sj\u00e5f\u00f8ren opplevde at det var ekstrem vind den aktuelle dagen. <\/p>\n<p class=\"_paragraph_o9xde_4 _paragraph_xtcu6_10 layout-component text-serif-m layout-normal layout-padded\"><strong class=\"_strong_o9xde_25\">Les ogs\u00e5:<\/strong> <a href=\"https:\/\/www.vg.no\/i\/B01n79\" data-track-element-type=\"Link\" data-track-id=\"link:B01n79\" class=\"_link_o9xde_39\" rel=\"nofollow noopener\" target=\"_blank\">Hyllet som helter etter bussulykken i Hadsel: \u2013 Det er s\u00e5 viktig \u00e5 bare gj\u00f8re noe<\/a><\/p>\n<p><img alt=\"Foto: Jens Andre M. Birkeland \/ NTB\" class=\"_image_qp4xg_65 layout-component layout-normal\" data-fullscreen- data-track-element-type=\"Article image fullscreen\" data-track-name=\"ImageFullscreen\" decoding=\"async\" loading=\"lazy\" height=\"1510\" itemprop=\"image\"  src=\"https:\/\/www.europesays.com\/no\/wp-content\/uploads\/2025\/12\/8801eb48-3153-43fd-a2e3-ccc99e5cddbd\"  style=\"object-position:0% 0%\" width=\"2579\"\/>Foto: Jens Andre M. Birkeland \/ NTB    <img decoding=\"async\" alt=\"Tips oss illustrasjon\" src=\"https:\/\/www.europesays.com\/no\/wp-content\/uploads\/2025\/10\/pssst-small.webp.webp\"\/>    <\/p>\n<p class=\"title-serif-s\">Har du tips?<\/p>\n<p class=\"text-sans-m\">Send oss informasjon, bilder eller video.<\/p>\n<p>  <a href=\"https:\/\/www.vg.no\/tips-oss\" rel=\"nofollow noopener\" target=\"_blank\"> Tips oss <\/a>      <\/p>\n","protected":false},"excerpt":{"rendered":"Det skriver Nordland politidistrikt i en pressemelding. Foto: Annemor Larsen \/ VG Oppdatert mandag 8. desember kl. 13:26&hellip;\n","protected":false},"author":2,"featured_media":107445,"comment_status":"","ping_status":"","sticky":false,"template":"","format":"standard","meta":{"footnotes":""},"categories":[10],"tags":[31,20,21,24,25,15,22,23,13,30,28,29,14,16,26,27],"class_list":{"0":"post-107444","1":"post","2":"type-post","3":"status-publish","4":"format-standard","5":"has-post-thumbnail","7":"category-norge","8":"tag-breaking","9":"tag-breaking-news","10":"tag-breakingnews","11":"tag-featured-news","12":"tag-featurednews","13":"tag-headlines","14":"tag-latest-news","15":"tag-latestnews","16":"tag-news","17":"tag-no","18":"tag-norge","19":"tag-norway","20":"tag-nyheter","21":"tag-overskrifter","22":"tag-top-stories","23":"tag-topstories"},"share_on_mastodon":{"url":"https:\/\/pubeurope.com\/@no\/115683978662142150","error":""},"_links":{"self":[{"href":"https:\/\/www.europesays.com\/no\/wp-json\/wp\/v2\/posts\/107444","targetHints":{"allow":["GET"]}}],"collection":[{"href":"https:\/\/www.europesays.com\/no\/wp-json\/wp\/v2\/posts"}],"about":[{"href":"https:\/\/www.europesays.com\/no\/wp-json\/wp\/v2\/types\/post"}],"author":[{"embeddable":true,"href":"https:\/\/www.europesays.com\/no\/wp-json\/wp\/v2\/users\/2"}],"replies":[{"embeddable":true,"href":"https:\/\/www.europesays.com\/no\/wp-json\/wp\/v2\/comments?post=107444"}],"version-history":[{"count":0,"href":"https:\/\/www.europesays.com\/no\/wp-json\/wp\/v2\/posts\/107444\/revisions"}],"wp:featuredmedia":[{"embeddable":true,"href":"https:\/\/www.europesays.com\/no\/wp-json\/wp\/v2\/media\/107445"}],"wp:attachment":[{"href":"https:\/\/www.europesays.com\/no\/wp-json\/wp\/v2\/media?parent=107444"}],"wp:term":[{"taxonomy":"category","embeddable":true,"href":"https:\/\/www.europesays.com\/no\/wp-json\/wp\/v2\/categories?post=107444"},{"taxonomy":"post_tag","embeddable":true,"href":"https:\/\/www.europesays.com\/no\/wp-json\/wp\/v2\/tags?post=107444"}],"curies":[{"name":"wp","href":"https:\/\/api.w.org\/{rel}","templated":true}]}}