{"id":107448,"date":"2025-12-08T12:37:08","date_gmt":"2025-12-08T12:37:08","guid":{"rendered":"https:\/\/www.europesays.com\/no\/107448\/"},"modified":"2025-12-08T12:37:08","modified_gmt":"2025-12-08T12:37:08","slug":"dale-skjevdal-inn-i-skiskyttertroppen-frey-og-stromsheim-vraket","status":"publish","type":"post","link":"https:\/\/www.europesays.com\/no\/107448\/","title":{"rendered":"Dale-Skjevdal inn i skiskyttertroppen &#8211; Frey og Str\u00f8msheim vraket"},"content":{"rendered":"\n<p class=\"_lead_o9xde_2 _lead_xtcu6_50 layout-component text-serif-m layout-normal text-serif-l layout-component layout-wide layout-padded _wide_17hqh_1 layout-padded\">Johannes Dale-Skjevdal og Vebj\u00f8rn S\u00f8rum er nye navn i troppen foran kommende helgs verdenscuprenn i skiskyting i Hochfilzen.<\/p>\n<p><img alt=\"Johannes Dale-Skjevdal p\u00e5 sprinten under sesong\u00e5pningen for skiskytterne p\u00e5 Geilo i november.  Foto: Geir Olsen \/ NTB.\" class=\"_image_qp4xg_65 layout-component layout-wide\" data-fullscreen- data-track-element-type=\"Article image fullscreen\" data-track-name=\"ImageFullscreen\" fetchpriority=\"high\" decoding=\"sync\" loading=\"eager\" height=\"3241\" itemprop=\"image\"  src=\"https:\/\/www.europesays.com\/no\/wp-content\/uploads\/2025\/12\/e1e3869d-d9db-4f38-ac25-065c19fcb402\"  style=\"object-position:0% 0%\" width=\"4669\"\/>Johannes Dale-Skjevdal p\u00e5 sprinten under sesong\u00e5pningen for skiskytterne p\u00e5 Geilo i november.  Foto: Geir Olsen \/ NTB.<\/p>\n<ul aria-hidden=\"true\" class=\"_images_ntbth_112\">\n<li><a class=\"_link_ntbth_117\" href=\"https:\/\/www.vg.no\/forfatter\/ntb\" style=\"z-index:1\" title=\"NTB\" rel=\"nofollow noopener\" target=\"_blank\"><img alt=\"Bilde av NTB\" class=\"_image_ntbth_93\" fetchpriority=\"low\" loading=\"lazy\" decoding=\"async\" itemprop=\"image\"  src=\"https:\/\/www.europesays.com\/no\/wp-content\/uploads\/2025\/12\/1765197428_875_c33980b0-5d07-4027-84a1-813f90a7c8d6\"  width=\"480\"\/><\/a><\/li>\n<\/ul>\n<p> Oppdatert mandag 8. desember kl. 12:23     <\/p>\n<p class=\"_paragraph_o9xde_4 _paragraph_xtcu6_10 layout-component text-serif-m layout-normal text-serif-m layout-padded\">S\u00f8rums deltagelse i \u00d8sterrike ble bekreftet allerede da det ble klart at ryggplager hindret ham \u00e5 starte under verdenscup\u00e5pningen i \u00d6stersund.<\/p>\n<p class=\"_paragraph_o9xde_4 _paragraph_xtcu6_10 layout-component text-serif-m layout-normal text-serif-m layout-padded\">Dale-Skjevdal fikk heller ikke v\u00e6re med i \u00d6stersund, men har imponert i IBU-cupen mens verdens beste har konkurrert p\u00e5 niv\u00e5et over i verdenscupen. Dale-Skjevdal gjorde rent bord og vant samtlige renn i Obertilliach sist helg.<\/p>\n<p class=\"_paragraph_o9xde_4 _paragraph_xtcu6_10 layout-component text-serif-m layout-normal text-serif-m layout-padded\">Med to nye mann inn m\u00e5tte to ut, og det ble Isak Leknes Frey og Endre Str\u00f8msheim. Begge m\u00e5 ta til takke med IBU-cup i Ridnaun i Italia til helgen.<\/p>\n<p class=\"_paragraph_o9xde_4 _paragraph_xtcu6_10 layout-component text-serif-m layout-normal text-serif-m layout-padded\">Dette er troppen til rennene i Hochfilzen neste helg:<\/p>\n<p>Kvinner:<\/p>\n<p class=\"_paragraph_o9xde_4 _paragraph_xtcu6_10 layout-component text-serif-m layout-normal text-serif-m layout-padded\">Marthe Kr\u00e5kstad Johansen (Bossmo &amp; Ytteren), Maren Hjelmeset Kirkeeide (Markane), Karoline Offigstad Knotten (Vingrom), \u00c5sne Skrede (Geilo), Ingrid Landmark Tandrevold (Fossum), Marit \u00d8ygard (Skrautv\u00e5l).<\/p>\n<p>Menn:<\/p>\n<p class=\"_paragraph_o9xde_4 _paragraph_xtcu6_10 layout-component text-serif-m layout-normal text-serif-m layout-padded\">Sivert Guttorm Bakken (Vingrom), Johan-Olav Sm\u00f8rdal Botn (St\u00e5rheim), Vetle Sj\u00e5stad Christiansen (Geilo), Johannes Dale-Skjevdal (Fet), Sturla Holm L\u00e6greid (B\u00e6rums Skiklub), Vebj\u00f8rn S\u00f8rum (S\u00f8ndre \u00c5l), Martin Uldal (Birkenes).<\/p>\n","protected":false},"excerpt":{"rendered":"Johannes Dale-Skjevdal og Vebj\u00f8rn S\u00f8rum er nye navn i troppen foran kommende helgs verdenscuprenn i skiskyting i Hochfilzen.&hellip;\n","protected":false},"author":2,"featured_media":107449,"comment_status":"","ping_status":"","sticky":false,"template":"","format":"standard","meta":{"footnotes":""},"categories":[59],"tags":[30,28,29,769,83,82],"class_list":{"0":"post-107448","1":"post","2":"type-post","3":"status-publish","4":"format-standard","5":"has-post-thumbnail","7":"category-sport","8":"tag-no","9":"tag-norge","10":"tag-norway","11":"tag-skiskyting","12":"tag-sport","13":"tag-sports"},"share_on_mastodon":{"url":"https:\/\/pubeurope.com\/@no\/115683986284816288","error":""},"_links":{"self":[{"href":"https:\/\/www.europesays.com\/no\/wp-json\/wp\/v2\/posts\/107448","targetHints":{"allow":["GET"]}}],"collection":[{"href":"https:\/\/www.europesays.com\/no\/wp-json\/wp\/v2\/posts"}],"about":[{"href":"https:\/\/www.europesays.com\/no\/wp-json\/wp\/v2\/types\/post"}],"author":[{"embeddable":true,"href":"https:\/\/www.europesays.com\/no\/wp-json\/wp\/v2\/users\/2"}],"replies":[{"embeddable":true,"href":"https:\/\/www.europesays.com\/no\/wp-json\/wp\/v2\/comments?post=107448"}],"version-history":[{"count":0,"href":"https:\/\/www.europesays.com\/no\/wp-json\/wp\/v2\/posts\/107448\/revisions"}],"wp:featuredmedia":[{"embeddable":true,"href":"https:\/\/www.europesays.com\/no\/wp-json\/wp\/v2\/media\/107449"}],"wp:attachment":[{"href":"https:\/\/www.europesays.com\/no\/wp-json\/wp\/v2\/media?parent=107448"}],"wp:term":[{"taxonomy":"category","embeddable":true,"href":"https:\/\/www.europesays.com\/no\/wp-json\/wp\/v2\/categories?post=107448"},{"taxonomy":"post_tag","embeddable":true,"href":"https:\/\/www.europesays.com\/no\/wp-json\/wp\/v2\/tags?post=107448"}],"curies":[{"name":"wp","href":"https:\/\/api.w.org\/{rel}","templated":true}]}}