{"id":107466,"date":"2025-12-08T13:08:09","date_gmt":"2025-12-08T13:08:09","guid":{"rendered":"https:\/\/www.europesays.com\/no\/107466\/"},"modified":"2025-12-08T13:08:09","modified_gmt":"2025-12-08T13:08:09","slug":"kvinne-mistenkt-for-drapsforsok-pa-sykehus-i-uppsala","status":"publish","type":"post","link":"https:\/\/www.europesays.com\/no\/107466\/","title":{"rendered":"Kvinne mistenkt for drapsfors\u00f8k p\u00e5 sykehus i Uppsala"},"content":{"rendered":"\n<p class=\"_lead_o9xde_2 _lead_xtcu6_50 layout-component text-serif-m layout-normal text-serif-l layout-component layout-wide layout-padded _wide_17hqh_1 layout-padded\">\u2013 Mistanken er styrket, sier politiadvokat Emma H\u00e4ggstr\u00f6m.<\/p>\n<p><img alt=\"Akademiska sjukhuset i Uppsala har rundt 8.400 ansatte og 850 sykehusplasser. Dette bildet er fra 2020. Foto: Christine Olsson \/ TT Nyhetsbyr\u00e5n \/ NTB\" class=\"_image_qp4xg_65 layout-component layout-wide\" data-fullscreen- data-track-element-type=\"Article image fullscreen\" data-track-name=\"ImageFullscreen\" fetchpriority=\"high\" decoding=\"sync\" loading=\"eager\" height=\"3468\" itemprop=\"image\"  src=\"https:\/\/www.europesays.com\/no\/wp-content\/uploads\/2025\/12\/b2316208-86ed-496b-be85-1dba393b9521\"  style=\"object-position:0% 0%\" width=\"5208\"\/>Akademiska sjukhuset i Uppsala har rundt 8.400 ansatte og 850 sykehusplasser. Dette bildet er fra 2020. Foto: Christine Olsson \/ TT Nyhetsbyr\u00e5n \/ NTB<\/p>\n<ul aria-hidden=\"true\" class=\"_images_ntbth_112\">\n<li><a class=\"_link_ntbth_117\" href=\"https:\/\/www.vg.no\/forfatter\/hedda-kurseth\" style=\"z-index:1\" title=\"Hedda Kurseth\" rel=\"nofollow noopener\" target=\"_blank\"><img alt=\"Bilde av Hedda Kurseth\" class=\"_image_ntbth_93\" fetchpriority=\"low\" loading=\"lazy\" decoding=\"async\" itemprop=\"image\"  src=\"https:\/\/www.europesays.com\/no\/wp-content\/uploads\/2025\/12\/1765199289_628_b6ad06ce-2f4e-4492-9dd9-7cfbdae81f6d\"  width=\"480\"\/><\/a><\/li>\n<\/ul>\n<p> Oppdatert mandag 8. desember kl. 13:50    <\/p>\n<ul class=\"_list_o9xde_3 _list_64s2r_85 _unordered_o9xde_106 text-sans-m\">\n<li class=\"_item_o9xde_30\">En person er siktet for drapsfors\u00f8k etter mistanke om \u00e5 ha fors\u00f8kt \u00e5 forgifte fire ansatte ved et sykehus i Uppsala.<\/li>\n<li class=\"_item_o9xde_30\">Politiadvokat Emma H\u00e4ggstr\u00f6m sier mistanken er styrket, og den siktede er begj\u00e6rt varetektsfengslet.<\/li>\n<li class=\"_item_o9xde_30\">De rammede fikk mystiske symptomer, inkludert alvorlig hypokalemi med muskelsvakhet og hjerterytmeforstyrrelser.<\/li>\n<\/ul>\n<p>Vis mer <\/p>\n<p class=\"_paragraph_o9xde_4 _paragraph_xtcu6_10 layout-component text-serif-m layout-normal text-serif-m layout-padded\">If\u00f8lge <a href=\"https:\/\/www.aftonbladet.se\/nyheter\/a\/Gx10p4\/en-person-begard-haktad-for-misstankta-forgiftningar-i-uppsala\" class=\"_link_o9xde_39\" rel=\"nofollow noopener\" target=\"_blank\">Aftonbladet<\/a> er det en kvinne i 60-\u00e5rene som n\u00e5 er mistenkt for drapsfors\u00f8k <a href=\"https:\/\/www.vg.no\/nyheter\/i\/GyvKlx\/fire-sykehusansatte-i-uppsala-har-blitt-syke-etterforskes-som-drapsforsoek\" data-track-element-type=\"Link\" data-track-id=\"link:GyvKlx\" class=\"_link_o9xde_39\" rel=\"nofollow noopener\" target=\"_blank\">etter at fire personer i h\u00f8st <\/a>ble forgiftet ved et sykehus i Uppsala i <a href=\"https:\/\/www.vg.no\/tag\/sverige?utm_source=vg-article&amp;utm_medium=auto-tagger&amp;utm_campaign=6qnoxe\" class=\"_link_o9xde_39\" rel=\"nofollow noopener\" target=\"_blank\">Sverige<\/a>. <\/p>\n<p class=\"_paragraph_o9xde_4 _paragraph_xtcu6_10 layout-component text-serif-m layout-normal text-serif-m layout-padded\">Kvinnen skal ha en tilknytning til sykehuset, <a href=\"https:\/\/www.aftonbladet.se\/nyheter\/a\/Gx10p4\/en-person-begard-haktad-for-misstankta-forgiftningar-i-uppsala\" class=\"_link_o9xde_39\" rel=\"nofollow noopener\" target=\"_blank\">skriver avisen<\/a>.<\/p>\n<p class=\"_paragraph_o9xde_4 _paragraph_xtcu6_10 layout-component text-serif-m layout-normal text-serif-m layout-padded\">Politiet har bekreftet at en person fredag ble p\u00e5grepet, med det svensk rettsvesen omtaler som lavere mistankegrad. <\/p>\n<p class=\"_paragraph_o9xde_4 _paragraph_xtcu6_10 layout-component text-serif-m layout-normal text-serif-m layout-padded\">\u2013 Etter helgens etterforskning har jeg gjort en ny vurdering, og n\u00e5 er mistanken styrket, sier politiadvokat Emma H\u00e4ggstr\u00f6m.<\/p>\n<p class=\"_paragraph_o9xde_4 _paragraph_xtcu6_10 layout-component text-serif-m layout-normal text-serif-m layout-padded\">Det <a href=\"https:\/\/www.vg.no\/nyheter\/i\/GyvKlx\/fire-sykehusansatte-i-uppsala-har-blitt-syke-etterforskes-som-drapsforsoek\" data-track-element-type=\"Link\" data-track-id=\"link:GyvKlx\" class=\"_link_o9xde_39\" rel=\"nofollow noopener\" target=\"_blank\">mystiske sykdomsutbruddet<\/a>, som viste seg \u00e5 v\u00e6re forgiftning, startet da en ansatt fikk symptomer i arbeidstiden den 25. oktober. Alle fire jobber p\u00e5 samme avdeling.<\/p>\n<p class=\"_paragraph_o9xde_4 _paragraph_xtcu6_10 layout-component text-serif-m layout-normal text-serif-m layout-padded\"><strong class=\"_strong_o9xde_25\">Mandag ble personen siktet for drapsfors\u00f8k. <\/strong><\/p>\n<p class=\"_paragraph_o9xde_4 _paragraph_xtcu6_10 layout-component text-serif-m layout-normal text-serif-m layout-padded\">I en pressemelding skriver politiet i Sverige at mistanken er styrket og at personen er begj\u00e6rt varetektsfengslet. <\/p>\n<p class=\"_paragraph_o9xde_4 _paragraph_xtcu6_10 layout-component text-serif-m layout-normal layout-padded\"><strong class=\"_strong_o9xde_25\">Les ogs\u00e5:<\/strong> <a href=\"https:\/\/www.vg.no\/i\/GyvKlx\" data-track-element-type=\"Link\" data-track-id=\"link:GyvKlx\" class=\"_link_o9xde_39\" rel=\"nofollow noopener\" target=\"_blank\">Mistenker forgiftning p\u00e5 sykehus: \u2013 Alvorlige symptomer<\/a><\/p>\n<p class=\"_paragraph_o9xde_4 _paragraph_xtcu6_10 layout-component text-serif-m layout-normal text-serif-m layout-padded\">\u2013 <a href=\"https:\/\/www.aftonbladet.se\/nyheter\/a\/Gx10p4\/en-person-begard-haktad-for-misstankta-forgiftningar-i-uppsala\" class=\"_link_o9xde_39\" rel=\"nofollow noopener\" target=\"_blank\">Jeg kommer ikke til \u00e5 si<\/a> noe om hvem denne personen er, sier politiadvokat H\u00e4ggstr\u00f6m til Aftonbladet. <\/p>\n<p class=\"_paragraph_o9xde_4 _paragraph_xtcu6_10 layout-component text-serif-m layout-normal text-serif-m layout-padded\">Kvinnens forsvarer vil ikke kommentere saken, skriver avisen. <\/p>\n<p class=\"_paragraph_o9xde_4 _paragraph_xtcu6_10 layout-component text-serif-m layout-normal text-serif-m layout-padded\">En etter en fikk fire ansatte p\u00e5 den samme avdelingen ved det samme sykehuset mystiske symptomer. <\/p>\n<p class=\"_paragraph_o9xde_4 _paragraph_xtcu6_10 layout-component text-serif-m layout-normal text-serif-m layout-padded\"><strong class=\"_strong_o9xde_25\">I november ble det kjent at politiet mistenkte at de hadde blitt forgiftet. <\/strong><\/p>\n<p class=\"_paragraph_o9xde_4 _paragraph_xtcu6_10 layout-component text-serif-m layout-normal text-serif-m layout-padded\">\u2013 De har blitt syke med lignende symptomer p\u00e5 kort tid, og derfor mistenker vi at det er samme sak, sa etterforskningsleder H\u00e4ggstr\u00f6m til VG den gangen. <\/p>\n<p class=\"_paragraph_o9xde_4 _paragraph_xtcu6_10 layout-component text-serif-m layout-normal text-serif-m layout-padded\">Advokaten som bist\u00e5r de rammede har sagt at en av de ansatte ble akutt syk og fikk intensivbehandling. <\/p>\n<p class=\"_paragraph_o9xde_4 _paragraph_xtcu6_10 layout-component text-serif-m layout-normal text-serif-m layout-padded\">\u2013 Klienten min ble akutt syk, og det ble raskt veldig alvorlig. Jeg kan si at det var heldig at min klient var p\u00e5 jobb p\u00e5 sykehuset, sa advokat Angelica Dipeders til <a href=\"https:\/\/www.aftonbladet.se\/nyheter\/a\/rPvbna\/fyra-drabbade-efter-misstankt-mordforsok-pa-sjukhus?utm_source=sdrn%3Avg%3Aarticle%3AGyvKlx\" class=\"_link_o9xde_39\" rel=\"nofollow noopener\" target=\"_blank\">Aftonbladet. <\/a><\/p>\n<p class=\"_paragraph_o9xde_4 _paragraph_xtcu6_10 layout-component text-serif-m layout-normal text-serif-m layout-padded\">If\u00f8lge\u00a0<a href=\"https:\/\/www.aftonbladet.se\/nyheter\/a\/rPvbna\/fyra-drabbade-efter-misstankt-mordforsok-pa-sjukhus\" class=\"_link_o9xde_39\" rel=\"nofollow noopener\" target=\"_blank\">Aftonbladets<\/a>\u00a0opplysninger og Uppsala Nya Tidning, skal minst tre av de innlagte ha hatt for lave\u00a0kaliumverdier. Symptomene inkluderer muskelsvakhet og hjerterytmeforstyrrelser.<\/p>\n<p class=\"_paragraph_o9xde_4 _paragraph_xtcu6_10 layout-component text-serif-m layout-normal text-serif-m layout-padded\">Alvorlig\u00a0hypokalemi\u00a0kan f\u00f8re til lammelser og livstruende hjerterytmeforstyrrelser, skriver\u00a0<a href=\"https:\/\/sml.snl.no\/hypokalemi\" class=\"_link_o9xde_39\" rel=\"nofollow noopener\" target=\"_blank\">Store medisinske leksikon<\/a>.<\/p>\n","protected":false},"excerpt":{"rendered":"\u2013 Mistanken er styrket, sier politiadvokat Emma H\u00e4ggstr\u00f6m. Akademiska sjukhuset i Uppsala har rundt 8.400 ansatte og 850&hellip;\n","protected":false},"author":2,"featured_media":107467,"comment_status":"","ping_status":"","sticky":false,"template":"","format":"standard","meta":{"footnotes":""},"categories":[12],"tags":[4035,31,20,21,24,25,15,22,23,13,30,28,29,14,16,1359,948,26,27,42,43,44,45],"class_list":{"0":"post-107466","1":"post","2":"type-post","3":"status-publish","4":"format-standard","5":"has-post-thumbnail","7":"category-verden","8":"tag-aftonbladet","9":"tag-breaking","10":"tag-breaking-news","11":"tag-breakingnews","12":"tag-featured-news","13":"tag-featurednews","14":"tag-headlines","15":"tag-latest-news","16":"tag-latestnews","17":"tag-news","18":"tag-no","19":"tag-norge","20":"tag-norway","21":"tag-nyheter","22":"tag-overskrifter","23":"tag-sverige","24":"tag-sykehus","25":"tag-top-stories","26":"tag-topstories","27":"tag-verden","28":"tag-world","29":"tag-world-news","30":"tag-worldnews"},"share_on_mastodon":{"url":"https:\/\/pubeurope.com\/@no\/115684108276662281","error":""},"_links":{"self":[{"href":"https:\/\/www.europesays.com\/no\/wp-json\/wp\/v2\/posts\/107466","targetHints":{"allow":["GET"]}}],"collection":[{"href":"https:\/\/www.europesays.com\/no\/wp-json\/wp\/v2\/posts"}],"about":[{"href":"https:\/\/www.europesays.com\/no\/wp-json\/wp\/v2\/types\/post"}],"author":[{"embeddable":true,"href":"https:\/\/www.europesays.com\/no\/wp-json\/wp\/v2\/users\/2"}],"replies":[{"embeddable":true,"href":"https:\/\/www.europesays.com\/no\/wp-json\/wp\/v2\/comments?post=107466"}],"version-history":[{"count":0,"href":"https:\/\/www.europesays.com\/no\/wp-json\/wp\/v2\/posts\/107466\/revisions"}],"wp:featuredmedia":[{"embeddable":true,"href":"https:\/\/www.europesays.com\/no\/wp-json\/wp\/v2\/media\/107467"}],"wp:attachment":[{"href":"https:\/\/www.europesays.com\/no\/wp-json\/wp\/v2\/media?parent=107466"}],"wp:term":[{"taxonomy":"category","embeddable":true,"href":"https:\/\/www.europesays.com\/no\/wp-json\/wp\/v2\/categories?post=107466"},{"taxonomy":"post_tag","embeddable":true,"href":"https:\/\/www.europesays.com\/no\/wp-json\/wp\/v2\/tags?post=107466"}],"curies":[{"name":"wp","href":"https:\/\/api.w.org\/{rel}","templated":true}]}}