{"id":107468,"date":"2025-12-08T13:09:14","date_gmt":"2025-12-08T13:09:14","guid":{"rendered":"https:\/\/www.europesays.com\/no\/107468\/"},"modified":"2025-12-08T13:09:14","modified_gmt":"2025-12-08T13:09:14","slug":"sykkelrittet-tour-of-norway-avlyses-kritiserer-regjeringen","status":"publish","type":"post","link":"https:\/\/www.europesays.com\/no\/107468\/","title":{"rendered":"Sykkelrittet Tour of Norway avlyses \u2013 kritiserer regjeringen"},"content":{"rendered":"<p> <img alt=\" Foto: Paul S. Amundsen \/ NTB\" class=\"_image_qp4xg_65 layout-component layout-wide\" data-fullscreen- data-track-element-type=\"Article image fullscreen\" data-track-name=\"ImageFullscreen\" fetchpriority=\"high\" decoding=\"sync\" loading=\"eager\" height=\"5464\" itemprop=\"image\"  src=\"https:\/\/www.europesays.com\/no\/wp-content\/uploads\/2025\/12\/0a74d641-d52b-44cd-9cf5-2fb4809076fe\"  style=\"object-position:0% 0%\" width=\"8192\"\/> Foto: Paul S. Amundsen \/ NTB<img alt=\"Alexander Kristoff skulle v\u00e6re ambassad\u00f8r.  Foto: Rune Stoltz Bertinussen \/ NTB\" class=\"_image_qp4xg_65 layout-component layout-wide\" data-fullscreen- data-track-element-type=\"Article image fullscreen\" data-track-name=\"ImageFullscreen\" fetchpriority=\"high\" decoding=\"sync\" loading=\"eager\" height=\"3648\" itemprop=\"image\"  src=\"https:\/\/www.europesays.com\/no\/wp-content\/uploads\/2025\/12\/f28f4cb6-c49e-4cc0-b10c-6edcf9ef48c4\"  style=\"object-position:0% 0%\" width=\"5472\"\/>Alexander Kristoff skulle v\u00e6re ambassad\u00f8r.  Foto: Rune Stoltz Bertinussen \/ NTB<\/p>\n<p class=\"_lead_o9xde_2 _lead_xtcu6_50 layout-component text-serif-m layout-normal text-serif-l layout-component layout-wide layout-padded _wide_17hqh_1 layout-padded\">2026-utgaven av sykkelrittet Tour of Norway er avlyst. Arrang\u00f8ren peker p\u00e5 at statsbudsjettet regjeringen fikk flertall for ikke inneholder st\u00f8tte til arrangementet.<\/p>\n<ul aria-hidden=\"true\" class=\"_images_ntbth_112\">\n<li><a class=\"_link_ntbth_117\" href=\"https:\/\/www.vg.no\/forfatter\/ntb\" style=\"z-index:1\" title=\"NTB\" rel=\"nofollow noopener\" target=\"_blank\"><img alt=\"Bilde av NTB\" class=\"_image_ntbth_93\" fetchpriority=\"low\" loading=\"lazy\" decoding=\"async\" itemprop=\"image\"  src=\"https:\/\/www.europesays.com\/no\/wp-content\/uploads\/2025\/12\/1765199354_851_c33980b0-5d07-4027-84a1-813f90a7c8d6\"  width=\"480\"\/><\/a><\/li>\n<\/ul>\n<p> Oppdatert mandag 8. desember kl. 13:56     <\/p>\n<p class=\"_paragraph_o9xde_4 _paragraph_xtcu6_10 layout-component text-serif-m layout-normal text-serif-m layout-padded\"> Avgj\u00f8relsen fremg\u00e5r av en pressemelding mandag.<\/p>\n<p class=\"_paragraph_o9xde_4 _paragraph_xtcu6_10 layout-component text-serif-m layout-normal text-serif-m layout-padded\">\u2013 I 10 \u00e5r har det offentlige og private n\u00e6ringslivet, sammen med frivillige sykkelklubber hatt et spleiselag, som har muliggjort et internasjonalt sykkelritt som har satt Norge p\u00e5 kartet. Det har ogs\u00e5 v\u00e6rt en fantastisk rekrutteringsarena for sykkelsporten, sier daglig leder Roy Hegreberg.<\/p>\n<p class=\"_paragraph_o9xde_4 _paragraph_xtcu6_10 layout-component text-serif-m layout-normal text-serif-m layout-padded\">Etter at det ikke ligger inne penger p\u00e5 statsbudsjettet til rittet lenger, ryker arrangementet. Beskjeden er at det ikke er \u00f8konomisk grunnlag for \u00e5 jobbe videre med 2026-arrangementet.<\/p>\n<p class=\"_paragraph_o9xde_4 _paragraph_xtcu6_10 layout-component text-serif-m layout-normal text-serif-m layout-padded\">Styret i selskapet bak rittet har derfor vedtatt at arbeidet stanses.<\/p>\n<p class=\"_paragraph_o9xde_4 _paragraph_xtcu6_10 layout-component text-serif-m layout-normal text-serif-m layout-padded\">\u2013 Jeg respekterer at stortingsflertallet prioriterer som de gj\u00f8r, men jeg skulle gjerne sett at det hadde v\u00e6rt kontakt i forkant. Dette kom som lyn fra klar himmel, og det har v\u00e6rt liten vilje til dialog med oss, sier Hegreberg.<\/p>\n<p>Regjeringen sa nei<\/p>\n<p class=\"_paragraph_o9xde_4 _paragraph_xtcu6_10 layout-component text-serif-m layout-normal text-serif-m layout-padded\">Pengene til <a href=\"https:\/\/www.vg.no\/tag\/tour-of-norway?utm_source=vg-article&amp;utm_medium=auto-tagger&amp;utm_campaign=y5v8ze\" class=\"_link_o9xde_39\" rel=\"nofollow noopener\" target=\"_blank\">Tour of Norway<\/a> p\u00e5 statsbudsjettet har kommet via en s\u00e6rskilte tilskuddsordning til internasjonale sykkelritt som arrangeres i Norge. Denne er ikke med p\u00e5 budsjettet som n\u00e5 foreligger for 2026.<\/p>\n<p class=\"_paragraph_o9xde_4 _paragraph_xtcu6_10 layout-component text-serif-m layout-normal text-serif-m layout-padded\">Tidligere i h\u00f8st stilte H\u00f8yre-politiker Aleksander Stokkeb\u00f8 et skriftlig sp\u00f8rsm\u00e5l til kultur- og likestillingsminister Lubna Jaffery om begrunnelsen for beslutningen.<\/p>\n<p class=\"_paragraph_o9xde_4 _paragraph_xtcu6_10 layout-component text-serif-m layout-normal text-serif-m layout-padded\">\u00abSiden statsbudsjettet 2016 har det eksistert tilskuddsordning for internasjonale sykkelritt i Norge. Dette inneb\u00e6rer at sykkel har blitt s\u00e6rbehandlet som den eneste idretten med en egen tilskuddsordning finansiert over statsbudsjettet\u00bb, het det i svaret.<\/p>\n<p class=\"_paragraph_o9xde_4 _paragraph_xtcu6_10 layout-component text-serif-m layout-normal text-serif-m layout-padded\">\u00abDet er Kultur- og likestillingsdepartementets vurdering at det er uheldig at det over lang tid opprettholdes en s\u00e6rordning kun for sykkelritt. Idrettsarrangementer i Norge b\u00f8r i st\u00f8rst mulig grad likebehandles. Derfor foresl\u00e5s det \u00e5 avvikle den s\u00e6rskilte tilskuddsordningen for internasjonale sykkelritt i Norge\u00bb, skrev statsr\u00e5den videre.<\/p>\n<p class=\"_paragraph_o9xde_4 _paragraph_xtcu6_10 layout-component text-serif-m layout-normal text-serif-m layout-padded\">Avslutningsvis ble det p\u00e5pekt at tilskuddsordningen ikke har v\u00e6rt begrunnet ut fra hvilke positive ringvirkninger aktuelle sykkelritt eventuelt vil ha for lokalt n\u00e6ringsliv.<\/p>\n<p class=\"_paragraph_o9xde_4 _paragraph_xtcu6_10 layout-component text-serif-m layout-normal text-serif-m layout-padded\">\u00abDet har derfor ikke v\u00e6rt en del av vurderingsgrunnlaget n\u00e5r ordningen foresl\u00e5s avviklet\u00bb, skrev Jaffery.<\/p>\n<p>Kristoff ambassad\u00f8r<\/p>\n<p class=\"_paragraph_o9xde_4 _paragraph_xtcu6_10 layout-component text-serif-m layout-normal text-serif-m layout-padded\">H\u00e5pet om et Tour of Norway i framtiden er imidlertid ikke over.<\/p>\n<p class=\"_paragraph_o9xde_4 _paragraph_xtcu6_10 layout-component text-serif-m layout-normal text-serif-m layout-padded\">\u2013 Vi vil gj\u00f8re alt vi kan for at dette skal bli et midlertidig tilbakeslag, ikke slutten p\u00e5 Tour of Norway, skriver arrang\u00f8ren.<\/p>\n<p class=\"_paragraph_o9xde_4 _paragraph_xtcu6_10 layout-component text-serif-m layout-normal text-serif-m layout-padded\">Alexander Kristoff har flest etappeseirer i rittet med elleve. Han tok ogs\u00e5 like mange da rittet tidligere het Tour des Fjords.<\/p>\n<p class=\"_paragraph_o9xde_4 _paragraph_xtcu6_10 layout-component text-serif-m layout-normal text-serif-m layout-padded\">38-\u00e5ringen, som la opp i h\u00f8st, signerte nylig en ambassad\u00f8ravtale med nettopp Tour of Norway.<\/p>\n<p class=\"_paragraph_o9xde_4 _paragraph_xtcu6_10 layout-component text-serif-m layout-normal text-serif-m layout-padded\">I sin nye rolle skulle han bidra som frontfigur og ambassad\u00f8r for rittet med s\u00e6rlig fokus p\u00e5 \u00e5 skape begeistring nasjonalt og internasjonalt.<\/p>\n","protected":false},"excerpt":{"rendered":"Foto: Paul S. Amundsen \/ NTBAlexander Kristoff skulle v\u00e6re ambassad\u00f8r. Foto: Rune Stoltz Bertinussen \/ NTB 2026-utgaven av&hellip;\n","protected":false},"author":2,"featured_media":107469,"comment_status":"","ping_status":"","sticky":false,"template":"","format":"standard","meta":{"footnotes":""},"categories":[10],"tags":[20,21,24,25,15,22,23,13,30,28,29,14,16,346,373,26,27,11635],"class_list":{"0":"post-107468","1":"post","2":"type-post","3":"status-publish","4":"format-standard","5":"has-post-thumbnail","7":"category-norge","8":"tag-breaking-news","9":"tag-breakingnews","10":"tag-featured-news","11":"tag-featurednews","12":"tag-headlines","13":"tag-latest-news","14":"tag-latestnews","15":"tag-news","16":"tag-no","17":"tag-norge","18":"tag-norway","19":"tag-nyheter","20":"tag-overskrifter","21":"tag-sykkel","22":"tag-sykkelritt","23":"tag-top-stories","24":"tag-topstories","25":"tag-tour-of-norway"},"share_on_mastodon":{"url":"https:\/\/pubeurope.com\/@no\/115684112429302344","error":""},"_links":{"self":[{"href":"https:\/\/www.europesays.com\/no\/wp-json\/wp\/v2\/posts\/107468","targetHints":{"allow":["GET"]}}],"collection":[{"href":"https:\/\/www.europesays.com\/no\/wp-json\/wp\/v2\/posts"}],"about":[{"href":"https:\/\/www.europesays.com\/no\/wp-json\/wp\/v2\/types\/post"}],"author":[{"embeddable":true,"href":"https:\/\/www.europesays.com\/no\/wp-json\/wp\/v2\/users\/2"}],"replies":[{"embeddable":true,"href":"https:\/\/www.europesays.com\/no\/wp-json\/wp\/v2\/comments?post=107468"}],"version-history":[{"count":0,"href":"https:\/\/www.europesays.com\/no\/wp-json\/wp\/v2\/posts\/107468\/revisions"}],"wp:featuredmedia":[{"embeddable":true,"href":"https:\/\/www.europesays.com\/no\/wp-json\/wp\/v2\/media\/107469"}],"wp:attachment":[{"href":"https:\/\/www.europesays.com\/no\/wp-json\/wp\/v2\/media?parent=107468"}],"wp:term":[{"taxonomy":"category","embeddable":true,"href":"https:\/\/www.europesays.com\/no\/wp-json\/wp\/v2\/categories?post=107468"},{"taxonomy":"post_tag","embeddable":true,"href":"https:\/\/www.europesays.com\/no\/wp-json\/wp\/v2\/tags?post=107468"}],"curies":[{"name":"wp","href":"https:\/\/api.w.org\/{rel}","templated":true}]}}