{"id":107472,"date":"2025-12-08T13:19:27","date_gmt":"2025-12-08T13:19:27","guid":{"rendered":"https:\/\/www.europesays.com\/no\/107472\/"},"modified":"2025-12-08T13:19:27","modified_gmt":"2025-12-08T13:19:27","slug":"frankrike-konkurrerer-med-tyskland-om-a-vaere-europas-sjuke-mann","status":"publish","type":"post","link":"https:\/\/www.europesays.com\/no\/107472\/","title":{"rendered":"Frankrike konkurrerer med Tyskland om \u00e5 v\u00e6re \u00abEuropas sjuke mann\u00bb"},"content":{"rendered":"<p>            <img loading=\"lazy\" decoding=\"async\" width=\"696\" height=\"392\" class=\"entry-thumb\" src=\"https:\/\/www.europesays.com\/no\/wp-content\/uploads\/2025\/12\/macron-fakeonomics.jpg\"   alt=\"\" title=\"macron fakeonomics\"\/>Macron klarer ikke \u00e5 f\u00e5 fransk \u00f8konomi p\u00e5 fote, men voldsom militarisering vil han ha. Grok-illustrasjon.<\/p>\n<p>If\u00f8lge den seneste meningsm\u00e5linga fra Verian (publisert 6. desember 2025), mener 11% av franskmenn at Emmanuel Macron gj\u00f8r en god jobb som president. Dette er det laveste niv\u00e5et noensinne registrert for en fransk president i moderne tid. Det sier alt. Frankrike er inne i ei \u00f8konomisk, politisk, sosial og moralsk krise.<\/p>\n<p>I v\u00e5r serie om hva som vil skje i Europa n\u00e5r EU sprekker er vi kommet til La Grande Nation, L\u2019Hexagone eller kort og greit: Frankrike.<\/p>\n<p>Og det er ikke mye gloire. <\/p>\n<p>En oppl\u00f8sning av EU ville treffe Frankrike som en hammer, gitt deres allerede prek\u00e6re situasjon. Frankrike er EUs nest st\u00f8rste \u00f8konomi, men i desember 2025 er <a href=\"https:\/\/www.cnbc.com\/2025\/10\/08\/nerves-jangle-in-europe-as-france-heads-into-another-political-crisis.html\" rel=\"nofollow noopener\" target=\"_blank\">bildet m\u00f8rkt<\/a>: Gjeld p\u00e5 over 115% av BNP, underskudd rundt 5% av BNP, vekst nede p\u00e5 0,7% for \u00e5ret, og tre regjeringer som har falt p\u00e5 ett \u00e5r (Bayrou i september, Barnier tidligere, og n\u00e5 Lecornu etter bare 27 dager).<\/p>\n<p>Sosialt koker det av lav tillit til demokratiet (81% mener det fungerer d\u00e5rlig), <a href=\"https:\/\/ukandeu.ac.uk\/frances-political-crisis-in-perspective\/\" rel=\"nofollow noopener\" target=\"_blank\">raseri mot eliten<\/a> (over 90% sinte), og \u00f8kende polarisering mellom by og land, innvandrere og \u00abopprinnelige franskmenn\u00bb.<\/p>\n<p>Uten EU som buffer (felles marked, euro-stabilitet, subsidier) kunne dette tippe over i fullstendig kollaps eller radikal omveltning.<\/p>\n<p>BBC: <a href=\"https:\/\/www.bbc.com\/news\/articles\/cvg9n6vr2eyo\" rel=\"nofollow noopener\" target=\"_blank\">Why France is at risk of becoming the new sick man of Europe.<\/a><\/p>\n<p>De kortsiktige utsiktene til Frankrike i \u00f8yeblikket ser omtrent s\u00e5nn ut:<\/p>\n<p>Politisk kaos fortsetter \u2013 ny oppl\u00f8sning, flere midlertidige regjeringer, og budsjettkrangler blokkerer reformer. Uten EU-press (som den nye finansregler fra 2024) unng\u00e5r de umiddelbar straff, men markedene straffer hardt: <a href=\"https:\/\/ukandeu.ac.uk\/frances-political-crisis-in-perspective\/\" rel=\"nofollow noopener\" target=\"_blank\">Kredittvurderinger faller videre<\/a> (allerede ned til A+ fra AA), renter stiger til 4\u20135% p\u00e5 statsobligasjoner, og investeringer stagnerer. \u00d8konomien krymper med 0,5\u20131% \u00e5rlig, arbeidsledighet hopper til 10\u201312%, og inflasjon tikker opp til 2\u20133% fra energimangel (uten EU-gassavtaler).<\/p>\n<p>I et Europa etter EU blir Frankrike en \u00abzombie-\u00f8konomi\u00bb, avhengig av bilaterale l\u00e5n fra Tyskland eller Kina. Macron eller en sentrist-arving henger p\u00e5 ved \u00e5 love \u00abeuropeisk solidaritet\u00bb uten \u00e5 levere. Langsiktig: Gradvis avindustrialisering, med flytting av fabrikker til \u00d8st-Europa eller Asia.<\/p>\n<p>Uten EU-st\u00f8tte tipper gjelden over (til 120%+ av BNP innen 2027), renter eksploderer, og en bankkrise utl\u00f8ses \u2013 tenk <a href=\"https:\/\/economy-finance.ec.europa.eu\/economic-surveillance-eu-member-states\/country-pages\/france\/economic-forecast-france_en\" rel=\"nofollow noopener\" target=\"_blank\">Lehman 2.0, men med fransk flair<\/a>.<\/p>\n<p>Her er noen mulige utviklingslinjer:<\/p>\n<p>Regjeringen s\u00f8ker IMF-hjelp (f\u00f8rste gang siden 1950-tallet) eller ECB-intervensjon, med betingelser: Massive kutt i pensjoner\/velferd (som allerede er 30% av budsjettet), privatisering av SNCF og EDF. Sosialt: Gule vester p\u00e5 steroider \u2013 landsdekkende streiker, oppt\u00f8yer i Marseille og Lille.<\/p>\n<p>Politisk: Macron faller, en teknokrat-regjering tar over (som i Italia 2011). \u00d8konomisk: Resesjon p\u00e5 -2\u20133%, masseledighet, og emigrasjon av unge talenter. Langsiktig: Frankrike blir \u00abperiferi\u00bb i en tysk-dominert Europa, med regionalisme som vokser (Korsika, Bretagne krever autonomi).<\/p>\n<p>Frankrike kan falle mellom alle stoler<\/p>\n<p>Donald Trumps nye strategi for USA, som vi har omtalt her (<strong><a href=\"https:\/\/steigan.no\/2025\/12\/usa-hvis-dagens-utvikling-fortsetter-vil-europa-om-tjue-ar-vaere-ugjenkjennelig\/\" rel=\"nofollow noopener\" target=\"_blank\">USA: \u00abHvis dagens utvikling fortsetter, vil Europa om tjue \u00e5r v\u00e6re ugjenkjennelig\u00bb<\/a><\/strong>) setter Frankrike i ei kattepine.<\/p>\n<p>Macron, som allerede har advart om at \u00abEuropa kan d\u00f8\u00bb siden 2024, bruker NSS som bevis p\u00e5 at USA er up\u00e5litelig \u2013 \u00aben mulighet for at USA sviker Ukraina p\u00e5 territorium uten sikkerhetsgarantier\u00bb, som han sa i en <a href=\"https:\/\/thehill.com\/policy\/international\/5634140-european-leaders-trump-ukraine\/\" rel=\"nofollow noopener\" target=\"_blank\">lekket samtale<\/a> med Rutte og Merz 1. desember. Frankrike vil svare p\u00e5 dette med ytterligere militarisering med penger de ikke har, alts\u00e5 drive gjeldskrisa fra ille til verre.<\/p>\n<p>Macron forbereder folket p\u00e5 \u00absacrifices\u00bb gjennom taler om krigstrussel (som i mars 2025), med gjeninnf\u00f8ring av frivillig verneplikt og kutt i velferd for \u00e5 finansiere atomoppgraderinger og FCAS (Future Combat Air System med Tyskland).<\/p>\n<p>Uten koloniene st\u00e5r Frankrike enda svakere<\/p>\n<p>F\u00f8r kunne Frankrike ha svart p\u00e5 ei EU-oppl\u00f8sning med \u00e5 lene seg p\u00e5 koloniene i Afrika, men Afrika kaster dem ut. De er sparket ut av Sahel og nesten fra hele det tidligere Fransk Vest-Afrika. De kan ikke lenger stjele olje, gull og Uran fra Afrika.<\/p>\n<p>FrancAfrique \u2013 den postkoloniale nettet av hemmelige avtaler, r\u00e5dgivere og intervensjoner som har holdt Paris i f\u00f8rersetet siden 1960-tallet, finnes ikke lenger. Frankrike har tapt tilgang til r\u00e5varer som uran (Niger alene dekket 30% av Frankrikes behov) og gull\/malm. Prisene stiger, og Frankrikes gjeld (over 115% BNP) blir tyngre.<\/p>\n<p>Maktpolitisk spagat<\/p>\n<p>Macron vil gjerne spille stor mann, men verden gjennomskuer bl\u00f8ffen. Lik resten av \u00abkoalisjonen av de villige\u00bb truer han med krig mot Russland, men i likhet med Starmer og Merz har han ikke noe \u00e5 stille opp med.<\/p>\n<p>De pr\u00f8ver \u00e5 legge opp en strategi der de b\u00e5de skal v\u00e6re mot USA, Russland og Kina samtidig. Denne strategien er d\u00f8d ved ankomst. Resultatet er at de sitter der uten venner og uten styrke til \u00e5 matche alle sine fiender.<\/p>\n<p>Europa den store taperen<\/p>\n<p><a href=\"https:\/\/usa.news-pravda.com\/img\/20251201\/7acc88d02974647c8c2918125855d803_o.jpg\" rel=\"nofollow noopener\" target=\"_blank\">Wall Street Journal<\/a> oppsummerer det brutalt: EU har \u00abhopelessly lagged\u00bb i \u00f8konomi, forsvar og tech mot de tre store, og blir den st\u00f8rste taperen i den nye geopolitiske orden.<\/p>\n<p>Dette blir en europeisk form for musikalske stoler. N\u00e5r musikken stopper vil alle l\u00f8p for \u00e5 skaffe seg en partner og Frankrike risikerer \u00e5 bli st\u00e5ende uten noen stol \u00e5 sette seg p\u00e5.<\/p>\n<p>Polen har funnet seg en ny styrke og kan g\u00e5 videre med sitt Trimarium. Tyskland kan pr\u00f8ver seg p\u00e5 en ny variant av Hansaforbundet. Storbritannia kan p\u00f8ve \u00e5 ta kontroll over Norge og bevare forholdet til USA. Men Frankrike har ikke noen partner. Italia vil heller ikke ha dem. Italia velger heller USA, Russland og Kina framfor Frankrike. Meloni hater Macron av et godt hjerte og f\u00f8lelsene er gjensidige.<\/p>\n<p>Og dette skal v\u00e6re de store v\u00e5pendragerne for et Ukraina som allerede har tapt krigen p\u00e5 vegne av Vesten. Og Europa vil sitte igjen med regninga, som alle vil pr\u00f8ve \u00e5 l\u00f8pe fra, bortsett fra Norge, som har en poolitikerkaste som ikke kan kvitte seg med det norske arves\u00f8lvet fort nok.<\/p>\n<p>Se ogs\u00e5:<\/p>\n<p>Se ogs\u00e5:<\/p>\n<p><a href=\"https:\/\/steigan.no\/2025\/11\/eu-revner-hva-kommer-etterpa\/?_rt=OXwxfHDDpWwgc3RlaWdhbnwxNzY0ODMwNjY5&amp;_rt_nonce=6f711327fa\" rel=\"nofollow noopener\" target=\"_blank\">EU revner \u2013 hva kommer etterp\u00e5?<\/a><\/p>\n<p><a href=\"https:\/\/steigan.no\/2025\/11\/polen-og-tyrkia-stotter-ukraina-som-repet-stotter-den-hengte\/?_rt=OHwxfHDDpWwgc3RlaWdhbnwxNzY0ODMwNjY5&amp;_rt_nonce=1c65a63317\" rel=\"nofollow noopener\" target=\"_blank\">Polen og Tyrkia st\u00f8tter Ukraina som repet st\u00f8tter den hengte<\/a><\/p>\n<p><a href=\"https:\/\/steigan.no\/2025\/11\/eu-er-det-12-forsoket-pa-a-gjenskape-det-romerske-riket-og-det-gar-skeis-igjen\/?_rt=N3wxfHDDpWwgc3RlaWdhbnwxNzY0ODMwNjY5&amp;_rt_nonce=a83afc8928\" rel=\"nofollow noopener\" target=\"_blank\">EU er det 12. fors\u00f8ket p\u00e5 \u00e5 gjenskape det romerske riket\u00a0<\/a><\/p>\n<p><a href=\"https:\/\/steigan.no\/2025\/11\/hva-med-norden-nar-eu-sprekker\/?_rt=NXwxfHDDpWwgc3RlaWdhbnwxNzY0ODMwNjY5&amp;_rt_nonce=9a93dbcdb3\" rel=\"nofollow noopener\" target=\"_blank\">Hva med Norden n\u00e5r EU sprekker?<\/a><\/p>\n<p><a href=\"https:\/\/steigan.no\/2025\/12\/norge-pinglers-fodeland\/?_rt=NHwxfHDDpWwgc3RlaWdhbnwxNzY0ODMwNjY5&amp;_rt_nonce=c791a0ad5c\" rel=\"nofollow noopener\" target=\"_blank\">Norge, Pinglers F\u00f8deland?<\/a><\/p>\n<p><a href=\"https:\/\/steigan.no\/2025\/12\/hva-gjor-tyskland-nar-eu-kollapser\/?_rt=MnwxfHDDpWwgc3RlaWdhbnwxNzY0ODMwNjY5&amp;_rt_nonce=6e1ca5fa5e\" rel=\"nofollow noopener\" target=\"_blank\">Hva gj\u00f8r Tyskland n\u00e5r EU kollapser?<\/a><\/p>\n<blockquote class=\"twitter-tweet\" data-width=\"550\" data-dnt=\"true\">\n<p lang=\"en\" dir=\"ltr\">\ud83c\uddea\ud83c\uddfa THE EU ISN\u2019T A DEMOCRACY \u2013 IT\u2019S A BUREAUCRATIC COUP IN SLOW MOTION<\/p>\n<p>They tell you to vote.<\/p>\n<p>They give you a shiny ballot for the European Parliament and call it \u201cdemocracy.\u201d But here\u2019s the truth Brussels doesn\u2019t want you to know: your vote doesn\u2019t control anything that\u2026 <a href=\"https:\/\/t.co\/HE8CFAwy12\" rel=\"nofollow\">https:\/\/t.co\/HE8CFAwy12<\/a> <a href=\"https:\/\/t.co\/J55ruArlPm\" rel=\"nofollow\">pic.twitter.com\/J55ruArlPm<\/a><\/p>\n<p>\u2014 Mario Nawfal (@MarioNawfal) <a href=\"https:\/\/twitter.com\/MarioNawfal\/status\/1997724137041580512?ref_src=twsrc%5Etfw\" rel=\"nofollow noopener\" target=\"_blank\">December 7, 2025<\/a><\/p><\/blockquote>\n<p>        <script async src=\"https:\/\/platform.twitter.com\/widgets.js\" charset=\"utf-8\"><\/script><\/p>\n","protected":false},"excerpt":{"rendered":"Macron klarer ikke \u00e5 f\u00e5 fransk \u00f8konomi p\u00e5 fote, men voldsom militarisering vil han ha. Grok-illustrasjon. If\u00f8lge den&hellip;\n","protected":false},"author":2,"featured_media":83237,"comment_status":"","ping_status":"","sticky":false,"template":"","format":"standard","meta":{"footnotes":""},"categories":[12],"tags":[20,21,24,25,15,22,23,13,30,28,29,14,16,26,27,42,43,44,45],"class_list":{"0":"post-107472","1":"post","2":"type-post","3":"status-publish","4":"format-standard","5":"has-post-thumbnail","7":"category-verden","8":"tag-breaking-news","9":"tag-breakingnews","10":"tag-featured-news","11":"tag-featurednews","12":"tag-headlines","13":"tag-latest-news","14":"tag-latestnews","15":"tag-news","16":"tag-no","17":"tag-norge","18":"tag-norway","19":"tag-nyheter","20":"tag-overskrifter","21":"tag-top-stories","22":"tag-topstories","23":"tag-verden","24":"tag-world","25":"tag-world-news","26":"tag-worldnews"},"share_on_mastodon":{"url":"https:\/\/pubeurope.com\/@no\/115684151539233382","error":""},"_links":{"self":[{"href":"https:\/\/www.europesays.com\/no\/wp-json\/wp\/v2\/posts\/107472","targetHints":{"allow":["GET"]}}],"collection":[{"href":"https:\/\/www.europesays.com\/no\/wp-json\/wp\/v2\/posts"}],"about":[{"href":"https:\/\/www.europesays.com\/no\/wp-json\/wp\/v2\/types\/post"}],"author":[{"embeddable":true,"href":"https:\/\/www.europesays.com\/no\/wp-json\/wp\/v2\/users\/2"}],"replies":[{"embeddable":true,"href":"https:\/\/www.europesays.com\/no\/wp-json\/wp\/v2\/comments?post=107472"}],"version-history":[{"count":0,"href":"https:\/\/www.europesays.com\/no\/wp-json\/wp\/v2\/posts\/107472\/revisions"}],"wp:featuredmedia":[{"embeddable":true,"href":"https:\/\/www.europesays.com\/no\/wp-json\/wp\/v2\/media\/83237"}],"wp:attachment":[{"href":"https:\/\/www.europesays.com\/no\/wp-json\/wp\/v2\/media?parent=107472"}],"wp:term":[{"taxonomy":"category","embeddable":true,"href":"https:\/\/www.europesays.com\/no\/wp-json\/wp\/v2\/categories?post=107472"},{"taxonomy":"post_tag","embeddable":true,"href":"https:\/\/www.europesays.com\/no\/wp-json\/wp\/v2\/tags?post=107472"}],"curies":[{"name":"wp","href":"https:\/\/api.w.org\/{rel}","templated":true}]}}