{"id":107474,"date":"2025-12-08T13:22:07","date_gmt":"2025-12-08T13:22:07","guid":{"rendered":"https:\/\/www.europesays.com\/no\/107474\/"},"modified":"2025-12-08T13:22:07","modified_gmt":"2025-12-08T13:22:07","slug":"bergen-universitetet-i-bergen-florida-boikotter-uib-og-bergen-arkitekthogskole","status":"publish","type":"post","link":"https:\/\/www.europesays.com\/no\/107474\/","title":{"rendered":"Bergen, Universitetet i Bergen | Florida boikotter UiB og Bergen Arkitekth\u00f8gskole"},"content":{"rendered":"\n<p>I Florida har delstatsmyndighetene g\u00e5tt ut mot bedrifter, organisasjoner og institusjoner som har markert avstand til eller avsluttet formelle samarbeid med Israel. Florida State Board of Administration (SBA) har utarbeidet listen som er del av politikken til Floridas konservative guvern\u00f8r, republikaneren Ron DeSantis.<\/p>\n<p><a href=\"https:\/\/www.khrono.no\/delstaten-florida-boikotter-fem-norske-universiteter\/1019837\" rel=\"nofollow noopener\" target=\"_blank\">Khrono<\/a> skriver om listen som publiseres hvert kvartal. <\/p>\n<p>Universitetet i Stavanger (UiS), Nord universitet, Universitetet i Bergen (UiB), Bergen Arkitekth\u00f8gskole, Oslo Met og Universitetet i S\u00f8r\u00f8st-Norge er n\u00e5 satt opp p\u00e5 listen fra Florida. I tillegg er ogs\u00e5 Oslo kommune, LO og Storebrand p\u00e5 Floridas boikottliste. Alle er oppf\u00f8rt med 12 m\u00e5neders boikottperiode fra 1. oktober i \u00e5r.<\/p>\n<p>Professor Torkel Brekke ved MF vitenskapelig h\u00f8yskole sier han gleder seg over boikotten av de norske studiestedene. Han skrev i fjor en kronikk i Wall Street Journal, der han oppfordrer til boikott av alle norske virksomheter som Brekke mener driver med antisionisme.<\/p>\n<p>\u2013 Man kan ikke bare sitte i et hj\u00f8rne av verden og boikotte, mener Brekke. Han sier det m\u00e5 bli et st\u00f8rre alvor over det for de som engasjerer seg mot Israel.<\/p>\n<p>Rektor Klaus Mohn ved UiS tror ikke listeoppf\u00f8ring vil f\u00e5 noen spesielle konsekvenser for hans universitetet. Rektor Margareth Hagen ved UiB uttaler at dette er trist, og hun er urolig for den demokratiske utviklingen i USA.<\/p>\n","protected":false},"excerpt":{"rendered":"I Florida har delstatsmyndighetene g\u00e5tt ut mot bedrifter, organisasjoner og institusjoner som har markert avstand til eller avsluttet&hellip;\n","protected":false},"author":2,"featured_media":107475,"comment_status":"","ping_status":"","sticky":false,"template":"","format":"standard","meta":{"footnotes":""},"categories":[5],"tags":[36,444,20,21,24,25,507,15,19,22,23,17,18,13,30,28,29,14,16,1510,26,27,9099],"class_list":{"0":"post-107474","1":"post","2":"type-post","3":"status-publish","4":"format-standard","5":"has-post-thumbnail","7":"category-overskrifter","8":"tag-art","9":"tag-bergen","10":"tag-breaking-news","11":"tag-breakingnews","12":"tag-featured-news","13":"tag-featurednews","14":"tag-florida","15":"tag-headlines","16":"tag-hovedoppslag","17":"tag-latest-news","18":"tag-latestnews","19":"tag-main-news","20":"tag-mainnews","21":"tag-news","22":"tag-no","23":"tag-norge","24":"tag-norway","25":"tag-nyheter","26":"tag-overskrifter","27":"tag-story","28":"tag-top-stories","29":"tag-topstories","30":"tag-universitetet-i-bergen"},"share_on_mastodon":{"url":"https:\/\/pubeurope.com\/@no\/115684163376109258","error":""},"_links":{"self":[{"href":"https:\/\/www.europesays.com\/no\/wp-json\/wp\/v2\/posts\/107474","targetHints":{"allow":["GET"]}}],"collection":[{"href":"https:\/\/www.europesays.com\/no\/wp-json\/wp\/v2\/posts"}],"about":[{"href":"https:\/\/www.europesays.com\/no\/wp-json\/wp\/v2\/types\/post"}],"author":[{"embeddable":true,"href":"https:\/\/www.europesays.com\/no\/wp-json\/wp\/v2\/users\/2"}],"replies":[{"embeddable":true,"href":"https:\/\/www.europesays.com\/no\/wp-json\/wp\/v2\/comments?post=107474"}],"version-history":[{"count":0,"href":"https:\/\/www.europesays.com\/no\/wp-json\/wp\/v2\/posts\/107474\/revisions"}],"wp:featuredmedia":[{"embeddable":true,"href":"https:\/\/www.europesays.com\/no\/wp-json\/wp\/v2\/media\/107475"}],"wp:attachment":[{"href":"https:\/\/www.europesays.com\/no\/wp-json\/wp\/v2\/media?parent=107474"}],"wp:term":[{"taxonomy":"category","embeddable":true,"href":"https:\/\/www.europesays.com\/no\/wp-json\/wp\/v2\/categories?post=107474"},{"taxonomy":"post_tag","embeddable":true,"href":"https:\/\/www.europesays.com\/no\/wp-json\/wp\/v2\/tags?post=107474"}],"curies":[{"name":"wp","href":"https:\/\/api.w.org\/{rel}","templated":true}]}}