{"id":107491,"date":"2025-12-08T13:38:21","date_gmt":"2025-12-08T13:38:21","guid":{"rendered":"https:\/\/www.europesays.com\/no\/107491\/"},"modified":"2025-12-08T13:38:21","modified_gmt":"2025-12-08T13:38:21","slug":"debatt-meninger-la-bragernes-torg-bli-drammens-vm-arena","status":"publish","type":"post","link":"https:\/\/www.europesays.com\/no\/107491\/","title":{"rendered":"Debatt, Meninger | La Bragernes torg bli Drammens VM-arena"},"content":{"rendered":"\n<p><b>Til sommeren skal<\/b> Norge spille VM, og Drammen har muligheten til \u00e5 skape en folkefest som styrker bylivet, stoltheten og fellesskapet v\u00e5rt.<\/p>\n<p><b>Som H\u00f8yre-politiker<\/b> er jeg opptatt av at vi bruker byens ressurser klokt \u2013 og Bragernes torg er den mest naturlige arenaen for \u00e5 samle drammenserne til VM-kamper p\u00e5 storskjerm.<\/p>\n<p><b>Norges kamper spilles<\/b> p\u00e5 f\u00f8lgende tider:<\/p>\n<ul>\n<li>Onsdag 17. juni kl. 00.00 mot Bolivia\/Surinam\/Irak (Boston)<\/li>\n<li>Tirsdag 23. juni kl. 02.00 mot Senegal (New York)<\/li>\n<li>Fredag 26. juni kl. 21.00 mot Frankrike (Boston)<\/li>\n<\/ul>\n<p><b>To av tre<\/b> kamper g\u00e5r midt p\u00e5 natten, og det krever gode, realistiske l\u00f8sninger.<\/p>\n<p>  <a href=\"https:\/\/www.dt.no\/5-57-2710429\" class=\"related-teaser has-image default-story-teaser article--c-eRUmMG article--c-eRUmMG-jKCPdD-design-default\" rel=\"nofollow noopener\" target=\"_blank\"><\/p>\n<p>    <img decoding=\"async\" loading=\"lazy\"  src=\"https:\/\/www.europesays.com\/no\/wp-content\/uploads\/2025\/12\/25+f%C3%B8rpremiere+Armand+med+Renate+reinsve+i+en+hovedrolle-16.jpg\" alt=\"\" class=\"brick-c-cFOWSL\" style=\"\"\/><\/p>\n<p>\n            Les ogs\u00e5<\/p>\n<p>              Vil utvide tilbudet: \u2013 Ikke snakk om fyll og fanteri\n        <\/p>\n<p>  <\/a><\/p>\n<p><b>Bragernes torg ligger<\/b> innenfor sentrumssonen, der skjenking inne og ute er tillatt til kl. 03.00. For kampen som starter ved midnatt er dette uproblematisk. Men kampen mot Senegal starter kl. 02.00 \u2013 og her vil skjenkestopp falle midt i kampen.<\/p>\n<p><b>Da m\u00e5 vi <\/b>v\u00e6re \u00e6rlige om to ting:<\/p>\n<p><b>Det er usikkert <\/b>om kommunen overhodet kan gi midlertidig dispensasjon, fordi rammene for skjenketid i stor grad styres nasjonalt.<\/p>\n<p><b>Hvis kommunen ikke <\/b>kan gi dispensasjon, m\u00e5 vi h\u00e5pe at regjeringen vet sin bes\u00f8kelsestid og \u00e5pner for et unntak under VM, slik at byer som Drammen faktisk kan arrangere dette p\u00e5 en trygg, regulert og ansvarlig m\u00e5te.<\/p>\n<p><b>For alternativet er <\/b>d\u00e5rligere: uorganiserte private samlinger, mindre kontroll og f\u00e6rre trygghetsmekanismer. Et godt organisert arrangement er alltid det tryggeste.<\/p>\n<p>  <a href=\"https:\/\/www.dt.no\/5-57-2405613\" class=\"related-teaser has-image default-story-teaser article--c-eRUmMG article--c-eRUmMG-jKCPdD-design-default\" rel=\"nofollow noopener\" target=\"_blank\"><\/p>\n<p>    <img decoding=\"async\" loading=\"lazy\"  src=\"https:\/\/www.europesays.com\/no\/wp-content\/uploads\/2025\/12\/emilie1.jpg\" alt=\"\" class=\"brick-c-cFOWSL\" style=\"\"\/><\/p>\n<p>\n            Les ogs\u00e5<\/p>\n<p>              \u2013 Rekordstor liberalisering av alkoholpolitikken\n        <\/p>\n<p>  <\/a><\/p>\n<p><b>Jeg vil rette<\/b> en tydelig oppfordring til n\u00e6ringslivet i Drammen:<\/p>\n<p><b>Dette er en<\/b> mulighet som ikke kommer ofte. N\u00e5r store folkemengder trekkes til sentrum, gir det:<\/p>\n<ul>\n<li>\u00d8kt omsetning for serveringssteder, restauranter og butikker<\/li>\n<li>Mulighet for samarbeid om storskjerm og innramming<\/li>\n<li>Nye kundeopplevelser og kreative konsepter<\/li>\n<li>En gyllen sjanse til \u00e5 styrke sentrum som m\u00f8teplass<\/li>\n<\/ul>\n<p><b>Drammen har et <\/b>mangfoldig og fremoverlent n\u00e6ringsliv \u2013 og VM er en perfekt anledning for \u00e5 vise det.<\/p>\n<p><b>Bragernes torg kan<\/b> bli en av landets mest stemningsfulle VM-arenaer \u2013 men da m\u00e5 vi handle n\u00e5.<\/p>\n<p><b>Kommunen m\u00e5 gj\u00f8re<\/b> alt innenfor lovens rammer, og regjeringen m\u00e5 bidra dersom det trengs. N\u00e6ringslivet m\u00e5 v\u00e6re p\u00e5 banen, og vi m\u00e5 spille p\u00e5 lag.<\/p>\n<p><b>Drammen fortjener dette<\/b>. Bragernes torg fortjener dette. Og Norge i VM fortjener en skikkelig folkefest.<\/p>\n<p><b>La oss gj\u00f8re <\/b>dette mulig.<\/p>\n<p>Les flere innlegg fra Fred L\u00f8we: <\/p>\n<p>  <a href=\"https:\/\/www.dt.no\/5-57-2741531\" class=\"related-teaser has-image default-opinion-teaser article--c-eRUmMG article--c-eRUmMG-jKCPdD-design-default\" rel=\"nofollow noopener\" target=\"_blank\"><\/p>\n<p>    <img decoding=\"async\" loading=\"lazy\"  src=\"https:\/\/www.europesays.com\/no\/wp-content\/uploads\/2025\/12\/Fred+L%C3%B8we+p%C3%A5+talerstolen+16+9.jpg\" alt=\"\" class=\"brick-c-cFOWSL\" style=\"\"\/><\/p>\n<p>\n            Les ogs\u00e5<\/p>\n<p>              Drammen som \u00abFriby\u00bb: Et nei n\u00e5 er ikke et nei for alltid\n        <\/p>\n<p>  <\/a><\/p>\n<p>  <a href=\"https:\/\/www.dt.no\/5-57-2733768\" class=\"related-teaser has-image default-opinion-teaser article--c-eRUmMG article--c-eRUmMG-jKCPdD-design-default\" rel=\"nofollow noopener\" target=\"_blank\"><\/p>\n<p>    <img decoding=\"async\" loading=\"lazy\"  src=\"https:\/\/www.europesays.com\/no\/wp-content\/uploads\/2025\/12\/Stripping+2.jpg\" alt=\"\" class=\"brick-c-cFOWSL\" style=\"\"\/><\/p>\n<p>\n            Les ogs\u00e5<\/p>\n<p>              En strippeklubb skal neppe l\u00f8fte dans som kulturform\n        <\/p>\n<p>  <\/a><\/p>\n<p>  <a href=\"https:\/\/www.dt.no\/5-57-2726599\" class=\"related-teaser has-image default-opinion-teaser article--c-eRUmMG article--c-eRUmMG-jKCPdD-design-default\" rel=\"nofollow noopener\" target=\"_blank\"><\/p>\n<p>    <img decoding=\"async\" loading=\"lazy\"  src=\"https:\/\/www.europesays.com\/no\/wp-content\/uploads\/2025\/12\/e3dca8a0-b8ef-4d1a-87da-eecf47301357.jfif\" alt=\"\" class=\"brick-c-cFOWSL\" style=\"\"\/><\/p>\n<p>\n            Les ogs\u00e5<\/p>\n<p>              Utested som tilbyr erotisk dans: Er dette virkelig en berikelse for Drammen?\n        <\/p>\n<p>  <\/a><\/p>\n<p>  <a href=\"https:\/\/www.dt.no\/5-57-2725690\" class=\"related-teaser has-image default-opinion-teaser article--c-eRUmMG article--c-eRUmMG-jKCPdD-design-default\" rel=\"nofollow noopener\" target=\"_blank\"><\/p>\n<p>    <img decoding=\"async\" loading=\"lazy\"  src=\"https:\/\/www.europesays.com\/no\/wp-content\/uploads\/2025\/12\/last+ned+%2848%29.jpg\" alt=\"\" class=\"brick-c-cFOWSL\" style=\"\"\/><\/p>\n<p>\n            Les ogs\u00e5<\/p>\n<p>              Drammen fortjener en avis som heier p\u00e5 kulturen \u2013 ikke bare jakter klikk\n        <\/p>\n<p>  <\/a><\/p>\n<p>  <a href=\"https:\/\/www.dt.no\/5-57-2637115\" class=\"related-teaser has-image default-opinion-teaser article--c-eRUmMG article--c-eRUmMG-jKCPdD-design-default\" rel=\"nofollow noopener\" target=\"_blank\"><\/p>\n<p>    <img decoding=\"async\" loading=\"lazy\"  src=\"https:\/\/www.europesays.com\/no\/wp-content\/uploads\/2025\/12\/5_57_2396842_IMG_0768.jpg\" alt=\"\" class=\"brick-c-cFOWSL\" style=\"\"\/><\/p>\n<p>\n            Les ogs\u00e5<\/p>\n<p>              H\u00f8yre s\u00f8rger for rettferdig st\u00f8tte til alle idrettsanlegg\n        <\/p>\n<p>  <\/a><\/p>\n","protected":false},"excerpt":{"rendered":"Til sommeren skal Norge spille VM, og Drammen har muligheten til \u00e5 skape en folkefest som styrker bylivet,&hellip;\n","protected":false},"author":2,"featured_media":107492,"comment_status":"","ping_status":"","sticky":false,"template":"","format":"standard","meta":{"footnotes":""},"categories":[59],"tags":[36,37,8634,156,30,28,29,1533,83,82],"class_list":{"0":"post-107491","1":"post","2":"type-post","3":"status-publish","4":"format-standard","5":"has-post-thumbnail","7":"category-sport","8":"tag-art","9":"tag-debatt","10":"tag-fotball-vm-2026","11":"tag-meninger","12":"tag-no","13":"tag-norge","14":"tag-norway","15":"tag-opinion","16":"tag-sport","17":"tag-sports"},"share_on_mastodon":{"url":"https:\/\/pubeurope.com\/@no\/115684226730425286","error":""},"_links":{"self":[{"href":"https:\/\/www.europesays.com\/no\/wp-json\/wp\/v2\/posts\/107491","targetHints":{"allow":["GET"]}}],"collection":[{"href":"https:\/\/www.europesays.com\/no\/wp-json\/wp\/v2\/posts"}],"about":[{"href":"https:\/\/www.europesays.com\/no\/wp-json\/wp\/v2\/types\/post"}],"author":[{"embeddable":true,"href":"https:\/\/www.europesays.com\/no\/wp-json\/wp\/v2\/users\/2"}],"replies":[{"embeddable":true,"href":"https:\/\/www.europesays.com\/no\/wp-json\/wp\/v2\/comments?post=107491"}],"version-history":[{"count":0,"href":"https:\/\/www.europesays.com\/no\/wp-json\/wp\/v2\/posts\/107491\/revisions"}],"wp:featuredmedia":[{"embeddable":true,"href":"https:\/\/www.europesays.com\/no\/wp-json\/wp\/v2\/media\/107492"}],"wp:attachment":[{"href":"https:\/\/www.europesays.com\/no\/wp-json\/wp\/v2\/media?parent=107491"}],"wp:term":[{"taxonomy":"category","embeddable":true,"href":"https:\/\/www.europesays.com\/no\/wp-json\/wp\/v2\/categories?post=107491"},{"taxonomy":"post_tag","embeddable":true,"href":"https:\/\/www.europesays.com\/no\/wp-json\/wp\/v2\/tags?post=107491"}],"curies":[{"name":"wp","href":"https:\/\/api.w.org\/{rel}","templated":true}]}}