{"id":107493,"date":"2025-12-08T13:39:10","date_gmt":"2025-12-08T13:39:10","guid":{"rendered":"https:\/\/www.europesays.com\/no\/107493\/"},"modified":"2025-12-08T13:39:10","modified_gmt":"2025-12-08T13:39:10","slug":"affeksjonsverdi-er-nominert-til-golden-globe-2026","status":"publish","type":"post","link":"https:\/\/www.europesays.com\/no\/107493\/","title":{"rendered":"\u00abAffeksjonsverdi\u00bb er nominert til Golden Globe 2026"},"content":{"rendered":"\n<p class=\"_lead_o9xde_2 _lead_xtcu6_50 layout-component text-serif-m layout-normal text-serif-l layout-component layout-wide layout-padded _wide_17hqh_1 layout-padded\">Flere nominasjoner til Joachim Trier og Eskil Vogts filmsuksess.<\/p>\n<p><img alt=\" Foto: Nordisk film Distribusjon\" class=\"_image_qp4xg_65 layout-component layout-wide\" data-fullscreen- data-track-element-type=\"Article image fullscreen\" data-track-name=\"ImageFullscreen\" fetchpriority=\"high\" decoding=\"sync\" loading=\"eager\" height=\"554\" itemprop=\"image\"  src=\"https:\/\/www.europesays.com\/no\/wp-content\/uploads\/2025\/12\/f55a129f-1036-4f6d-9781-f37420ab7d97\"  style=\"object-position:0% 0%\" width=\"1024\"\/> Foto: Nordisk film Distribusjon<\/p>\n<ul aria-hidden=\"true\" class=\"_images_ntbth_112\">\n<li><a class=\"_link_ntbth_117\" href=\"https:\/\/www.vg.no\/forfatter\/hannah-solstad-klepp\" style=\"z-index:2\" title=\"Hannah Solstad Klepp\" rel=\"nofollow noopener\" target=\"_blank\"><img alt=\"Bilde av Hannah Solstad Klepp\" class=\"_image_ntbth_93\" fetchpriority=\"low\" loading=\"lazy\" decoding=\"async\" itemprop=\"image\"  src=\"https:\/\/www.europesays.com\/no\/wp-content\/uploads\/2025\/12\/1765201149_133_f811f9c1-64f7-4c50-9133-b5735831a650\"  width=\"480\"\/><\/a><\/li>\n<li><a class=\"_link_ntbth_117\" href=\"https:\/\/www.vg.no\/forfatter\/vilde-elgaaen\" style=\"z-index:1\" title=\"Vilde Elgaaen\" rel=\"nofollow noopener\" target=\"_blank\"><img alt=\"Bilde av Vilde Elgaaen\" class=\"_image_ntbth_93\" fetchpriority=\"low\" loading=\"lazy\" decoding=\"async\" itemprop=\"image\"  src=\"https:\/\/www.europesays.com\/no\/wp-content\/uploads\/2025\/12\/d7abc11e-e453-4b15-b473-933209ff5fea\"  width=\"480\"\/><\/a><\/li>\n<\/ul>\n<p> Oppdatert mandag 8. desember kl. 14:39     <\/p>\n<p class=\"_paragraph_o9xde_4 _paragraph_xtcu6_10 layout-component text-serif-m layout-normal text-serif-m layout-padded\">I tillegg til \u00e5 v\u00e6re Norges Oscar-h\u00e5p, er Joachim Triers \u00abAffeksjonsverdi\u00bb er det stjernedryss p\u00e5 filmen mandag. N\u00e5 blir nemlig Golden Globe-nominasjonene offentligjort.<\/p>\n<p class=\"_paragraph_o9xde_4 _paragraph_xtcu6_10 layout-component text-serif-m layout-normal text-serif-m layout-padded\">Regiss\u00f8r Joachim Trier er nominert i den gjeve kategorien beste regiss\u00f8r, mens selve filmen f\u00e5r plass i kategoriene beste filmmanus, beste fremmedspr\u00e5kelige film, og beste dramafilm.<\/p>\n<p class=\"_paragraph_o9xde_4 _paragraph_xtcu6_10 layout-component text-serif-m layout-normal layout-padded\"><strong class=\"_strong_o9xde_25\">Les ogs\u00e5:<\/strong> <a href=\"https:\/\/www.vg.no\/i\/QMG3XP\" data-track-element-type=\"Link\" data-track-id=\"link:QMG3XP\" class=\"_link_o9xde_39\" rel=\"nofollow noopener\" target=\"_blank\">Filmanmeldelse \u00abAffeksjonsverdi\u00bb: Verdt \u00e5 elske<\/a><\/p>\n<p class=\"_paragraph_o9xde_4 _paragraph_xtcu6_10 layout-component text-serif-m layout-normal text-serif-m layout-padded\"><strong class=\"_strong_o9xde_25\">Renate Reinsve er nominert i kategorien beste kvinnelige hovedrolle.<\/strong><\/p>\n<p class=\"_paragraph_o9xde_4 _paragraph_xtcu6_10 layout-component text-serif-m layout-normal text-serif-m layout-padded\">Scenepartnere Inga Ibsdotter Lilleaas og Elle Fanning konkurrerer i kategorien beste kvinnelige birolle for \u00abAffeksjonsverdi\u00bb.<\/p>\n<p class=\"_paragraph_o9xde_4 _paragraph_xtcu6_10 layout-component text-serif-m layout-normal text-serif-m layout-padded\"><a href=\"https:\/\/www.vg.no\/tag\/stellan-skarsgaard?utm_source=vg-article&amp;utm_medium=auto-tagger&amp;utm_campaign=k0apd6\" class=\"_link_o9xde_39\" rel=\"nofollow noopener\" target=\"_blank\">Stellan Skarsg\u00e5rd<\/a> har sikret seg nominasjonen i den mannlige kategorien.<\/p>\n<p><img alt=\"Renate Reinsve, Elle Fanning, Inga Ibsdotter Lilleaas og Stellan Skarsg\u00e5rd under premieren i Los Angeles 5. november.  Foto: AMY SUSSMAN \/ AFP \/ NTB\" class=\"_image_qp4xg_65 layout-component layout-normal\" data-fullscreen- data-track-element-type=\"Article image fullscreen\" data-track-name=\"ImageFullscreen\" decoding=\"async\" loading=\"lazy\" height=\"3480\" itemprop=\"image\"  src=\"https:\/\/www.europesays.com\/no\/wp-content\/uploads\/2025\/12\/ca6e60d1-e746-43d4-a2e1-4ef5aad9a412\"  style=\"object-position:0% 0%\" width=\"5221\"\/>Renate Reinsve, Elle Fanning, Inga Ibsdotter Lilleaas og Stellan Skarsg\u00e5rd under premieren i Los Angeles 5. november.  Foto: AMY SUSSMAN \/ AFP \/ NTB<\/p>\n<p class=\"_paragraph_o9xde_4 _paragraph_xtcu6_10 layout-component text-serif-m layout-normal text-serif-m layout-padded\">Golden Globes ble opprinnelig opprettet av The Hollywood Foreign Press Association, foreningen for utenlandske journalister i Hollywood. I 2022 br\u00f8t prisutdelingen ut fra foreningen etter en rekke kontroverser.<\/p>\n<p class=\"_paragraph_o9xde_4 _paragraph_xtcu6_10 layout-component text-serif-m layout-normal text-serif-m layout-padded\">Den 83. Golden Globe-utdelingen skjer s\u00f8ndag 11. januar 2026, der komiker og skuespiller Nikki Glaser skal v\u00e6re programleder.<\/p>\n<p class=\"_paragraph_o9xde_4 _paragraph_xtcu6_10 layout-component text-serif-m layout-normal text-serif-m layout-padded\">P\u00e5\u00a0<a href=\"https:\/\/www.nfi.no\/nyheter\/affeksjonsverdi-droemmer-og-facing-war-er-paa-kortlisten-til-norsk-oscar-nominasjon\" class=\"_link_o9xde_39\" rel=\"nofollow noopener\" target=\"_blank\">NFIs nettside<\/a>\u00a0presenteres \u00abAffeksjonsverdi\u00bb slik:<\/p>\n<p class=\"_paragraph_o9xde_4 _paragraph_xtcu6_10 layout-component text-serif-m layout-normal text-serif-m layout-padded\">\u00abI filmen f\u00f8lger vi skuespilleren Nora (Reinsve) og hennes s\u00f8ster Agnes (Lilleaas) n\u00e5r deres eksentriske og karismatiske far, Gustav (Skarsg\u00e5rd), plutselig dukker opp i livene deres igjen etter langvarig frav\u00e6r. Gustav var engang en kjent filmregiss\u00f8r og tilbyr n\u00e5 Nora hovedrollen i hans nye film, men \u00e5 jobbe med sin far er det siste hun kunne tenke seg.\u00bb<\/p>\n<p class=\"_paragraph_o9xde_4 _paragraph_xtcu6_10 layout-component text-serif-m layout-normal text-serif-m layout-padded\">Filmen er \u00e5rets norske Oscar-kandidat og mottok blant annet Grand Prix-prisen under filmfestivalen i Cannes. Joachim Trier har regi og har utarbeidet manus sammen med Eskil Vogt.<\/p>\n","protected":false},"excerpt":{"rendered":"Flere nominasjoner til Joachim Trier og Eskil Vogts filmsuksess. Foto: Nordisk film Distribusjon Oppdatert mandag 8. desember kl.&hellip;\n","protected":false},"author":2,"featured_media":107494,"comment_status":"","ping_status":"","sticky":false,"template":"","format":"standard","meta":{"footnotes":""},"categories":[58],"tags":[3317,71,3244,30,28,29,3243,3242,72],"class_list":{"0":"post-107493","1":"post","2":"type-post","3":"status-publish","4":"format-standard","5":"has-post-thumbnail","7":"category-underholdning","8":"tag-elle-fanning","9":"tag-entertainment","10":"tag-joachim-trier","11":"tag-no","12":"tag-norge","13":"tag-norway","14":"tag-renate-reinsve","15":"tag-stellan-skarsgard","16":"tag-underholdning"},"share_on_mastodon":{"url":"https:\/\/pubeurope.com\/@no\/115684230064525450","error":""},"_links":{"self":[{"href":"https:\/\/www.europesays.com\/no\/wp-json\/wp\/v2\/posts\/107493","targetHints":{"allow":["GET"]}}],"collection":[{"href":"https:\/\/www.europesays.com\/no\/wp-json\/wp\/v2\/posts"}],"about":[{"href":"https:\/\/www.europesays.com\/no\/wp-json\/wp\/v2\/types\/post"}],"author":[{"embeddable":true,"href":"https:\/\/www.europesays.com\/no\/wp-json\/wp\/v2\/users\/2"}],"replies":[{"embeddable":true,"href":"https:\/\/www.europesays.com\/no\/wp-json\/wp\/v2\/comments?post=107493"}],"version-history":[{"count":0,"href":"https:\/\/www.europesays.com\/no\/wp-json\/wp\/v2\/posts\/107493\/revisions"}],"wp:featuredmedia":[{"embeddable":true,"href":"https:\/\/www.europesays.com\/no\/wp-json\/wp\/v2\/media\/107494"}],"wp:attachment":[{"href":"https:\/\/www.europesays.com\/no\/wp-json\/wp\/v2\/media?parent=107493"}],"wp:term":[{"taxonomy":"category","embeddable":true,"href":"https:\/\/www.europesays.com\/no\/wp-json\/wp\/v2\/categories?post=107493"},{"taxonomy":"post_tag","embeddable":true,"href":"https:\/\/www.europesays.com\/no\/wp-json\/wp\/v2\/tags?post=107493"}],"curies":[{"name":"wp","href":"https:\/\/api.w.org\/{rel}","templated":true}]}}