{"id":107511,"date":"2025-12-08T13:53:18","date_gmt":"2025-12-08T13:53:18","guid":{"rendered":"https:\/\/www.europesays.com\/no\/107511\/"},"modified":"2025-12-08T13:53:18","modified_gmt":"2025-12-08T13:53:18","slug":"tok-viktig-bortesiger-smp-no","status":"publish","type":"post","link":"https:\/\/www.europesays.com\/no\/107511\/","title":{"rendered":"(+) Tok viktig bortesiger &#8211; smp.no"},"content":{"rendered":"<ol>\n<li><a href=\"https:\/\/news.google.com\/rss\/articles\/CBMiZkFVX3lxTE5wR1ZBTXJadHdwSDBzU0pJUmxVTWRBQXh6X0dzTk5aU0VXN3hLajc0SXo3am5WaU5meUc3V1lSUUc3NS1jNlhrcXB5bTFQRzVPZGhmWjhtdnl6SVpCdXJFSm5jZEZnQQ?oc=5\" target=\"_blank\" rel=\"nofollow noopener\">(+) Tok viktig bortesiger<\/a>&nbsp;&nbsp;smp.no<\/li>\n<li><a href=\"https:\/\/news.google.com\/rss\/articles\/CBMickFVX3lxTE9XYTJoaWRidmlOdDBhZ2tkcElTbmlCWDAteDFtZVRmMkUwXzk1N0xiZ3RpaTNTTm9MamRNTHJBeWpRdGVfZGZkYzh3VVpBWFZvTDc3cU80OUxOX1pQNTlXRXZwbkN6a1hHZkhlYTJlRmZqUQ?oc=5\" target=\"_blank\" rel=\"nofollow noopener\">\u00d8yeskader, H\u00e5ndball | Sjelden skade fikk store f\u00f8lger<\/a>&nbsp;&nbsp;Oppland Arbeiderblad<\/li>\n<li><a href=\"https:\/\/news.google.com\/rss\/articles\/CBMihAFBVV95cUxQWHN2eFg4UDhqZUNpbzdzSkNGMzJVR1RyOUpiN2ZmMjBpLXhOeGNhbW1FeUNKUENqRy1iMTZWcDBDY0V0OFVHSm95WkxQQUJZMjY3T2RjMEoyZWZ6QUUwVHI3azJCX1lsSGwzajdrNVNsMkcyQ0Z2M2dvUDJfaUtVekpaNHI?oc=5\" target=\"_blank\" rel=\"nofollow noopener\">To sterke perioder berga poeng for Volda<\/a>&nbsp;&nbsp;Norsk Topph\u00e5ndball<\/li>\n<li><a href=\"https:\/\/news.google.com\/rss\/articles\/CBMid0FVX3lxTE1wUTFGOHRYclhsbi1rOEZDS3NwMTdpSlY2SXR0WkdUZXN6UFJNbUFxV3ZlRFM3VTd1QUlKUWhEcnV0TzFnWHJFbkZQRm9kZWRMM01WNjUyV1lvai1nN1FHdkZkenAxaXV5TkxKU2RNRFdXMWdoWTNn?oc=5\" target=\"_blank\" rel=\"nofollow noopener\">Volda sigra borte: \u2013 Skulle ha vunne meir<\/a>&nbsp;&nbsp;M\u00f8re<\/li>\n<li><a href=\"https:\/\/news.google.com\/rss\/articles\/CBMilgFBVV95cUxPbW1xeDN5Qi11ZWlOX2dSbzRfTkQ0OU11UTA0TWpKUHhSNllIeWhMc05pdXVseEpSc3ZEVlN3ZHpZMzktQm5kcTRIOUcxWVU1MVBTX3FDMnhlcUxBZHZjZ3c0VTF3RzItMXduUk5RNlB4N2ZyTVJlVVZVcHVIVVh1dXRLb1V1LTlNaUoxMWE1VXlvalBSM0E?oc=5\" target=\"_blank\" rel=\"nofollow noopener\">Volda: Klare for kamp n\u00e5r de m\u00f8ter Gj\u00f8vik p\u00e5 bortebane<\/a>&nbsp;&nbsp;Norsk Topph\u00e5ndball<\/li>\n<\/ol>\n","protected":false},"excerpt":{"rendered":"(+) Tok viktig bortesiger&nbsp;&nbsp;smp.no \u00d8yeskader, H\u00e5ndball | Sjelden skade fikk store f\u00f8lger&nbsp;&nbsp;Oppland Arbeiderblad To sterke perioder berga poeng&hellip;\n","protected":false},"author":2,"featured_media":107512,"comment_status":"","ping_status":"","sticky":false,"template":"","format":"standard","meta":{"footnotes":""},"categories":[59],"tags":[3817,13356,30,28,29,83,82,2079],"class_list":{"0":"post-107511","1":"post","2":"type-post","3":"status-publish","4":"format-standard","5":"has-post-thumbnail","7":"category-sport","8":"tag-1-divisjon","9":"tag-hannele-ebba-nilsson","10":"tag-no","11":"tag-norge","12":"tag-norway","13":"tag-sport","14":"tag-sports","15":"tag-volda"},"share_on_mastodon":{"url":"https:\/\/pubeurope.com\/@no\/115684285143433930","error":""},"_links":{"self":[{"href":"https:\/\/www.europesays.com\/no\/wp-json\/wp\/v2\/posts\/107511","targetHints":{"allow":["GET"]}}],"collection":[{"href":"https:\/\/www.europesays.com\/no\/wp-json\/wp\/v2\/posts"}],"about":[{"href":"https:\/\/www.europesays.com\/no\/wp-json\/wp\/v2\/types\/post"}],"author":[{"embeddable":true,"href":"https:\/\/www.europesays.com\/no\/wp-json\/wp\/v2\/users\/2"}],"replies":[{"embeddable":true,"href":"https:\/\/www.europesays.com\/no\/wp-json\/wp\/v2\/comments?post=107511"}],"version-history":[{"count":0,"href":"https:\/\/www.europesays.com\/no\/wp-json\/wp\/v2\/posts\/107511\/revisions"}],"wp:featuredmedia":[{"embeddable":true,"href":"https:\/\/www.europesays.com\/no\/wp-json\/wp\/v2\/media\/107512"}],"wp:attachment":[{"href":"https:\/\/www.europesays.com\/no\/wp-json\/wp\/v2\/media?parent=107511"}],"wp:term":[{"taxonomy":"category","embeddable":true,"href":"https:\/\/www.europesays.com\/no\/wp-json\/wp\/v2\/categories?post=107511"},{"taxonomy":"post_tag","embeddable":true,"href":"https:\/\/www.europesays.com\/no\/wp-json\/wp\/v2\/tags?post=107511"}],"curies":[{"name":"wp","href":"https:\/\/api.w.org\/{rel}","templated":true}]}}