{"id":107513,"date":"2025-12-08T13:54:08","date_gmt":"2025-12-08T13:54:08","guid":{"rendered":"https:\/\/www.europesays.com\/no\/107513\/"},"modified":"2025-12-08T13:54:08","modified_gmt":"2025-12-08T13:54:08","slug":"affeksjonsverdi-far-mange-golden-globe-nominasjoner-nrk-kultur-og-underholdning","status":"publish","type":"post","link":"https:\/\/www.europesays.com\/no\/107513\/","title":{"rendered":"\u00abAffeksjonsverdi\u00bb f\u00e5r mange Golden Globe-nominasjoner \u2013 NRK Kultur og underholdning"},"content":{"rendered":"<p>\u2013 Helt surrealistisk, sier Inga Ibsdotter Lilleaas.<\/p>\n<p>Hun ble nominert til prisen \u00abbeste kvinnelige hovedrolle\u00bb.<\/p>\n<p><strong>For det ble mange nominasjoner til Joachim Trier og Eskil Vogts filmsuksess \u00abAffeksjonsverdi\u00bb.<\/strong><\/p>\n<p>Den amerikanske prisutdelingen for film og TV, Golden Globe annonserte i dag sine nominasjoner. Prisutdelingen er kanskje den gjeveste og st\u00f8rste etter Oscar. Selve utdelingen vil skje i Los Angeles den 11. januar.<\/p>\n<p><strong>Norge kan juble for \u00e5tte norske nominasjoner: <\/strong><\/p>\n<ul>\n<li>Filmen er nominert til \u00abbeste dramafilm\u00bb.<\/li>\n<li>Renate Reinsve er nominert til \u00abbeste kvinnelige hovedrolle\u00bb.<\/li>\n<li>Affeksjonsverdi er nominert til prisen \u00abbeste ikke-engelskspr\u00e5klige film\u00bb.<\/li>\n<li>Stellan Skarsg\u00e5rd er nominert i kategorien \u00abbeste mannlige birolle\u00bb.<\/li>\n<li>Eskil Vogt og Joachim Trier er nominert til \u00abbeste manus\u00bb.<\/li>\n<li>B\u00e5de Elle Fanning og Inga Ibsdotter Lilleaas er nominert i kategorien \u00abbeste kvinnelige birolle\u00bb<\/li>\n<li>Joachim Trier er nominert til \u00abbeste regi\u00bb.<\/li>\n<\/ul>\n<p>\u2013 Det er s\u00e5 g\u00f8y at Affeksjonsverdi fikk \u00e5tte nominasjoner, det er helt fantastisk!, sier Lilleaas.<\/p>\n<p>Flere nominasjoner til Trier-film<\/p>\n<p>\u00abAffeksjonsverdi\u00bb kan allerede glede seg over flere internasjonale nominasjoner og priser.<\/p>\n<p>Nominasjoner og priser til \u00abAffeksjonsverdi\u00bb:<\/p>\n<p><strong>Critics Choice Awards (4.januar 2026 Santa Monica, Los Angeles):<\/strong><\/p>\n<ul>\n<li>Beste film<\/li>\n<li>Beste manus (Joakim Trier og Eskil Vogt)<\/li>\n<li>Beste kvinnelige birolle (b\u00e5de Elle Fanning og Inga Ibsdotter Lilleaas er nominert separat)<\/li>\n<li>Beste mannlige birolle (Stellan Skarsg\u00e5rd)<\/li>\n<\/ul>\n<p><strong>European Film Awards (17. januar 2026 i Berlin):<\/strong><\/p>\n<ul>\n<li>Beste europeiske film<\/li>\n<li>Beste regiss\u00f8r (Joakim Trier)<\/li>\n<li>Beste mannelige skuespiller (Stellan Skarsg\u00e5rd)<\/li>\n<li>Beste kvinnelige skuespiller (Renate Reinsve)<\/li>\n<li>Beste europeiske manus (Joakim Trier og Eskil Vogt)<\/li>\n<\/ul>\n<p>Filmen har ogs\u00e5 f\u00e5tt prisen for beste internasjonale film under Best Independent Film Awards i London.<\/p>\n<p>Skuespiller Stellan Skarsg\u00e5rd har blitt tildelt prisen for beste mannlige birolle av Los Angeles Film Critics Association. Inga Ibsdotter Lillaas har ogs\u00e5 f\u00e5tt pris for beste birolle av National Board of Review og pris under Savannah filmfestival.<\/p>\n<p>\u00abAffeksjonsverdi\u00bb fikk ogs\u00e5 Grand Prix-prisen under Filmfestivalen i Cannes i v\u00e5r.<\/p>\n<p>Filmen som handler om en frav\u00e6rende far som plutselig dukker opp i livene igjen til sine to d\u00f8tre er Norges Oscar-bidrag. Flere store bransjeblader har store h\u00e5p for at \u00abAffeksjonsverdi\u00bb kan f\u00e5 flere <a href=\"https:\/\/deadline.com\/2025\/12\/best-international-film-oscar-field-1236631775\/\" ec-id=\"https:\/\/deadline.com\/2025\/12\/best-international-film-oscar-field-1236631775\/\" ec-name=\"Oscar-nominasjoner\" rel=\"nofollow noopener\" target=\"_blank\">Oscar-nominasjoner<\/a>.<\/p>\n<p>\u00abAffeksjonsverdi\u00bb har allerede f\u00e5tt flere nominasjoner og priser. Det er store h\u00e5p for at filmen kan bli nominert til en Oscar. <\/p>\n<p>Direkt\u00f8r i Norsk filminstitutt, Kjersti Mo, er begeistret over nominasjonene:<\/p>\n<p>\u2013 Golden Globe-nominasjonen til Affeksjonsverdi er en betydningsfull anerkjennelse av Joachim Trier og hele teamets arbeid.<\/p>\n<p><img decoding=\"async\"   src=\"data:image\/gif;base64,R0lGODlhAQABAIAAAAAAAP\/\/\/yH5BAEAAAAALAAAAAABAAEAAAIBRAA7\" loading=\"eager\" alt=\"Direkt\u00f8r i Norsk filminstitutt\" title=\"Foto: FRODE FJERDINGSTAD\"\/><\/p>\n<p class=\"\">Kjersti Mo, direkt\u00f8r i Norsk filminstitutt, er glad for at norsk film f\u00e5r internasjonal oppmerksomhet.<\/p>\n<p>Foto: FRODE FJERDINGSTAD<\/p>\n<p>\u2013 Det er inspirerende \u00e5 se en norsk film f\u00e5 gjennomslag i et s\u00e5 sterkt felt \u2013 og vi gleder oss over at filmen f\u00e5r den internasjonale oppmerksomheten den fortjener, sier hun.<\/p>\n<p>Filmkritiker i Filmpolitiet, Birger Vestmo, gleder seg ogs\u00e5 over Triers nominasjoner.<\/p>\n<p>\u2013 N\u00e5 er Joakim Triers stjerne s\u00e5pass h\u00f8y at han knapt trenger mer drahjelp. Men det er jo \u00e5penbart at en Golden Globes-nominasjon vil gi ham enda st\u00f8rre muligheter. Til \u00e5 f\u00e5 finansiert nye prosjekter og det vil kanskje gj\u00f8re at enda flere store stjerner har lyst til \u00e5 jobbe med ham, s\u00e5nn som Elle Fanning og Stellan Skarsg\u00e5rd gjorde p\u00e5 \u00abAffeksjonsverdi\u00bb.<\/p>\n<p>Oscar-pekepinn<\/p>\n<p>Birger Vestmo i Filmpolitiet forteller at det er knyttet stor prestisje til \u00e5 vinne en Golden Globes.<\/p>\n<p>\u2013 Golden Globes-prisen i seg selv er en viktig filmpris. Men den er enda viktigere som en pekepinn p\u00e5 hvilke filmer som ligger godt an i Oscar-kappl\u00f8pet. Tradisjonelt sett s\u00e5 har jo mange av vinnerne av Golden Globes g\u00e5tt videre og vunnet Oscar, sier han og legger til at det er ingen regel uten unntak.<\/p>\n<p>Publisert<\/p>\n<p>08.12.2025, kl. 14.21<\/p>\n<p>Oppdatert<\/p>\n<p>08.12.2025, kl. 14.51<\/p>\n","protected":false},"excerpt":{"rendered":"\u2013 Helt surrealistisk, sier Inga Ibsdotter Lilleaas. Hun ble nominert til prisen \u00abbeste kvinnelige hovedrolle\u00bb. For det ble&hellip;\n","protected":false},"author":2,"featured_media":107514,"comment_status":"","ping_status":"","sticky":false,"template":"","format":"standard","meta":{"footnotes":""},"categories":[58],"tags":[71,30,28,29,72],"class_list":{"0":"post-107513","1":"post","2":"type-post","3":"status-publish","4":"format-standard","5":"has-post-thumbnail","7":"category-underholdning","8":"tag-entertainment","9":"tag-no","10":"tag-norge","11":"tag-norway","12":"tag-underholdning"},"share_on_mastodon":{"url":"https:\/\/pubeurope.com\/@no\/115684288952794648","error":""},"_links":{"self":[{"href":"https:\/\/www.europesays.com\/no\/wp-json\/wp\/v2\/posts\/107513","targetHints":{"allow":["GET"]}}],"collection":[{"href":"https:\/\/www.europesays.com\/no\/wp-json\/wp\/v2\/posts"}],"about":[{"href":"https:\/\/www.europesays.com\/no\/wp-json\/wp\/v2\/types\/post"}],"author":[{"embeddable":true,"href":"https:\/\/www.europesays.com\/no\/wp-json\/wp\/v2\/users\/2"}],"replies":[{"embeddable":true,"href":"https:\/\/www.europesays.com\/no\/wp-json\/wp\/v2\/comments?post=107513"}],"version-history":[{"count":0,"href":"https:\/\/www.europesays.com\/no\/wp-json\/wp\/v2\/posts\/107513\/revisions"}],"wp:featuredmedia":[{"embeddable":true,"href":"https:\/\/www.europesays.com\/no\/wp-json\/wp\/v2\/media\/107514"}],"wp:attachment":[{"href":"https:\/\/www.europesays.com\/no\/wp-json\/wp\/v2\/media?parent=107513"}],"wp:term":[{"taxonomy":"category","embeddable":true,"href":"https:\/\/www.europesays.com\/no\/wp-json\/wp\/v2\/categories?post=107513"},{"taxonomy":"post_tag","embeddable":true,"href":"https:\/\/www.europesays.com\/no\/wp-json\/wp\/v2\/tags?post=107513"}],"curies":[{"name":"wp","href":"https:\/\/api.w.org\/{rel}","templated":true}]}}