{"id":107515,"date":"2025-12-08T13:58:48","date_gmt":"2025-12-08T13:58:48","guid":{"rendered":"https:\/\/www.europesays.com\/no\/107515\/"},"modified":"2025-12-08T13:58:48","modified_gmt":"2025-12-08T13:58:48","slug":"trafikkulykke-hendelser-syklist-pakjort-i-madlaveien","status":"publish","type":"post","link":"https:\/\/www.europesays.com\/no\/107515\/","title":{"rendered":"Trafikkulykke, Hendelser | Syklist p\u00e5kj\u00f8rt i Madlaveien"},"content":{"rendered":"\n<p>N\u00f8detatene rykket mandag morgen ut til Madlaveien.<\/p>\n<p>En syklist skal v\u00e6re p\u00e5kj\u00f8rt, opplyser operasjonsleder Helen Rygg Ims ved S\u00f8r-Vest politidistrikt klokken 08.02.<\/p>\n<p>Klokken 08.10 er n\u00f8detatene p\u00e5 plass.<\/p>\n<p><b>\u2013 Det er igangsatt f\u00f8rstehjelp p\u00e5 syklisten, opplyste<\/b><b> operasjonsleder.<\/b><\/p>\n<p>If\u00f8lge vitner fl\u00f8y syklisten flere meter i sammenst\u00f8tet. Syklisten var ved bevissthet, if\u00f8lge politiet.<\/p>\n<p><b>Klokken 08.26 opplyser politiet at syklisten er fraktet til SUS.<\/b><\/p>\n<p>Veien var stengt etter ulykken, men klokken 08.17 opplyser Rygg Ims at veien er \u00e5pen i begge retninger.<\/p>\n<p>Klokken 09.05 kommer operasjonslederen med en oppdatering.<\/p>\n<p><b>\u2013 De forel\u00f8pige unders\u00f8kelsene tyder p\u00e5 at syklisten har fors\u00f8kt \u00e5 krysse veien og dermed blitt p\u00e5kj\u00f8rt, skriver Rygg Ims.<\/b><\/p>\n<p>Avh\u00f8r av noen av de involverte partene er gjennomf\u00f8rt.<\/p>\n<p>Sak opprettes.<\/p>\n","protected":false},"excerpt":{"rendered":"N\u00f8detatene rykket mandag morgen ut til Madlaveien. En syklist skal v\u00e6re p\u00e5kj\u00f8rt, opplyser operasjonsleder Helen Rygg Ims ved&hellip;\n","protected":false},"author":2,"featured_media":24416,"comment_status":"","ping_status":"","sticky":false,"template":"","format":"standard","meta":{"footnotes":""},"categories":[12],"tags":[36,20,21,24,25,15,168,22,23,13357,13,30,28,29,14,16,1510,26,27,666,42,43,44,45],"class_list":{"0":"post-107515","1":"post","2":"type-post","3":"status-publish","4":"format-standard","5":"has-post-thumbnail","7":"category-verden","8":"tag-art","9":"tag-breaking-news","10":"tag-breakingnews","11":"tag-featured-news","12":"tag-featurednews","13":"tag-headlines","14":"tag-hendelser","15":"tag-latest-news","16":"tag-latestnews","17":"tag-madlaveien","18":"tag-news","19":"tag-no","20":"tag-norge","21":"tag-norway","22":"tag-nyheter","23":"tag-overskrifter","24":"tag-story","25":"tag-top-stories","26":"tag-topstories","27":"tag-trafikkulykke","28":"tag-verden","29":"tag-world","30":"tag-world-news","31":"tag-worldnews"},"share_on_mastodon":{"url":"https:\/\/pubeurope.com\/@no\/115684308823577157","error":""},"_links":{"self":[{"href":"https:\/\/www.europesays.com\/no\/wp-json\/wp\/v2\/posts\/107515","targetHints":{"allow":["GET"]}}],"collection":[{"href":"https:\/\/www.europesays.com\/no\/wp-json\/wp\/v2\/posts"}],"about":[{"href":"https:\/\/www.europesays.com\/no\/wp-json\/wp\/v2\/types\/post"}],"author":[{"embeddable":true,"href":"https:\/\/www.europesays.com\/no\/wp-json\/wp\/v2\/users\/2"}],"replies":[{"embeddable":true,"href":"https:\/\/www.europesays.com\/no\/wp-json\/wp\/v2\/comments?post=107515"}],"version-history":[{"count":0,"href":"https:\/\/www.europesays.com\/no\/wp-json\/wp\/v2\/posts\/107515\/revisions"}],"wp:featuredmedia":[{"embeddable":true,"href":"https:\/\/www.europesays.com\/no\/wp-json\/wp\/v2\/media\/24416"}],"wp:attachment":[{"href":"https:\/\/www.europesays.com\/no\/wp-json\/wp\/v2\/media?parent=107515"}],"wp:term":[{"taxonomy":"category","embeddable":true,"href":"https:\/\/www.europesays.com\/no\/wp-json\/wp\/v2\/categories?post=107515"},{"taxonomy":"post_tag","embeddable":true,"href":"https:\/\/www.europesays.com\/no\/wp-json\/wp\/v2\/tags?post=107515"}],"curies":[{"name":"wp","href":"https:\/\/api.w.org\/{rel}","templated":true}]}}