{"id":107522,"date":"2025-12-08T14:02:23","date_gmt":"2025-12-08T14:02:23","guid":{"rendered":"https:\/\/www.europesays.com\/no\/107522\/"},"modified":"2025-12-08T14:02:23","modified_gmt":"2025-12-08T14:02:23","slug":"en-20-aring-som-har-satt-spor","status":"publish","type":"post","link":"https:\/\/www.europesays.com\/no\/107522\/","title":{"rendered":"En 20-\u00e5ring som har satt spor"},"content":{"rendered":"<p><strong>I helga sto<\/strong> 213 danseelever fra Kulturskolen, Troms\u00f8 kommune, p\u00e5 hovedscenen p\u00e5 Kulturhuset og danset for tre utsolgte hus. Det var i anledning den tradisjonelle f\u00f8rjulsballetten \u2013 et samarbeid mellom kulturskolen og Arktisk Filharmoni som i \u00e5r markerte 20-\u00e5rsjubileum.<\/p>\n<p><strong>F\u00f8rjulsballetten er en <\/strong>20-\u00e5ring som allerede har utrettet store ting. Noen av danseelevene som var blant de yngste ut\u00f8verne de f\u00f8rste \u00e5rene, er n\u00e5 dansel\u00e6rere som f\u00f8lger dagens elever p\u00e5 denne magiske reisen. Noen har danset seg fra sm\u00e5 roller til hovedroller i l\u00f8pet av \u00e5rene, mens andre n\u00e5 sitter i salen og ser egne barn oppleve gleden av \u00e5 st\u00e5 p\u00e5 scenen de ogs\u00e5 sto p\u00e5 som barn og ungdom. Ikke minst har f\u00f8rjulsballetten i 20 \u00e5r varmet hjertet til b\u00e5de dansere, musikere, l\u00e6rere og foreldre som jobber i kulissene og alle som sitter i salen, og gitt oss ekte julestemning.<\/p>\n<p><a href=\"https:\/\/www.itromso.no\/kultur\/i\/7plKAV\/sniktitt-fra-generalproeven-se-bildene-fra-noetteknekkeren\" rel=\"nofollow noopener\" target=\"_blank\"> <img decoding=\"async\" src=\"data:image\/gif;base64,R0lGODlhEAAJAIAAAP\/\/\/wAAACH5BAEAAAAALAAAAAAQAAkAAAIKhI+py+0Po5yUFQA7\" alt=\"\"\/>   Sniktitt fra generalpr\u00f8ven: Se bildene fra N\u00f8tteknekkeren  <\/a> <\/p>\n<p><strong>I Bod\u00f8 har <\/strong>Arktisk Filharmoni i flere \u00e5r hatt lignende samarbeid med Pias Ballettskole, som hvert \u00e5r har elever i aksjon p\u00e5 f\u00f8rjulsballettene. F\u00f8rjulsballettene er eksempler p\u00e5 samarbeid vi har med barn og unge, og akkurat slike samarbeid er blant det viktigste og kj\u00e6reste vi gj\u00f8r som orkester.<\/p>\n<p><strong>I Troms\u00f8 har<\/strong> vi ogs\u00e5 UngSy, hvor framtidens orkestermusikere spiller side om side med profesjonelle p\u00e5 Nordlysfestivalen. Vi har sett effekten av \u00e5 la de unge oppleve gleden ved samspill og publikumsm\u00f8ter innenfor profesjonelle rammer \u2013 det inspirerer, det motiverer, og det gleder b\u00e5de de unge, de etablerte og publikum.<\/p>\n<p><strong>I Arktisk Filharmoni <\/strong>er vi stolte og takknemlige for \u00e5 f\u00e5 ta del i barn og unges glede ved kunsten, og vi ser fram til mange \u00e5r med flere flotte konserter og forestillinger.<\/p>\n<p><strong>Vi \u00f8nsker b\u00e5de <\/strong>elever og l\u00e6rere ved Troms\u00f8 kulturskolen til lykke med 20-\u00e5rsjubileet, og sender samtidig en stor julehilsen til alle v\u00e5re sm\u00e5 og store samarbeidspartnere der ute.<\/p>\n<p><strong>God jul!<\/strong><\/p>\n<p><img decoding=\"async\" src=\"data:image\/gif;base64,R0lGODlhEAAJAIAAAP\/\/\/wAAACH5BAEAAAAALAAAAAAQAAkAAAIKhI+py+0Po5yUFQA7\" alt=\"\"\/><br \/>\n  Arktisk Filharmoni spiller under oppsetningen av N\u00f8tteknekkeren, desember 2025.<br \/>\n  <strong>Foto:<\/strong> Stig Br\u00f8ndbo<\/p>\n","protected":false},"excerpt":{"rendered":"I helga sto 213 danseelever fra Kulturskolen, Troms\u00f8 kommune, p\u00e5 hovedscenen p\u00e5 Kulturhuset og danset for tre utsolgte&hellip;\n","protected":false},"author":2,"featured_media":107523,"comment_status":"","ping_status":"","sticky":false,"template":"","format":"standard","meta":{"footnotes":""},"categories":[58],"tags":[5357,71,13358,30,28,29,1424,72],"class_list":{"0":"post-107522","1":"post","2":"type-post","3":"status-publish","4":"format-standard","5":"has-post-thumbnail","7":"category-underholdning","8":"tag-arktisk-filharmoni","9":"tag-entertainment","10":"tag-kulturskole","11":"tag-no","12":"tag-norge","13":"tag-norway","14":"tag-tromso-kommune","15":"tag-underholdning"},"share_on_mastodon":{"url":"https:\/\/pubeurope.com\/@no\/115684320420836487","error":""},"_links":{"self":[{"href":"https:\/\/www.europesays.com\/no\/wp-json\/wp\/v2\/posts\/107522","targetHints":{"allow":["GET"]}}],"collection":[{"href":"https:\/\/www.europesays.com\/no\/wp-json\/wp\/v2\/posts"}],"about":[{"href":"https:\/\/www.europesays.com\/no\/wp-json\/wp\/v2\/types\/post"}],"author":[{"embeddable":true,"href":"https:\/\/www.europesays.com\/no\/wp-json\/wp\/v2\/users\/2"}],"replies":[{"embeddable":true,"href":"https:\/\/www.europesays.com\/no\/wp-json\/wp\/v2\/comments?post=107522"}],"version-history":[{"count":0,"href":"https:\/\/www.europesays.com\/no\/wp-json\/wp\/v2\/posts\/107522\/revisions"}],"wp:featuredmedia":[{"embeddable":true,"href":"https:\/\/www.europesays.com\/no\/wp-json\/wp\/v2\/media\/107523"}],"wp:attachment":[{"href":"https:\/\/www.europesays.com\/no\/wp-json\/wp\/v2\/media?parent=107522"}],"wp:term":[{"taxonomy":"category","embeddable":true,"href":"https:\/\/www.europesays.com\/no\/wp-json\/wp\/v2\/categories?post=107522"},{"taxonomy":"post_tag","embeddable":true,"href":"https:\/\/www.europesays.com\/no\/wp-json\/wp\/v2\/tags?post=107522"}],"curies":[{"name":"wp","href":"https:\/\/api.w.org\/{rel}","templated":true}]}}