{"id":107524,"date":"2025-12-08T14:06:09","date_gmt":"2025-12-08T14:06:09","guid":{"rendered":"https:\/\/www.europesays.com\/no\/107524\/"},"modified":"2025-12-08T14:06:09","modified_gmt":"2025-12-08T14:06:09","slug":"ukrainske-kvinner-stormer-til-droneenhetene","status":"publish","type":"post","link":"https:\/\/www.europesays.com\/no\/107524\/","title":{"rendered":"Ukrainske kvinner stormer til droneenhetene"},"content":{"rendered":"<p class=\"txt-ind\">Da Russland begynte sin fullskalainvasjon av Ukraina for nesten fire \u00e5r siden, s\u00e5 ikke 26 \u00e5r gamle Monka for seg at hun kunne ta p\u00e5 seg en kamprolle. I l\u00f8pet av krigen har imidlertid teknologien endret slagmarken fullstendig og \u00e5pnet nye spor.<\/p>\n<p class=\"txt-ind\">I fjor forlot hun en stilling som restaurantsjef i utlandet og vendte hjem til Ukraina. Der vervet hun seg som dronepilot.<\/p>\n<p class=\"txt-ind\">Monka er en del av en st\u00f8rre trend der ukrainske kvinner verver seg til kamproller i en stor skala \u2013 mye fordi de n\u00e5 kan sl\u00e5ss mot fienden tilsynelatende uten \u00e5 utsette seg for fare, blant annet gjennom droneflyging.<\/p>\n<p class=\"txt-ind\">Monka og andre kvinnelige dronepiloter identifiserer seg kun ved kallesignal, i tr\u00e5d med ukrainsk milit\u00e6r praksis.<\/p>\n<p>Nerv\u00f8s<\/p>\n<p class=\"txt-ind\">Mer enn 70.000 kvinner har tjenestegjort i det ukrainske milit\u00e6ret i 2025, en \u00f8kning p\u00e5 20 prosent siden 2022. If\u00f8lge det ukrainske forsvarsdepartementet er over 5500 av disse ved frontlinjen.<\/p>\n<p class=\"txt-ind\">Mange ukrainere ser p\u00e5 h\u00e6ren som en av f\u00e5 reelle sikkerhetsgarantier har mot Russland, selv om det er en risiko for at fredsforhandlinger kan sette et tak p\u00e5 st\u00f8rrelsen til milit\u00e6ret.<\/p>\n<p><img decoding=\"async\" width=\"860\" class=\" md:max-w-body-wide cursor-pointer\" src=\"https:\/\/www.europesays.com\/no\/wp-content\/uploads\/2025\/12\/NTB_e4hlEGW9_3s.jpg\"  alt=\"\u00abMonka\u00bb setter sammen en drone under en framvisning for nyhetsbyr\u00e5et AP. Foto: \u00a0Julia Demaree Nikhinson\/AP Photo\/NTB\" loading=\"lazy\"\/>\u00abMonka\u00bb setter sammen en drone under en framvisning for nyhetsbyr\u00e5et AP. Foto: \u00a0Julia Demaree Nikhinson\/AP Photo\/NTB <\/p>\n<p class=\"txt-ind\">27 \u00e5r gamle Imla sluttet som ishockeyspiller for \u00e5 verve seg og tjenestegjorde f\u00f8rst som sanitetssoldat. Det innebar imidlertid at hun m\u00e5tte l\u00e6re seg \u00e5 fly droner, og etter hvert ble det heltidsjobben. Hun begynte f\u00f8rst med sm\u00e5 rekognoseringsdroner, og under f\u00f8rste oppdrag var Imla s\u00e5 nerv\u00f8s at hendene hennes ristet mens hun holdt i kontrolleren.<\/p>\n<p class=\"txt-ind\">\u2013 For \u00e5 v\u00e6re \u00e6rlig hadde jeg lyst til \u00e5 gr\u00e5te. Men etter hvert bygger man opp erfaring og f\u00e5r selvtillit, sier hun.<\/p>\n<p class=\"txt-ind\">Etter hvert gikk hun videre til droner med bomber og ammunisjon.<\/p>\n<p>M\u00f8tte motstand<\/p>\n<p class=\"txt-ind\">Mange enheter driver n\u00e5 aktive rekrutteringskampanjer rettet mot kvinner. Men den ukrainske h\u00e6ren er til syvende og sist en sv\u00e6rt konservativ institusjon. I noen enheter er det fortsatt sv\u00e6rt vanskelig for kvinner.<\/p>\n<p class=\"txt-ind\">Det fikk 27 \u00e5r gamle Jaha smertelig erfare. Hun begynte i milit\u00e6ret i 2023 som kontorarbeider, men etter tre m\u00e5neder ba hun om \u00e5 f\u00e5 g\u00e5 p\u00e5 dronekurs. Befalet hennes foreslo til svar at hun kunne ta over kokkejobben.<\/p>\n<p><a class=\"group clear-both w-full !no-underline my-8 sm:my-12 bg-stone-50 dark:bg-brandStone-700 dark:text-brandNeutral-100 flex items-stretch flex-nowrap\" href=\"https:\/\/www.tu.no\/artikler\/romfarts-europa-samler-seg-om-kiruna\/562734\" rel=\"nofollow noopener\" target=\"_blank\"><img decoding=\"async\" class=\" object-cover h-full w-full transition-transform duration-700 ease-in-out group-hover:scale-[1.05] will-change-transform\" src=\"https:\/\/www.europesays.com\/no\/wp-content\/uploads\/2025\/12\/Jammetest%20p%C3%A5%20Bleik%20p%C3%A5%20And%C3%B8ya.jpg\"  alt=\"Esrange Space Center i \u00f8demarken utenfor Kiruna i Nord-Sverige kan bli helt sentral som oppskytningssted for europeisk romfart.\" loading=\"lazy\"\/><\/p>\n<p>Les ogs\u00e5:<\/p>\n<p class=\"group-hover:underline text-brandNeutral-900 dark:text-brandNeutral-100 mt-2 text-base sm:text-xl leading-5 sm:leading-6 font-bold\">And\u00f8ya p\u00e5 kartet:  Europa skal frigj\u00f8re seg fra USA<\/p>\n<p><\/a><\/p>\n<p class=\"txt-ind\">\u2013 Det var ubehagelig for meg, fordi jeg ikke forventet slike ubehagelige forhold, sier Yaha.<\/p>\n<p class=\"txt-ind\">Men hun lot seg ikke stanse. Mens hun jobbet i messa leste hun dronemanualer, og p\u00e5 fritiden \u00f8vde hun i simulatorer med en kontroller hun hadde kj\u00f8pt selv. Til slutt begynte hun som dronepilot.<\/p>\n<p>Rosa og m\u00f8rkebl\u00e5tt h\u00e5r<\/p>\n<p class=\"txt-ind\">\u2013 Krig er ikke kult eller glamor\u00f8st. Det er smerte, lidelse, tap. Man bare gj\u00f8r det fordi man vil endre situasjonen, sier Jaha.<\/p>\n<p class=\"txt-ind\">20 \u00e5r gamle Tsjibi m\u00f8tte ogs\u00e5 p\u00e5 motstand da hun skulle begynne som dronetekniker. Medsoldater mente hun ikke kunne ha de samme tekniske ferdighetene som kvinne. En av de mannlige kollegene hennes ga henne imidlertid st\u00f8tte og hjalp henne p\u00e5 veien.<\/p>\n<p class=\"txt-ind\">\u2013 Det m\u00e5 v\u00e6re flere kvinner i h\u00e6ren. Dess flere kvinner som kommer, jo bedre blir holdningen til dem, sier Tsjibi, med rosa og m\u00f8rkebl\u00e5tt h\u00e5r. Hun tilbringer dagene i en kjeller i \u00d8st-Ukraina, der hun forbereder dronene til strid.<\/p>\n<p><img decoding=\"async\" width=\"860\" class=\" md:max-w-body-wide cursor-pointer\" src=\"https:\/\/www.europesays.com\/no\/wp-content\/uploads\/2025\/12\/NTB_6a41ewPAC2k.jpg\"  alt=\"Tsjibi er dronetekniker, hun finner det mer spennende enn \u00e5 fly dem selv. Foto: \u00a0Julia Demaree Nikhinson \/ AP \/ NTB\" loading=\"lazy\"\/>Tsjibi er dronetekniker, hun finner det mer spennende enn \u00e5 fly dem selv. Foto: \u00a0Julia Demaree Nikhinson \/ AP \/ NTB \u2013 En del av den nye h\u00e6ren<\/p>\n<p class=\"txt-ind\">Talskvinnen Olha Melosjyna for Ukrainas dronestyrker sier det ikke stemmer at dronepilot er en mindre farlig jobb. Russiske styrker jager dronepilotene aktivt, fordi ubemannede v\u00e5pen har blitt en sentral del av krigen i Ukraina. Melosjyna sier 4,2 prosent av dronestyrkene er kvinner, noe hun anser som en stor andel ettersom kvinner verver seg frivillig.<\/p>\n<p class=\"txt-ind\">\u2013 Vi er en del av den nye ukrainske h\u00e6ren som ble dannet under og etter invasjonen. S\u00e5 n\u00e5r det gjelder aksept for kj\u00f8nn, har ikke vi i dronestyrkene noen gang hatt noen splittelse. Det som spiller en rolle for oss, er vilje og motivasjon, sier hun.<\/p>\n<p><a class=\"group clear-both w-full !no-underline my-8 sm:my-12 bg-stone-50 dark:bg-brandStone-700 dark:text-brandNeutral-100 flex items-stretch flex-nowrap\" href=\"https:\/\/www.tu.no\/artikler\/fra-i-dag-kan-du-velge-norgespris\/562648\" rel=\"nofollow noopener\" target=\"_blank\"><img decoding=\"async\" class=\" object-cover h-full w-full transition-transform duration-700 ease-in-out group-hover:scale-[1.05] will-change-transform\" src=\"https:\/\/www.europesays.com\/no\/wp-content\/uploads\/2025\/12\/NTB_c__zVnaErxo.jpg\"  alt=\"Energiminister Terje Aasland bes\u00f8ker Elhub i Oslo onsdag i forbindelse med lanseringen av fastpris p\u00e5 str\u00f8m, s\u00e5kalt norgespris.\" loading=\"lazy\"\/><\/p>\n<p>Les ogs\u00e5:<\/p>\n<p class=\"group-hover:underline text-brandNeutral-900 dark:text-brandNeutral-100 mt-2 text-base sm:text-xl leading-5 sm:leading-6 font-bold\">334.000 bestilte norgespris f\u00f8rste dagen<\/p>\n<p><\/a><\/p>\n","protected":false},"excerpt":{"rendered":"Da Russland begynte sin fullskalainvasjon av Ukraina for nesten fire \u00e5r siden, s\u00e5 ikke 26 \u00e5r gamle Monka&hellip;\n","protected":false},"author":2,"featured_media":107525,"comment_status":"","ping_status":"","sticky":false,"template":"","format":"standard","meta":{"footnotes":""},"categories":[12],"tags":[20,21,1014,24,25,226,15,179,22,23,13,30,28,29,14,16,26,27,42,43,44,45],"class_list":{"0":"post-107524","1":"post","2":"type-post","3":"status-publish","4":"format-standard","5":"has-post-thumbnail","7":"category-verden","8":"tag-breaking-news","9":"tag-breakingnews","10":"tag-droner","11":"tag-featured-news","12":"tag-featurednews","13":"tag-forsvar","14":"tag-headlines","15":"tag-krigen-i-ukraina","16":"tag-latest-news","17":"tag-latestnews","18":"tag-news","19":"tag-no","20":"tag-norge","21":"tag-norway","22":"tag-nyheter","23":"tag-overskrifter","24":"tag-top-stories","25":"tag-topstories","26":"tag-verden","27":"tag-world","28":"tag-world-news","29":"tag-worldnews"},"share_on_mastodon":{"url":"https:\/\/pubeurope.com\/@no\/115684336614419355","error":""},"_links":{"self":[{"href":"https:\/\/www.europesays.com\/no\/wp-json\/wp\/v2\/posts\/107524","targetHints":{"allow":["GET"]}}],"collection":[{"href":"https:\/\/www.europesays.com\/no\/wp-json\/wp\/v2\/posts"}],"about":[{"href":"https:\/\/www.europesays.com\/no\/wp-json\/wp\/v2\/types\/post"}],"author":[{"embeddable":true,"href":"https:\/\/www.europesays.com\/no\/wp-json\/wp\/v2\/users\/2"}],"replies":[{"embeddable":true,"href":"https:\/\/www.europesays.com\/no\/wp-json\/wp\/v2\/comments?post=107524"}],"version-history":[{"count":0,"href":"https:\/\/www.europesays.com\/no\/wp-json\/wp\/v2\/posts\/107524\/revisions"}],"wp:featuredmedia":[{"embeddable":true,"href":"https:\/\/www.europesays.com\/no\/wp-json\/wp\/v2\/media\/107525"}],"wp:attachment":[{"href":"https:\/\/www.europesays.com\/no\/wp-json\/wp\/v2\/media?parent=107524"}],"wp:term":[{"taxonomy":"category","embeddable":true,"href":"https:\/\/www.europesays.com\/no\/wp-json\/wp\/v2\/categories?post=107524"},{"taxonomy":"post_tag","embeddable":true,"href":"https:\/\/www.europesays.com\/no\/wp-json\/wp\/v2\/tags?post=107524"}],"curies":[{"name":"wp","href":"https:\/\/api.w.org\/{rel}","templated":true}]}}