{"id":107530,"date":"2025-12-08T14:16:27","date_gmt":"2025-12-08T14:16:27","guid":{"rendered":"https:\/\/www.europesays.com\/no\/107530\/"},"modified":"2025-12-08T14:16:27","modified_gmt":"2025-12-08T14:16:27","slug":"finansgiganter-slar-alarm-advarer-om-at-brussel-setter-euroen-i-fare","status":"publish","type":"post","link":"https:\/\/www.europesays.com\/no\/107530\/","title":{"rendered":"Finansgiganter sl\u00e5r alarm \u2013 advarer om at Brussel setter euroen i fare"},"content":{"rendered":"<p><strong>EU-kommisjonens omstridte plan om \u00e5 bruke frosne russiske statlige midler som sikkerhet for l\u00e5n til Ukraina skaper \u00f8kende uro om hvilke langsiktige konsekvenser dette kan f\u00e5 for euroen.<\/strong><\/p>\n<p>If\u00f8lge <a href=\"https:\/\/www.ft.com\/content\/0642cfc4-b24b-484c-9e63-6eec61daec6f\" rel=\"nofollow noopener\" target=\"_blank\">Financial Times<\/a> inneb\u00e6rer forslaget at Brussel vil ta opp l\u00e5n p\u00e5 opptil 210 milliarder euro gjennom det belgiske oppgj\u00f8rsselskapet Euroclear og l\u00e5ne dem videre til Kyiv rentefritt \u2013 med de frosne russiske eiendelene som garantist. Modellen regnes formelt ikke som en konfiskering, ettersom Russland fortsatt har et krav p\u00e5 verdiene. Likevel har s\u00e6rlig Belgia og flere juridiske eksperter uttrykt skepsis til at ordningen kan presses innenfor folkeretten.<\/p>\n<p>Avisen skriver at flere investeringsforvaltere frykter at tiltaket kan skade tilliten til euroens stilling som global trygg havn. Euroen utgjorde i fjor 20 prosent av verdens sentralbankreserver, men Financial Times viser til markedsakt\u00f8rer som advarer om at politisk risiko kan \u00f8ke dersom EU aktivt bruker sanksjonerte midler. Harvard-professor Kenneth Rogoff sier at \u00abdet er en risiko for euroens trygge status\u00bb n\u00e5r eiendeler kobles til geopolitisk press, samtidig som ogs\u00e5 faren for fremtidig russisk aggresjon svekker valutaens utsikter.<\/p>\n<p>Ogs\u00e5 Den europeiske sentralbanken er tydelig skeptisk, skriver avisen. ECB avviste tidlig \u00e5 fungere som \u00abl\u00e5ngiver i siste instans\u00bb til Euroclear, noe banken mente ville v\u00e6re ulovlig monet\u00e6r finansiering. Selv etter endringer i forslaget mener ECB-president Christine Lagarde at planen \u00abstrekker grensene for internasjonal rett\u00bb og potensielt kan skade Europas omd\u00f8mme. \u00d8konomer advarer i avisen om at dersom EU oppfattes som mindre forutsigbar i sp\u00f8rsm\u00e5l om eiendomsrett og regelverk, kan store investorer i Asia og Gulf-statene flytte kapitalen sin \u2013 med svekket eurokurs som mulig resultat.<\/p>\n<p>Financial Times skriver at Tysklands kansler Friedrich Merz n\u00e5 er blant de sterkeste p\u00e5driverne for ordningen, etter at EU-land har forsikret globale investorer om at dette ikke representerer en ny politisering av euroen. Samtidig anerkjenner europeiske ledere at medlemslandenes budsjetter er under press, og at det ikke finnes realistiske alternativer for \u00e5 sikre Ukrainas finansielle overlevelse de neste \u00e5rene.<\/p>\n<p>\u2013\u00a0Pengene m\u00e5 til Ukraina. De m\u00e5 hjelpe Ukraina, sa Merz denne uken.<\/p>\n<p>Til slutt kommer ny uro fra Tyskland, der misn\u00f8yen med Merz-regjeringen vokser kraftig. If\u00f8lge en ny m\u00e5ling utf\u00f8rt av Insa for avisen <a href=\"https:\/\/www.bild.de\/politik\/umfrage-schock-deutsche-mit-der-merz-regierung-unzufrieden-wie-nie-6933e08f11f914c89b854a64\" rel=\"nofollow noopener\" target=\"_blank\">Bild<\/a>, sier rundt 70 prosent av tyskerne at de er misforn\u00f8yde med regjeringens arbeid, den laveste oppslutningen siden maktovertakelsen i mai. Bare 21 prosent uttrykker tilfredshet. Ogs\u00e5 forbundskansler Friedrich Merz f\u00e5r hard medfart: 68 prosent er misforn\u00f8yd med innsatsen hans, mens 23 prosent st\u00f8tter ham.<\/p>\n","protected":false},"excerpt":{"rendered":"EU-kommisjonens omstridte plan om \u00e5 bruke frosne russiske statlige midler som sikkerhet for l\u00e5n til Ukraina skaper \u00f8kende&hellip;\n","protected":false},"author":2,"featured_media":107531,"comment_status":"","ping_status":"","sticky":false,"template":"","format":"standard","meta":{"footnotes":""},"categories":[12],"tags":[20,21,13359,24,25,176,15,179,22,23,13,30,28,29,14,16,188,26,27,42,43,44,45],"class_list":{"0":"post-107530","1":"post","2":"type-post","3":"status-publish","4":"format-standard","5":"has-post-thumbnail","7":"category-verden","8":"tag-breaking-news","9":"tag-breakingnews","10":"tag-euro","11":"tag-featured-news","12":"tag-featurednews","13":"tag-friedrich-merz","14":"tag-headlines","15":"tag-krigen-i-ukraina","16":"tag-latest-news","17":"tag-latestnews","18":"tag-news","19":"tag-no","20":"tag-norge","21":"tag-norway","22":"tag-nyheter","23":"tag-overskrifter","24":"tag-russland","25":"tag-top-stories","26":"tag-topstories","27":"tag-verden","28":"tag-world","29":"tag-world-news","30":"tag-worldnews"},"share_on_mastodon":{"url":"https:\/\/pubeurope.com\/@no\/115684375481398016","error":""},"_links":{"self":[{"href":"https:\/\/www.europesays.com\/no\/wp-json\/wp\/v2\/posts\/107530","targetHints":{"allow":["GET"]}}],"collection":[{"href":"https:\/\/www.europesays.com\/no\/wp-json\/wp\/v2\/posts"}],"about":[{"href":"https:\/\/www.europesays.com\/no\/wp-json\/wp\/v2\/types\/post"}],"author":[{"embeddable":true,"href":"https:\/\/www.europesays.com\/no\/wp-json\/wp\/v2\/users\/2"}],"replies":[{"embeddable":true,"href":"https:\/\/www.europesays.com\/no\/wp-json\/wp\/v2\/comments?post=107530"}],"version-history":[{"count":0,"href":"https:\/\/www.europesays.com\/no\/wp-json\/wp\/v2\/posts\/107530\/revisions"}],"wp:featuredmedia":[{"embeddable":true,"href":"https:\/\/www.europesays.com\/no\/wp-json\/wp\/v2\/media\/107531"}],"wp:attachment":[{"href":"https:\/\/www.europesays.com\/no\/wp-json\/wp\/v2\/media?parent=107530"}],"wp:term":[{"taxonomy":"category","embeddable":true,"href":"https:\/\/www.europesays.com\/no\/wp-json\/wp\/v2\/categories?post=107530"},{"taxonomy":"post_tag","embeddable":true,"href":"https:\/\/www.europesays.com\/no\/wp-json\/wp\/v2\/tags?post=107530"}],"curies":[{"name":"wp","href":"https:\/\/api.w.org\/{rel}","templated":true}]}}