{"id":107534,"date":"2025-12-08T14:20:12","date_gmt":"2025-12-08T14:20:12","guid":{"rendered":"https:\/\/www.europesays.com\/no\/107534\/"},"modified":"2025-12-08T14:20:12","modified_gmt":"2025-12-08T14:20:12","slug":"norge-moter-nederland-og-sveits-til-privatlandskamper-i-mars","status":"publish","type":"post","link":"https:\/\/www.europesays.com\/no\/107534\/","title":{"rendered":"Norge m\u00f8ter Nederland og Sveits til privatlandskamper i mars"},"content":{"rendered":"\n<p class=\"_lead_o9xde_2 _lead_xtcu6_50 layout-component text-serif-m layout-normal text-serif-l layout-component layout-wide layout-padded _wide_17hqh_1 layout-padded\">Norges to neste motstandere er bekreftet.<\/p>\n<p><img alt=\" Foto: Bj\u00f8rn S. Delebekk \/ VG\" class=\"_image_qp4xg_65 layout-component layout-wide\" data-fullscreen- data-track-element-type=\"Article image fullscreen\" data-track-name=\"ImageFullscreen\" fetchpriority=\"high\" decoding=\"sync\" loading=\"eager\" height=\"4736\" itemprop=\"image\"  src=\"https:\/\/www.europesays.com\/no\/wp-content\/uploads\/2025\/12\/9678e1b1-8d79-4a30-90e8-bdff03dce97c\"  style=\"object-position:0% 0%\" width=\"7174\"\/> Foto: Bj\u00f8rn S. Delebekk \/ VG<\/p>\n<ul aria-hidden=\"true\" class=\"_images_ntbth_112\">\n<li><a class=\"_link_ntbth_117\" href=\"https:\/\/www.vg.no\/forfatter\/andreas-almli\" style=\"z-index:1\" title=\"Andreas Almli\" rel=\"nofollow noopener\" target=\"_blank\"><img alt=\"Bilde av Andreas Almli\" class=\"_image_ntbth_93\" fetchpriority=\"low\" loading=\"lazy\" decoding=\"async\" itemprop=\"image\"  src=\"https:\/\/www.europesays.com\/no\/wp-content\/uploads\/2025\/12\/1765203612_865_375927d7-c3ac-45fd-a424-5db85cd85b8f\"  width=\"480\"\/><\/a><\/li>\n<\/ul>\n<p> Oppdatert mandag 8. desember kl. 15:19     <\/p>\n<p class=\"_paragraph_o9xde_4 _paragraph_xtcu6_10 layout-component text-serif-m layout-normal text-serif-m layout-padded\">Som en del av oppladningen til VM skal <a href=\"https:\/\/www.vg.no\/tag\/norge?utm_source=vg-article&amp;utm_medium=auto-tagger&amp;utm_campaign=QJlP0Q\" class=\"_link_o9xde_39\" rel=\"nofollow noopener\" target=\"_blank\">Norge<\/a> spille to privatlandskamperi mars.<\/p>\n<p class=\"_paragraph_o9xde_4 _paragraph_xtcu6_10 layout-component text-serif-m layout-normal text-serif-m layout-padded\">N\u00e5 kan NFF <a href=\"https:\/\/www.fotball.no\/landslag\/norge-a-herrer\/2025\/norge-moter-nederland-og-sveits\/\" class=\"_link_o9xde_39\" rel=\"nofollow noopener\" target=\"_blank\">bekrefte <\/a>at de m\u00f8ter Nederland den 27. mars i Nederland og Sveits p\u00e5 Ullevaal den 31. mars.<\/p>\n<p class=\"_paragraph_o9xde_4 _paragraph_xtcu6_10 layout-component text-serif-m layout-normal text-serif-m layout-padded\">\u2013 Dette er attraktive motstandere, to tradisjonelle sluttspilldeltagere som begge har vunnet sine kvalifiseringsgrupper overlegent. Jeg m\u00e5 rose Are Hokstad og teamet som har greid \u00e5 sy sammen dette, og s\u00f8rget for at vi n\u00e5 f\u00e5r testet oss mot noen av de beste, sier landslagssjef St\u00e5le Solbakken.<\/p>\n<p class=\"_paragraph_o9xde_4 _paragraph_xtcu6_10 layout-component text-serif-m layout-normal text-serif-m layout-padded\">Nyheten kommer samme dag som Brasil \u00f8nsket seg Norge som motstander i <a href=\"https:\/\/www.vg.no\/sport\/i\/j0POLz\/brasiliansk-fotballtopp-sier-det-forhandles-om-vm-generalproeve-mot-norge-vaart-foerstevalg\" data-track-element-type=\"Link\" data-track-id=\"link:j0POLz\" class=\"_link_o9xde_39\" rel=\"nofollow noopener\" target=\"_blank\">generalpr\u00f8ven til VM.<\/a><\/p>\n<p class=\"_paragraph_o9xde_4 _paragraph_xtcu6_10 layout-component text-serif-m layout-normal text-serif-m layout-padded\">En eventuell kamp mot Brasil spilles mest sannsynlig ikke p\u00e5 norsk jord. Dersom det blir Brasils siste oppkj\u00f8ringskamp, er det naturlig at oppgj\u00f8ret spilles i USA<\/p>\n<p class=\"_paragraph_o9xde_4 _paragraph_xtcu6_10 layout-component text-serif-m layout-normal text-serif-m layout-padded\">Dette er en del av en st\u00f8rre kabal som Norge og Solbakken n\u00e5 m\u00e5 legge. <\/p>\n<p class=\"_paragraph_o9xde_4 _paragraph_xtcu6_10 layout-component text-serif-m layout-normal text-serif-m layout-padded\">\u2013  Dette er et sykt puslespill som vi ikke har i n\u00e6rheten av oversikt over n\u00e5, fortalte Solbakken til <a href=\"https:\/\/www.vg.no\/sport\/i\/XMwRRg\/hoer-fotballpodden-her-staale-solbakkens-vm-plan\" data-track-element-type=\"Link\" data-track-id=\"link:XMwRRg\" class=\"_link_o9xde_39\" rel=\"nofollow noopener\" target=\"_blank\">Fotballpodden<\/a>.<\/p>\n","protected":false},"excerpt":{"rendered":"Norges to neste motstandere er bekreftet. Foto: Bj\u00f8rn S. Delebekk \/ VG Oppdatert mandag 8. desember kl. 15:19&hellip;\n","protected":false},"author":2,"featured_media":107535,"comment_status":"","ping_status":"","sticky":false,"template":"","format":"standard","meta":{"footnotes":""},"categories":[59],"tags":[92,3163,30,28,29,83,82],"class_list":{"0":"post-107534","1":"post","2":"type-post","3":"status-publish","4":"format-standard","5":"has-post-thumbnail","7":"category-sport","8":"tag-fotball","9":"tag-herrelandslaget-fotball","10":"tag-no","11":"tag-norge","12":"tag-norway","13":"tag-sport","14":"tag-sports"},"share_on_mastodon":{"url":"https:\/\/pubeurope.com\/@no\/115684391501912864","error":""},"_links":{"self":[{"href":"https:\/\/www.europesays.com\/no\/wp-json\/wp\/v2\/posts\/107534","targetHints":{"allow":["GET"]}}],"collection":[{"href":"https:\/\/www.europesays.com\/no\/wp-json\/wp\/v2\/posts"}],"about":[{"href":"https:\/\/www.europesays.com\/no\/wp-json\/wp\/v2\/types\/post"}],"author":[{"embeddable":true,"href":"https:\/\/www.europesays.com\/no\/wp-json\/wp\/v2\/users\/2"}],"replies":[{"embeddable":true,"href":"https:\/\/www.europesays.com\/no\/wp-json\/wp\/v2\/comments?post=107534"}],"version-history":[{"count":0,"href":"https:\/\/www.europesays.com\/no\/wp-json\/wp\/v2\/posts\/107534\/revisions"}],"wp:featuredmedia":[{"embeddable":true,"href":"https:\/\/www.europesays.com\/no\/wp-json\/wp\/v2\/media\/107535"}],"wp:attachment":[{"href":"https:\/\/www.europesays.com\/no\/wp-json\/wp\/v2\/media?parent=107534"}],"wp:term":[{"taxonomy":"category","embeddable":true,"href":"https:\/\/www.europesays.com\/no\/wp-json\/wp\/v2\/categories?post=107534"},{"taxonomy":"post_tag","embeddable":true,"href":"https:\/\/www.europesays.com\/no\/wp-json\/wp\/v2\/tags?post=107534"}],"curies":[{"name":"wp","href":"https:\/\/api.w.org\/{rel}","templated":true}]}}