{"id":107538,"date":"2025-12-08T14:25:11","date_gmt":"2025-12-08T14:25:11","guid":{"rendered":"https:\/\/www.europesays.com\/no\/107538\/"},"modified":"2025-12-08T14:25:11","modified_gmt":"2025-12-08T14:25:11","slug":"vaer-tonsberg-regn-regn-og-atter-regn-slik-blir-vaeret-framover","status":"publish","type":"post","link":"https:\/\/www.europesays.com\/no\/107538\/","title":{"rendered":"V\u00e6r, T\u00f8nsberg | Regn, regn og atter regn \u2013 slik blir v\u00e6ret framover"},"content":{"rendered":"\n<p>Det er lite som minner om jul 16 dager f\u00f8r julaften. Ikke er det sn\u00f8 i lufta og ikke frost p\u00e5 bakken.<\/p>\n<p>\u2013 Uken starter med mye regn p\u00e5 S\u00f8r- og \u00d8stlandet, men s\u00e5 vil det endre seg, skrives det i en oppdatering<a rel=\"noopener nofollow\" href=\"https:\/\/www.yr.no\/nb\/meteorologene\/41c1bdb9-9c7c-4b2d-a580-2a15da17b432\" target=\"_blank\"> <\/a>fra Meteorologisk institutt.<\/p>\n<p>Tynn tr\u00e5d<\/p>\n<p>Meteorologene har allerede varslet at h\u00e5pet om ei hvit jul henger i en tynn tr\u00e5d.<\/p>\n<p><b>\u2013 Dr\u00f8mmer du om sn\u00f8 og hvit jul, s\u00e5 er faren for \u00e5 bli skuffet ganske stor &#8211; i alle fall om du bor i S\u00f8r-Norge, skriver meteorologene.<\/b><\/p>\n<p>  <a href=\"https:\/\/www.tb.no\/5-76-2742723\" class=\"related-teaser has-image default-story-teaser article--c-eRUmMG article--c-eRUmMG-jKCPdD-design-default\" rel=\"nofollow noopener\" target=\"_blank\"><\/p>\n<p>    <img decoding=\"async\" loading=\"lazy\"  src=\"https:\/\/www.europesays.com\/no\/wp-content\/uploads\/2025\/12\/IMG_4644+%281%29.jpg\" alt=\"\" class=\"brick-c-cFOWSL\" style=\"\"\/><\/p>\n<p>\n            Les ogs\u00e5<\/p>\n<p>              Meteorolog om julev\u00e6ret: \u2013 Har lite gode nyheter\n        <\/p>\n<p>  <\/a><\/p>\n<p>S\u00e5 mye har det regnet i T\u00f8nsberg-omr\u00e5det de siste 24 timene. M\u00e5lingen er gjort p\u00e5 Melsom v\u00e6rstasjon:<\/p>\n<p>     iframe {<br \/>\n  width: 100% !important;<br \/>\n  height: 100% !important;<br \/>\n}<\/p>\n<p>.am-embed-ratio {<br \/>\n  position: relative;<br \/>\n  height: 0;<br \/>\n}<\/p>\n<p>.am-embed-error {<br \/>\n  color: #292827;<br \/>\n  background: #e7e6e2;<br \/>\n  padding: 10px 20px;<br \/>\n  line-height: 1.3em;<br \/>\n}<\/p>\n<p>amedia-smartembed-iframe {<br \/>\n  display: block;<br \/>\n}<\/p>\n<p>.am-embed-ratio.x-scroll {<br \/>\n  overflow-x: scroll;<br \/>\n}<\/p>\n<p>.am-embed-ratio.x-scroll iframe {<br \/>\n  min-width: 800px;<br \/>\n}<\/p>\n<p>.am-embed-ratio.x-scroll::-webkit-scrollbar {<br \/>\n  height: 8px;<br \/>\n}<\/p>\n<p>.am-embed-ratio.x-scroll::-webkit-scrollbar-track {<br \/>\n  margin: 0 10px;<br \/>\n  background-color: #eee;<br \/>\n  border-radius: 10px;<br \/>\n}<\/p>\n<p>.am-embed-ratio.x-scroll::-webkit-scrollbar-thumb {<br \/>\n  background-color: #484544;<br \/>\n  border-radius: 10px;<br \/>\n}<\/p>\n<p>amedia-smartembed iframe {<br \/>\n  border: none;<br \/>\n  width: 100%;<br \/>\n}<br \/>\n]]]]>]]><\/p>\n<p>]]><\/p>\n<p>Langtidsvarselet framover viser mildv\u00e6r tett opp mot julaften.<\/p>\n<p>Sol<\/p>\n<p><b>Det verste regnv\u00e6ret som har vart de siste ukene kommer til \u00e5 gi seg, men det vil fortsatt v\u00e6re litt spredte byger i uken som kommer.<\/b><\/p>\n<p>Det f\u00f8rste solglimtet kommer derimot f\u00f8rstkommende onsdag. Da viser v\u00e6rvarselet str\u00e5lende sol og opp mot \u00e5tte grader.<\/p>\n<p>Se v\u00e6rmeldingen her: <\/p>\n<p>     iframe {<br \/>\n  width: 100% !important;<br \/>\n  height: 100% !important;<br \/>\n}<\/p>\n<p>.am-embed-ratio {<br \/>\n  position: relative;<br \/>\n  height: 0;<br \/>\n}<\/p>\n<p>.am-embed-error {<br \/>\n  color: #292827;<br \/>\n  background: #e7e6e2;<br \/>\n  padding: 10px 20px;<br \/>\n  line-height: 1.3em;<br \/>\n}<\/p>\n<p>amedia-smartembed-iframe {<br \/>\n  display: block;<br \/>\n}<\/p>\n<p>.am-embed-ratio.x-scroll {<br \/>\n  overflow-x: scroll;<br \/>\n}<\/p>\n<p>.am-embed-ratio.x-scroll iframe {<br \/>\n  min-width: 800px;<br \/>\n}<\/p>\n<p>.am-embed-ratio.x-scroll::-webkit-scrollbar {<br \/>\n  height: 8px;<br \/>\n}<\/p>\n<p>.am-embed-ratio.x-scroll::-webkit-scrollbar-track {<br \/>\n  margin: 0 10px;<br \/>\n  background-color: #eee;<br \/>\n  border-radius: 10px;<br \/>\n}<\/p>\n<p>.am-embed-ratio.x-scroll::-webkit-scrollbar-thumb {<br \/>\n  background-color: #484544;<br \/>\n  border-radius: 10px;<br \/>\n}<\/p>\n<p>amedia-smartembed iframe {<br \/>\n  border: none;<br \/>\n  width: 100%;<br \/>\n}<br \/>\n]]]]>]]><\/p>\n<p>]]><\/p>\n<p>  <a href=\"https:\/\/www.tb.no\/5-76-2742074\" class=\"related-teaser has-image default-story-teaser article--c-eRUmMG article--c-eRUmMG-jKCPdD-design-default\" rel=\"nofollow noopener\" target=\"_blank\"><\/p>\n<p>    <img decoding=\"async\" loading=\"lazy\"  src=\"https:\/\/www.europesays.com\/no\/wp-content\/uploads\/2025\/12\/KirkevoldFarTilAlba.jpg\" alt=\"\" class=\"brick-c-cFOWSL\" style=\"\"\/><\/p>\n<p>\n            Les ogs\u00e5<\/p>\n<p>              P\u00e5l (35) har tjent millioner ved siden av jobben: \u2013 Jeg er ingen super\u00f8konom, men interessen har vokst seg stor\n        <\/p>\n<p>  <\/a><\/p>\n<p>  <a href=\"https:\/\/www.tb.no\/5-76-2741445\" class=\"related-teaser has-image default-story-teaser article--c-eRUmMG article--c-eRUmMG-jKCPdD-design-default\" rel=\"nofollow noopener\" target=\"_blank\"><\/p>\n<p>    <img decoding=\"async\" loading=\"lazy\"  src=\"https:\/\/www.europesays.com\/no\/wp-content\/uploads\/2025\/12\/Minde+krympet+innholdet+i+Minde+risbrd+med+nesten+20+prosent.bin\" alt=\"\" class=\"brick-c-cFOWSL\" style=\"\"\/><\/p>\n<p>\n            Les ogs\u00e5<\/p>\n<p>              Har krympet: \u2013 Ikke meningen \u00e5 lure noen\n        <\/p>\n<p>  <\/a><\/p>\n","protected":false},"excerpt":{"rendered":"Det er lite som minner om jul 16 dager f\u00f8r julaften. Ikke er det sn\u00f8 i lufta og&hellip;\n","protected":false},"author":2,"featured_media":84420,"comment_status":"","ping_status":"","sticky":false,"template":"","format":"standard","meta":{"footnotes":""},"categories":[10],"tags":[36,20,21,962,24,25,15,22,23,13,30,28,29,14,16,1510,26,27,431,553],"class_list":{"0":"post-107538","1":"post","2":"type-post","3":"status-publish","4":"format-standard","5":"has-post-thumbnail","7":"category-norge","8":"tag-art","9":"tag-breaking-news","10":"tag-breakingnews","11":"tag-faerder","12":"tag-featured-news","13":"tag-featurednews","14":"tag-headlines","15":"tag-latest-news","16":"tag-latestnews","17":"tag-news","18":"tag-no","19":"tag-norge","20":"tag-norway","21":"tag-nyheter","22":"tag-overskrifter","23":"tag-story","24":"tag-top-stories","25":"tag-topstories","26":"tag-tonsberg","27":"tag-vaer"},"share_on_mastodon":{"url":"https:\/\/pubeurope.com\/@no\/115684411094432807","error":""},"_links":{"self":[{"href":"https:\/\/www.europesays.com\/no\/wp-json\/wp\/v2\/posts\/107538","targetHints":{"allow":["GET"]}}],"collection":[{"href":"https:\/\/www.europesays.com\/no\/wp-json\/wp\/v2\/posts"}],"about":[{"href":"https:\/\/www.europesays.com\/no\/wp-json\/wp\/v2\/types\/post"}],"author":[{"embeddable":true,"href":"https:\/\/www.europesays.com\/no\/wp-json\/wp\/v2\/users\/2"}],"replies":[{"embeddable":true,"href":"https:\/\/www.europesays.com\/no\/wp-json\/wp\/v2\/comments?post=107538"}],"version-history":[{"count":0,"href":"https:\/\/www.europesays.com\/no\/wp-json\/wp\/v2\/posts\/107538\/revisions"}],"wp:featuredmedia":[{"embeddable":true,"href":"https:\/\/www.europesays.com\/no\/wp-json\/wp\/v2\/media\/84420"}],"wp:attachment":[{"href":"https:\/\/www.europesays.com\/no\/wp-json\/wp\/v2\/media?parent=107538"}],"wp:term":[{"taxonomy":"category","embeddable":true,"href":"https:\/\/www.europesays.com\/no\/wp-json\/wp\/v2\/categories?post=107538"},{"taxonomy":"post_tag","embeddable":true,"href":"https:\/\/www.europesays.com\/no\/wp-json\/wp\/v2\/tags?post=107538"}],"curies":[{"name":"wp","href":"https:\/\/api.w.org\/{rel}","templated":true}]}}