{"id":107545,"date":"2025-12-08T14:41:11","date_gmt":"2025-12-08T14:41:11","guid":{"rendered":"https:\/\/www.europesays.com\/no\/107545\/"},"modified":"2025-12-08T14:41:11","modified_gmt":"2025-12-08T14:41:11","slug":"stoltenberg-refser-frp-nei-til-skattekommisjon","status":"publish","type":"post","link":"https:\/\/www.europesays.com\/no\/107545\/","title":{"rendered":"Stoltenberg refser Frp-nei til skattekommisjon:"},"content":{"rendered":"\n<p class=\"_lead_o9xde_2 _lead_xtcu6_50 layout-component text-serif-m layout-normal text-serif-l layout-component layout-wide layout-padded _wide_17hqh_1 layout-padded\">Jens Stoltenberg (Ap) anklager Frp for \u00e5 \u00aballtid si nei\u00bb etter \u00e5 ha f\u00e5tt tommel ned til skattekommisjonen. \u2013 Nei, svarer Frps Hans Andreas Limi. <\/p>\n<p><img alt=\"DR\u00d8MMEN OM FORLIK: Finansminister Jens Stoltenberg \u00f8nsker seg en skattepolitikk som mange partier p\u00e5 Stortinget kan stille se bak. Foto: Jonas F\u00e6ste Laksekj\u00f8n \/ NTB\" class=\"_image_qp4xg_65 layout-component layout-wide\" data-fullscreen- data-track-element-type=\"Article image fullscreen\" data-track-name=\"ImageFullscreen\" fetchpriority=\"high\" decoding=\"sync\" loading=\"eager\" height=\"4000\" itemprop=\"image\"  src=\"https:\/\/www.europesays.com\/no\/wp-content\/uploads\/2025\/12\/40d232cd-c14f-4cea-a3fa-52aaab50f9de\"  style=\"object-position:0% 0%\" width=\"6000\"\/>DR\u00d8MMEN OM FORLIK: Finansminister Jens Stoltenberg \u00f8nsker seg en skattepolitikk som mange partier p\u00e5 Stortinget kan stille se bak. Foto: Jonas F\u00e6ste Laksekj\u00f8n \/ NTB<\/p>\n<ul aria-hidden=\"true\" class=\"_images_ntbth_112\">\n<li><a class=\"_link_ntbth_117\" href=\"https:\/\/www.vg.no\/forfatter\/anja-ariel-toernes-brekke\" style=\"z-index:1\" title=\"Anja A. T. Brekke\" rel=\"nofollow noopener\" target=\"_blank\"><img alt=\"Bilde av Anja A. T. Brekke\" class=\"_image_ntbth_93\" fetchpriority=\"low\" loading=\"lazy\" decoding=\"async\" itemprop=\"image\"  src=\"https:\/\/www.europesays.com\/no\/wp-content\/uploads\/2025\/12\/1765204870_87_064db0a6-f784-4fee-a84a-81e3f5807bb6\"  width=\"480\"\/><\/a><\/li>\n<\/ul>\n<p>Rapporterer fra Stortinget Oppdatert mandag 8. desember kl. 14:59    <\/p>\n<ul class=\"_list_o9xde_3 _list_64s2r_85 _unordered_o9xde_106 text-sans-m\">\n<li class=\"_item_o9xde_30\">Jens Stoltenberg anklager Frp for \u00e5 stille seg p\u00e5 sidelinjen etter at de avslo skattekommisjon.<\/li>\n<li class=\"_item_o9xde_30\">Frp&#8217;s Hans Andreas Limi svarer at de ikke st\u00f8tter kommisjonen fordi den ikke har et klart m\u00e5l om lavere skatter og avgifter.<\/li>\n<li class=\"_item_o9xde_30\">H\u00f8yre, Venstre og KrF st\u00f8tter Stoltenbergs forslag. Det samme gj\u00f8r R\u00f8dt, SV og MDG, mens Sp er enn\u00e5 uavklart.<\/li>\n<\/ul>\n<p>Vis mer <\/p>\n<p class=\"_paragraph_o9xde_4 _paragraph_xtcu6_10 layout-component text-serif-m layout-normal text-serif-m layout-padded\">Samtidig som statsbudsjettet ble dratt i land tirsdag kveld, tikket nyheten inn: <a href=\"https:\/\/e24.no\/norsk-oekonomi\/i\/d45y2O\/hoeyre-krf-og-venstre-vil-bidra-til-skattekommisjon\" class=\"_link_o9xde_39\" rel=\"nofollow noopener\" target=\"_blank\">H\u00f8yre, Venstre og KrF st\u00f8tter<\/a> finansminister <a href=\"https:\/\/www.vg.no\/tag\/jens-stoltenberg?utm_source=vg-article&amp;utm_medium=auto-tagger&amp;utm_campaign=d4dwOX\" class=\"_link_o9xde_39\" rel=\"nofollow noopener\" target=\"_blank\">Jens Stoltenbergs<\/a> forslag om \u00e5 sette ned en skattekommisjonskattekommisjonEn skattekommisjon er en gruppe eksperter som settes sammen for \u00e5 vurdere og foresl\u00e5 endringer i skattesystemet.. <\/p>\n<p class=\"_paragraph_o9xde_4 _paragraph_xtcu6_10 layout-component text-serif-m layout-normal text-serif-m layout-padded\">P\u00e5 r\u00f8dgr\u00f8nn-side har Sp, MDG, og et litt motvillig <a href=\"https:\/\/www.dn.no\/politikk\/jens-stoltenberg\/skatt\/sv-sier-motvillig-ja-til-skattekommisjon\/2-1-1911806\" class=\"_link_o9xde_39\" rel=\"nofollow noopener\" target=\"_blank\">SV<\/a> og <a href=\"https:\/\/www.dagsavisen.no\/nyheter\/hatt-veldig-mye-fritid\/10088722\" class=\"_link_o9xde_39\" rel=\"nofollow noopener\" target=\"_blank\">R\u00f8dt<\/a> gitt tommel opp.<\/p>\n<p>\u2013 Viker unna<\/p>\n<p class=\"_paragraph_o9xde_4 _paragraph_xtcu6_10 layout-component text-serif-m layout-normal text-serif-m layout-padded\">Fremskrittspartiet er s\u00e5 langt det eneste partiet som ikke vil st\u00f8tte kommisjonen.<\/p>\n<p class=\"_paragraph_o9xde_4 _paragraph_xtcu6_10 layout-component text-serif-m layout-normal text-serif-m layout-padded\"><strong class=\"_strong_o9xde_25\">\u2013 Frp pleier ikke \u00e5 v\u00e6re med p\u00e5 s\u00e5nne ting. De sier alltid nei. Frp er et parti som viker unna ansvar og som liker \u00e5 st\u00e5 p\u00e5 sidelinjen og kritisere. Det er synd, men vi har klart \u00e5 lage store reformer i Norge, ogs\u00e5 n\u00e5r Frp har v\u00e6rt store f\u00f8r, sier Stoltenberg til VG.<\/strong><\/p>\n<p><img alt=\"Foto: Ole Berg-Rusten \/ NTB\" class=\"_image_qp4xg_65 layout-component layout-normal\" data-fullscreen- data-track-element-type=\"Article image fullscreen\" data-track-name=\"ImageFullscreen\" decoding=\"async\" loading=\"lazy\" height=\"3375\" itemprop=\"image\"  src=\"https:\/\/www.europesays.com\/no\/wp-content\/uploads\/2025\/12\/dd09be1c-8b55-4f85-9592-05a3bcd63134\"  style=\"object-position:0% 0%\" width=\"5077\"\/>Foto: Ole Berg-Rusten \/ NTB<\/p>\n<p class=\"_paragraph_o9xde_4 _paragraph_xtcu6_10 layout-component text-serif-m layout-normal text-serif-m layout-padded\">\u2013 Jeg vil gjerne ha med Frp, men at de ikke blir med, det er deres valg.   <\/p>\n<p class=\"_paragraph_o9xde_4 _paragraph_xtcu6_10 layout-component text-serif-m layout-normal text-serif-m layout-padded\">M\u00e5let med en skattekommisjon er \u00e5 lage et skatteforlikskatteforlikEt skatteforlik er en avtale mellom flere politiske partier om hvordan skattesystemet skal utformes. som flere partier p\u00e5 Stortinget kan stille seg bak.   <\/p>\n<p>Ser ikke det brede forliket <\/p>\n<p class=\"_paragraph_o9xde_4 _paragraph_xtcu6_10 layout-component text-serif-m layout-normal text-serif-m layout-padded\">\u2013 Er dere et parti som alltid sier nei?<\/p>\n<p class=\"_paragraph_o9xde_4 _paragraph_xtcu6_10 layout-component text-serif-m layout-normal text-serif-m layout-padded\">\u2013 Nei, vi er ikke det, sier finanspolitisk talsperson Hans Andreas Limi (Frp) til VG. <\/p>\n<p class=\"_paragraph_o9xde_4 _paragraph_xtcu6_10 layout-component text-serif-m layout-normal text-serif-m layout-padded\">Han gjentar til VG at Frp gjerne er med p\u00e5 et skatteforlik, men at de ikke st\u00f8tter kommisjonens n\u00e5v\u00e6rende mandatmandatMandat betyr oppgavene og m\u00e5lene som kommisjonen har f\u00e5tt i oppdrag \u00e5 svare p\u00e5.. <\/p>\n<p class=\"_paragraph_o9xde_4 _paragraph_xtcu6_10 layout-component text-serif-m layout-normal text-serif-m layout-padded\">\u2013 Det m\u00e5 ende opp med et lavere skatte- og avgiftsniv\u00e5 enn i dag. Arbeiderpartiet og Stoltenberg m\u00e5 ta et valg, vil de ikke peke ut en retning, s\u00e5 blir det vanskelig for oss \u00e5 v\u00e6re med p\u00e5 det, sier Limi. <\/p>\n<p><img alt=\"Hans Andreas Limi er finanspolitisk talsperson i Fremskrittspartiet.   Foto: G\u00f8ran Bohlin \/ VG\" class=\"_image_qp4xg_65 layout-component layout-normal\" data-fullscreen- data-track-element-type=\"Article image fullscreen\" data-track-name=\"ImageFullscreen\" decoding=\"async\" loading=\"lazy\" height=\"5504\" itemprop=\"image\"  src=\"https:\/\/www.europesays.com\/no\/wp-content\/uploads\/2025\/12\/f3b88f23-7fa1-419d-ad17-30505a5db947\"  style=\"object-position:0% 0%\" width=\"8256\"\/>Hans Andreas Limi er finanspolitisk talsperson i Fremskrittspartiet.   Foto: G\u00f8ran Bohlin \/ VG<\/p>\n<p class=\"_paragraph_o9xde_4 _paragraph_xtcu6_10 layout-component text-serif-m layout-normal text-serif-m layout-padded\">Frp har spilt inn at komiteens mandat m\u00e5 inkludere et m\u00e5l om lavere skatter- og avgifter. <\/p>\n<p class=\"_paragraph_o9xde_4 _paragraph_xtcu6_10 layout-component text-serif-m layout-normal text-serif-m layout-padded\">\u2013 Mandatet vi har f\u00e5tt n\u00e5 er et helt \u00e5pent mandat, sannsynligvis fordi Stoltenberg vil ha med absolutt alle partier, ogs\u00e5 de p\u00e5 venstresiden som \u00f8nsker \u00e5 \u00f8ke dagens skatter- og avgifter, sier Limi og legger til: <\/p>\n<p class=\"_paragraph_o9xde_4 _paragraph_xtcu6_10 layout-component text-serif-m layout-normal text-serif-m layout-padded\">\u2013 Det er helt umulig \u00e5 se for seg R\u00f8dt, SV, MDG og Frp bli enige om skatt. <\/p>\n<p class=\"_paragraph_o9xde_4 _paragraph_xtcu6_10 layout-component text-serif-m layout-normal text-serif-m layout-padded\">\u2013 Stoltenberg anklager dere for \u00e5 v\u00e6re \u00aber et parti som viker unna ansvar og som liker \u00e5 st\u00e5 p\u00e5 sidelinjen\u00bb. <\/p>\n<p class=\"_paragraph_o9xde_4 _paragraph_xtcu6_10 layout-component text-serif-m layout-normal text-serif-m layout-padded\">\u2013 Det er litt t\u00f8ff retorikk fra Stoltenberg, som er helt un\u00f8dvendig. Han vet utmerket godt at vi har fors\u00f8kt \u00e5 f\u00e5 dette til ved \u00e5 komme med flere innspill til mandatet, sier Limi og legger til:<\/p>\n<p class=\"_paragraph_o9xde_4 _paragraph_xtcu6_10 layout-component text-serif-m layout-normal text-serif-m layout-padded\">\u2013 Arbeiderpartiet velger \u00e5 ikke v\u00e6re tydelige p\u00e5 hva de vil, og da blir det ufint av ham \u00e5 komme med denne type karakteristikker. <\/p>\n<p>Kommer \u00abveldig snart\u00bb <\/p>\n<p class=\"_paragraph_o9xde_4 _paragraph_xtcu6_10 layout-component text-serif-m layout-normal text-serif-m layout-padded\">Sp-leder Trygve Slagsvold Vedum sier til E24 at de \u00f8nsker endringer i skattekommisjonens mandat, og <a href=\"https:\/\/e24.no\/norsk-oekonomi\/i\/43d7Qq\/skattekommisjonen-vedum-ber-regjeringen-ta-en-ny-runde\" class=\"_link_o9xde_39\" rel=\"nofollow noopener\" target=\"_blank\">vil ha en ny runde for \u00e5 f\u00e5 med Frp<\/a>.<\/p>\n<p class=\"_paragraph_o9xde_4 _paragraph_xtcu6_10 layout-component text-serif-m layout-normal text-serif-m layout-padded\">Jens Stoltenberg h\u00e5per \u00e5 f\u00e5 satt ned komiteen \u00abveldig snart\u00bb, men vil ikke svare p\u00e5 n\u00f8yaktig n\u00e5r. <\/p>\n<p class=\"_paragraph_o9xde_4 _paragraph_xtcu6_10 layout-component text-serif-m layout-normal text-serif-m layout-padded\">\u2013 Det t\u00f8rr jeg ikke \u00e5 si. Det er ganske bred st\u00f8tte til dette n\u00e5, sier Stoltenberg og understreker: <\/p>\n<p class=\"_paragraph_o9xde_4 _paragraph_xtcu6_10 layout-component text-serif-m layout-normal text-serif-m layout-padded\">\u2013 Dette er ikke en garanti for at vi f\u00e5r et forlik, men det er den beste veien til m\u00e5l.<\/p>\n<p class=\"_paragraph_o9xde_4 _paragraph_xtcu6_10 layout-component text-serif-m layout-normal text-serif-m layout-padded\">Allerede i mars <a href=\"https:\/\/www.vg.no\/nyheter\/i\/qPr9vw\/jens-stoltenberg-inviterer-de-andre-partiene-til-bredt-skatteforlik\" data-track-element-type=\"Link\" data-track-id=\"link:qPr9vw\" class=\"_link_o9xde_39\" rel=\"nofollow noopener\" target=\"_blank\">inviterte Stoltenberg<\/a> alle partiene til \u00e5 v\u00e6re med p\u00e5 et bredt skatteforlik, men ble fort sablet ned. Mange kritiserte kommisjonens mandat, alts\u00e5 arbeidsbestilling. <\/p>\n<p class=\"_paragraph_o9xde_4 _paragraph_xtcu6_10 layout-component text-serif-m layout-normal text-serif-m layout-padded\">Han ga imidlertid ikke opp og har de siste ukene snakket med partiene p\u00e5 Stortinget om mandatet. <\/p>\n<p class=\"_paragraph_o9xde_4 _paragraph_xtcu6_10 layout-component text-serif-m layout-normal text-serif-m layout-padded\">I det siste utkastet er det blant annet \u00e5pnet for at kommisjonen kan komme med forslag til samlede skatte- og avgiftslettelser, if\u00f8lge <a href=\"https:\/\/www.dn.no\/politikk\/jens-stoltenberg\/skatteforlik\/dn-erfarer-dette-er-stoltenbergs-forslag-til-skattekommisjon\/2-1-1906946\" class=\"_link_o9xde_39\" rel=\"nofollow noopener\" target=\"_blank\">DN<\/a>. <\/p>\n","protected":false},"excerpt":{"rendered":"Jens Stoltenberg (Ap) anklager Frp for \u00e5 \u00aballtid si nei\u00bb etter \u00e5 ha f\u00e5tt tommel ned til skattekommisjonen.&hellip;\n","protected":false},"author":2,"featured_media":107546,"comment_status":"","ping_status":"","sticky":false,"template":"","format":"standard","meta":{"footnotes":""},"categories":[5],"tags":[20,21,24,25,1685,15,19,240,22,23,17,18,13,30,28,281,29,14,16,1289,26,27,205],"class_list":{"0":"post-107545","1":"post","2":"type-post","3":"status-publish","4":"format-standard","5":"has-post-thumbnail","7":"category-overskrifter","8":"tag-breaking-news","9":"tag-breakingnews","10":"tag-featured-news","11":"tag-featurednews","12":"tag-hans-andreas-limi","13":"tag-headlines","14":"tag-hovedoppslag","15":"tag-jens-stoltenberg","16":"tag-latest-news","17":"tag-latestnews","18":"tag-main-news","19":"tag-mainnews","20":"tag-news","21":"tag-no","22":"tag-norge","23":"tag-norsk-politikk","24":"tag-norway","25":"tag-nyheter","26":"tag-overskrifter","27":"tag-skatt","28":"tag-top-stories","29":"tag-topstories","30":"tag-vgsamfunn"},"share_on_mastodon":{"url":"https:\/\/pubeurope.com\/@no\/115684473888258169","error":""},"_links":{"self":[{"href":"https:\/\/www.europesays.com\/no\/wp-json\/wp\/v2\/posts\/107545","targetHints":{"allow":["GET"]}}],"collection":[{"href":"https:\/\/www.europesays.com\/no\/wp-json\/wp\/v2\/posts"}],"about":[{"href":"https:\/\/www.europesays.com\/no\/wp-json\/wp\/v2\/types\/post"}],"author":[{"embeddable":true,"href":"https:\/\/www.europesays.com\/no\/wp-json\/wp\/v2\/users\/2"}],"replies":[{"embeddable":true,"href":"https:\/\/www.europesays.com\/no\/wp-json\/wp\/v2\/comments?post=107545"}],"version-history":[{"count":0,"href":"https:\/\/www.europesays.com\/no\/wp-json\/wp\/v2\/posts\/107545\/revisions"}],"wp:featuredmedia":[{"embeddable":true,"href":"https:\/\/www.europesays.com\/no\/wp-json\/wp\/v2\/media\/107546"}],"wp:attachment":[{"href":"https:\/\/www.europesays.com\/no\/wp-json\/wp\/v2\/media?parent=107545"}],"wp:term":[{"taxonomy":"category","embeddable":true,"href":"https:\/\/www.europesays.com\/no\/wp-json\/wp\/v2\/categories?post=107545"},{"taxonomy":"post_tag","embeddable":true,"href":"https:\/\/www.europesays.com\/no\/wp-json\/wp\/v2\/tags?post=107545"}],"curies":[{"name":"wp","href":"https:\/\/api.w.org\/{rel}","templated":true}]}}