{"id":107562,"date":"2025-12-08T15:08:13","date_gmt":"2025-12-08T15:08:13","guid":{"rendered":"https:\/\/www.europesays.com\/no\/107562\/"},"modified":"2025-12-08T15:08:13","modified_gmt":"2025-12-08T15:08:13","slug":"sykkelrittet-tour-of-norway-avlyses-kritiserer-regjeringen-2","status":"publish","type":"post","link":"https:\/\/www.europesays.com\/no\/107562\/","title":{"rendered":"Sykkelrittet Tour of Norway avlyses \u2013 kritiserer regjeringen"},"content":{"rendered":"<p> Avgj\u00f8relsen fremg\u00e5r av en pressemelding mandag.<\/p>\n<p>\u2013 I 10 \u00e5r har det offentlige og private n\u00e6ringslivet, sammen med frivillige sykkelklubber hatt et spleiselag, som har muliggjort et internasjonalt sykkelritt som har satt Norge p\u00e5 kartet. Det har ogs\u00e5 v\u00e6rt en fantastisk rekrutteringsarena for sykkelsporten, sier daglig leder Roy Hegreberg.<\/p>\n<p>Etter at det ikke ligger inne penger p\u00e5 statsbudsjettet til rittet lenger, ryker arrangementet. Beskjeden er at det ikke er \u00f8konomisk grunnlag for \u00e5 jobbe videre med 2026-arrangementet.<\/p>\n<p>Styret i selskapet bak rittet har derfor vedtatt at arbeidet stanses.<\/p>\n<p>\u2013 Jeg respekterer at stortingsflertallet prioriterer som de gj\u00f8r, men jeg skulle gjerne sett at det hadde v\u00e6rt kontakt i forkant. Dette kom som lyn fra klar himmel, og det har v\u00e6rt liten vilje til dialog med oss, sier Hegreberg.<\/p>\n<p>Regjeringen sa nei<\/p>\n<p>Pengene til Tour of Norway p\u00e5 statsbudsjettet har kommet via en s\u00e6rskilte tilskuddsordning til internasjonale sykkelritt som arrangeres i Norge. Denne er ikke med p\u00e5 budsjettet som n\u00e5 foreligger for 2026.<\/p>\n<p>Tidligere i h\u00f8st stilte H\u00f8yre-politiker Aleksander Stokkeb\u00f8 et skriftlig sp\u00f8rsm\u00e5l til kultur- og likestillingsminister Lubna Jaffery om begrunnelsen for beslutningen.<\/p>\n<p>\u00abSiden statsbudsjettet 2016 har det eksistert tilskuddsordning for internasjonale sykkelritt i Norge. Dette inneb\u00e6rer at sykkel har blitt s\u00e6rbehandlet som den eneste idretten med en egen tilskuddsordning finansiert over statsbudsjettet\u00bb, het det i svaret.<\/p>\n<p>\u00abDet er Kultur- og likestillingsdepartementets vurdering at det er uheldig at det over lang tid opprettholdes en s\u00e6rordning kun for sykkelritt. Idrettsarrangementer i Norge b\u00f8r i st\u00f8rst mulig grad likebehandles. Derfor foresl\u00e5s det \u00e5 avvikle den s\u00e6rskilte tilskuddsordningen for internasjonale sykkelritt i Norge\u00bb, skrev statsr\u00e5den videre.<\/p>\n<p>Avslutningsvis ble det p\u00e5pekt at tilskuddsordningen ikke har v\u00e6rt begrunnet ut fra hvilke positive ringvirkninger aktuelle sykkelritt eventuelt vil ha for lokalt n\u00e6ringsliv.<\/p>\n<p>\u00abDet har derfor ikke v\u00e6rt en del av vurderingsgrunnlaget n\u00e5r ordningen foresl\u00e5s avviklet\u00bb, skrev Jaffery.<\/p>\n<p>Kristoff ambassad\u00f8r<\/p>\n<p>H\u00e5pet om et Tour of Norway i framtiden er imidlertid ikke over.<\/p>\n<p>\u2013 Vi vil gj\u00f8re alt vi kan for at dette skal bli et midlertidig tilbakeslag, ikke slutten p\u00e5 Tour of Norway, skriver arrang\u00f8ren.<\/p>\n<p>Alexander Kristoff har flest etappeseirer i rittet med elleve. Han tok ogs\u00e5 like mange da rittet tidligere het Tour des Fjords.<\/p>\n<p>38-\u00e5ringen, som la opp i h\u00f8st, signerte nylig en ambassad\u00f8ravtale med nettopp Tour of Norway.<\/p>\n<p>I sin nye rolle skulle han bidra som frontfigur og ambassad\u00f8r for rittet med s\u00e6rlig fokus p\u00e5 \u00e5 skape begeistring nasjonalt og internasjonalt.<\/p>\n","protected":false},"excerpt":{"rendered":"Avgj\u00f8relsen fremg\u00e5r av en pressemelding mandag. \u2013 I 10 \u00e5r har det offentlige og private n\u00e6ringslivet, sammen med&hellip;\n","protected":false},"author":2,"featured_media":107563,"comment_status":"","ping_status":"","sticky":false,"template":"","format":"standard","meta":{"footnotes":""},"categories":[10],"tags":[967,20,21,24,25,15,22,23,13,30,28,29,14,16,26,27],"class_list":{"0":"post-107562","1":"post","2":"type-post","3":"status-publish","4":"format-standard","5":"has-post-thumbnail","7":"category-norge","8":"tag-artikler-fra-ntb","9":"tag-breaking-news","10":"tag-breakingnews","11":"tag-featured-news","12":"tag-featurednews","13":"tag-headlines","14":"tag-latest-news","15":"tag-latestnews","16":"tag-news","17":"tag-no","18":"tag-norge","19":"tag-norway","20":"tag-nyheter","21":"tag-overskrifter","22":"tag-top-stories","23":"tag-topstories"},"share_on_mastodon":{"url":"https:\/\/pubeurope.com\/@no\/115684580058347028","error":""},"_links":{"self":[{"href":"https:\/\/www.europesays.com\/no\/wp-json\/wp\/v2\/posts\/107562","targetHints":{"allow":["GET"]}}],"collection":[{"href":"https:\/\/www.europesays.com\/no\/wp-json\/wp\/v2\/posts"}],"about":[{"href":"https:\/\/www.europesays.com\/no\/wp-json\/wp\/v2\/types\/post"}],"author":[{"embeddable":true,"href":"https:\/\/www.europesays.com\/no\/wp-json\/wp\/v2\/users\/2"}],"replies":[{"embeddable":true,"href":"https:\/\/www.europesays.com\/no\/wp-json\/wp\/v2\/comments?post=107562"}],"version-history":[{"count":0,"href":"https:\/\/www.europesays.com\/no\/wp-json\/wp\/v2\/posts\/107562\/revisions"}],"wp:featuredmedia":[{"embeddable":true,"href":"https:\/\/www.europesays.com\/no\/wp-json\/wp\/v2\/media\/107563"}],"wp:attachment":[{"href":"https:\/\/www.europesays.com\/no\/wp-json\/wp\/v2\/media?parent=107562"}],"wp:term":[{"taxonomy":"category","embeddable":true,"href":"https:\/\/www.europesays.com\/no\/wp-json\/wp\/v2\/categories?post=107562"},{"taxonomy":"post_tag","embeddable":true,"href":"https:\/\/www.europesays.com\/no\/wp-json\/wp\/v2\/tags?post=107562"}],"curies":[{"name":"wp","href":"https:\/\/api.w.org\/{rel}","templated":true}]}}