{"id":107581,"date":"2025-12-08T15:27:12","date_gmt":"2025-12-08T15:27:12","guid":{"rendered":"https:\/\/www.europesays.com\/no\/107581\/"},"modified":"2025-12-08T15:27:12","modified_gmt":"2025-12-08T15:27:12","slug":"vil-undersoke-regjeringens-kjop-av-masker-til-100-millioner-kroner","status":"publish","type":"post","link":"https:\/\/www.europesays.com\/no\/107581\/","title":{"rendered":"Vil unders\u00f8ke regjeringens kj\u00f8p av masker til 100 millioner kroner"},"content":{"rendered":"\n<ul class=\"_list_o9xde_3 _list_64s2r_85 _unordered_o9xde_106 text-sans-m\">\n<li class=\"_item_o9xde_30\">Venstre-leder Guri Melby kritiserer regjeringens kj\u00f8p av masker fra Watchbird for 100 millioner kroner.<\/li>\n<li class=\"_item_o9xde_30\">Test fra VG viser at en billig maske fra Biltema gir bedre beskyttelse mot t\u00e5regass.<\/li>\n<li class=\"_item_o9xde_30\">Melby varsler oppf\u00f8lging i Stortinget og reiser sp\u00f8rsm\u00e5l om forsvarsministerens unders\u00f8kelser.<\/li>\n<li class=\"_item_o9xde_30\">Forsvarsdepartementet baserte kj\u00f8pet p\u00e5 r\u00e5d fra Forsvarets forskningsinstitutt.<\/li>\n<\/ul>\n<p>Vis mer <\/p>\n<p class=\"_paragraph_o9xde_4 _paragraph_xtcu6_10 layout-component text-serif-m layout-normal text-serif-m layout-padded\"><a href=\"https:\/\/www.vg.no\/nyheter\/i\/L4pl4Q\/kjoeper-masker-fra-watchbird-for-100-millioner-naa-faar-jeg-ikke-puste\" data-track-element-type=\"Link\" data-track-id=\"link:L4pl4Q\" class=\"_link_o9xde_39\" rel=\"nofollow noopener\" target=\"_blank\">VG <\/a>skrev s\u00f8ndag om regjeringens kj\u00f8p av en maske som blant annet skal beskytte mot t\u00e5regass og gis i gave til Ukraina. <\/p>\n<p class=\"_paragraph_o9xde_4 _paragraph_xtcu6_10 layout-component text-serif-m layout-normal text-serif-m layout-padded\">VG testet masken mot en maske fra Biltema til 33 kroner, der sistnevnte ga bedre beskyttelse mot t\u00e5regass. <\/p>\n<p class=\"_paragraph_o9xde_4 _paragraph_xtcu6_10 layout-component text-serif-m layout-normal text-serif-m layout-padded\">Venstre-lederen varsler at partiet vil f\u00f8lge opp saken p\u00e5 Stortinget.<\/p>\n<p class=\"_paragraph_o9xde_4 _paragraph_xtcu6_10 layout-component text-serif-m layout-normal text-serif-m layout-padded\"><strong class=\"_strong_o9xde_25\">\u2013 Dette er helt \u00e5penbart en sak som vi er n\u00f8dt til \u00e5 g\u00e5 etter og finne ut hva som har skjedd, sier Melby<\/strong>.<\/p>\n<p><img decoding=\"async\" alt=\"Bilde av Guri Melby\" class=\"_image_ygndg_42\" height=\"40\" itemprop=\"image\" loading=\"lazy\"  src=\"https:\/\/www.europesays.com\/no\/wp-content\/uploads\/2025\/12\/7516acdd-86c8-4b2d-853d-09ace871f0f8\"  width=\"40\"\/><strong class=\"_name_ygndg_51 title-serif-xs\">Guri Melby<\/strong><\/p>\n<p class=\"_paragraph_o9xde_4 text-sans-m _description_ygndg_56\">Leder av partiet Venstre. <\/p>\n<p class=\"_paragraph_o9xde_4 _paragraph_xtcu6_10 layout-component text-serif-m layout-normal text-serif-m layout-padded\">\u2013 Sp\u00f8rsm\u00e5let er jo da hva slags unders\u00f8kelser har egentlig forsvarsministeren gjort n\u00e5r han heier p\u00e5 denne anskaffelsen? fortsetter hun.<\/p>\n<p class=\"_paragraph_o9xde_4 _paragraph_xtcu6_10 layout-component text-serif-m layout-normal text-serif-m layout-padded\">Venstre-lederen reagerer etter \u00e5 ha lest VGs sak om maskeavtalen.<\/p>\n<p class=\"_paragraph_o9xde_4 _paragraph_xtcu6_10 layout-component text-serif-m layout-normal text-serif-m layout-padded\">\u2013 For det f\u00f8rste ser det ut som vi bruker 100 millioner p\u00e5 et ubrukelig produkt. For det andre at vi gir utstyr til Ukraina som er d\u00e5rligere enn det de kunne ha f\u00e5tt p\u00e5 hvilken som helst butikk som selger vanlige munnbind, sier Melby.<\/p>\n<p class=\"_paragraph_o9xde_4 _paragraph_xtcu6_10 layout-component text-serif-m layout-normal text-serif-m layout-padded\">VG-reporteren med Watchbirds maske (nederst) er inne i 21 sekunder, mens kollegaen med s\u00e5kalte FFP3-maskeFFP3-maskeEtter en europeisk standard som kalles EN 149, deles pustemasker inn i tre beskyttelsesniv\u00e5er: FFP1, FFP2 og FFP3. Det er stor forskjell i hva masker p\u00e5 forskjellige niv\u00e5er beskytter mot.<br \/>\nFFP1 gir laveste beskyttelse. fra Biltema g\u00e5r ut av teltet etter 69 sekunder. <\/p>\n<p class=\"_paragraph_o9xde_4 _paragraph_xtcu6_10 layout-component text-serif-m layout-normal text-serif-m layout-padded\">VG har konfrontert Watchbird med uttalelsene fra Melby og andre politikere i denne saken. <\/p>\n<p class=\"_paragraph_o9xde_4 _paragraph_xtcu6_10 layout-component text-serif-m layout-normal text-serif-m layout-padded\">Bj\u00f8rn Richard Johansen i PR-byr\u00e5et Geelmuyden Kiese svarer p\u00e5 vegne av selskapet. <\/p>\n<p class=\"_paragraph_o9xde_4 _paragraph_xtcu6_10 layout-component text-serif-m layout-normal text-serif-m layout-padded\">\u2013 Safegaiter er et patentert produkt med partikkelfilter beregnet for milit\u00e6re operasjoner der soldater utsettes for luftb\u00e5rne partikler som st\u00f8v, sot, r\u00f8yk, jord og CS i aerosolformCS i aerosolformSm\u00e5 partikler eller \u00f8rsm\u00e5 dr\u00e5per som svever i lufta.. Dette er den typen luftforurensning som utgj\u00f8r en vedvarende helse- og operativ belastning over tid i felt og som produktet er lagd for \u00e5 motvirke, skriver Johansen i e-post til VG.<\/p>\n<p class=\"_paragraph_o9xde_4 _paragraph_xtcu6_10 layout-component text-serif-m layout-normal text-serif-m layout-padded\">F\u00f8r Forsvarsdepartementet tok en avgj\u00f8relse om \u00e5 kj\u00f8pe maskene, fikk de en anbefaling fra forskningsleder \u00d8yvind Voie ved Forsvarets forskningsinstitutt (FFI).<\/p>\n<p class=\"_paragraph_o9xde_4 _paragraph_xtcu6_10 layout-component text-serif-m layout-normal text-serif-m layout-padded\">Forskningslederen skrev at Watchbirds utstyr er s\u00e6rlig relevant fordi det brukes t\u00e5regass i Ukraina:<\/p>\n<p class=\"_paragraph_o9xde_4 _paragraph_xtcu6_10 layout-component text-serif-m layout-normal text-serif-m layout-padded\">\u00abDette er s\u00e6rlig relevant i lys av dokumentert bruk av CS-aerosolerCS-aerosolerSm\u00e5 partikler eller \u00f8rsm\u00e5 dr\u00e5per som svever i lufta. i Ukraina, der middelet anvendes for \u00e5 tvinge soldater ut av beskyttede stillinger. I slike scenarier kan lavterskel beskyttelsesutstyr bidra til \u00e5 redusere eksponering, opprettholde operativ kapasitet og beskytte helse.\u00bb<\/p>\n<p class=\"_paragraph_o9xde_4 _paragraph_xtcu6_10 layout-component text-serif-m layout-normal text-serif-m layout-padded\">If\u00f8lge Venstre-lederen er det p\u00e5 et niv\u00e5 mulig \u00e5 forst\u00e5 at departementet har tillit til Forsvarets forskningsinstitutt (FFI) n\u00e5r instituttet g\u00e5r god for produktet.<\/p>\n<p class=\"_paragraph_o9xde_4 _paragraph_xtcu6_10 layout-component text-serif-m layout-normal text-serif-m layout-padded\">\u2013 Saken viser i hvert fall at departementet har en enormt h\u00f8y tillit til Forsvarets forskningsinstitutt (FFI), sier Melby.<\/p>\n<p> <img decoding=\"async\" alt=\"Rolf J. Wider\u00f8e\" class=\"_image_uv074_179\" src=\"https:\/\/www.europesays.com\/no\/wp-content\/uploads\/2025\/12\/1765207629_612_3dbc548d-922e-4780-98d2-50bfdc448f42\" width=\"480\"\/>Einar Otto Stangvik<\/p>\n<p class=\"text-sans-s\">Reporter<\/p>\n<p><img decoding=\"async\" alt=\"Einar Otto Stangvik\" class=\"_image_uv074_179\" src=\"https:\/\/www.europesays.com\/no\/wp-content\/uploads\/2025\/12\/1765207630_37_de6bbb4f-4b11-4b77-966d-eac0982e115b\" width=\"480\"\/>Kontakt Einar Otto Stangvik <\/p>\n<p class=\"_paragraph_o9xde_4 _paragraph_xtcu6_10 layout-component text-serif-m layout-normal text-serif-m layout-padded\">Venstre-leder Melby trekker frem alvoret i situasjonen i Ukraina.<\/p>\n<p class=\"_paragraph_o9xde_4 _paragraph_xtcu6_10 layout-component text-serif-m layout-normal text-serif-m layout-padded\"><strong class=\"_strong_o9xde_25\">\u2013 Vi risikerer at vi gj\u00f8r en alvorlig feil mot soldater som er i krig og utstyrer dem med noe som ikke fungerer, sier Venstre-lederen.<\/strong><\/p>\n<p class=\"_paragraph_o9xde_4 _paragraph_xtcu6_10 layout-component text-serif-m layout-normal text-serif-m layout-padded\">Hun reagerer ogs\u00e5 p\u00e5 at masken ikke brukes av det norske forsvaret.<\/p>\n<p class=\"_paragraph_o9xde_4 _paragraph_xtcu6_10 layout-component text-serif-m layout-normal text-serif-m layout-padded\">\u2013 Vi velger \u00e5 gi noe til Ukraina som v\u00e5re egne soldater ikke \u00f8nsker \u00e5 bruke, noe som er oppsiktsvekkende i seg selv, sier Melby.<\/p>\n<p>I strid med Nansen-programmet<\/p>\n<p class=\"_paragraph_o9xde_4 _paragraph_xtcu6_10 layout-component text-serif-m layout-normal text-serif-m layout-padded\">Melby mener anskaffelsen g\u00e5r imot prinsippene for Nansen-programmetNansen-programmetNorge skal gi opptil 205 milliarder kroner i st\u00f8tte til Ukraina frem til 2030, og st\u00f8tten gis via dette programmet., der Norge skal gi Ukraina det de trenger.<\/p>\n<p class=\"_paragraph_o9xde_4 _paragraph_xtcu6_10 layout-component text-serif-m layout-normal text-serif-m layout-padded\">\u2013 Dette er jo i direkte motstrid til det regjeringen mange ganger har l\u00f8ftet fram ved Nansen-programmet. Nemlig at Norge er veldig god p\u00e5 \u00e5 gi Ukraina det de trenger, og ikke det vi absolutt har veldig lyst til \u00e5 selge dem, sier hun.<\/p>\n<p><img alt=\"Guri Melby under en markering til st\u00f8tte for Ukraina foran Stortinget l\u00f8rdag formiddag.  Foto: Beate Oma Dahle \/ NTB\" class=\"_image_qp4xg_65 layout-component layout-normal\" data-fullscreen- data-track-element-type=\"Article image fullscreen\" data-track-name=\"ImageFullscreen\" decoding=\"async\" loading=\"lazy\" height=\"3519\" itemprop=\"image\"  src=\"https:\/\/www.europesays.com\/no\/wp-content\/uploads\/2025\/12\/025b0d5f-ad62-4e10-af36-4beb9c8f070c\"  style=\"object-position:0% 0%\" width=\"5279\"\/>Guri Melby under en markering til st\u00f8tte for Ukraina foran Stortinget l\u00f8rdag formiddag.  Foto: Beate Oma Dahle \/ NTB<\/p>\n<p class=\"_paragraph_o9xde_4 _paragraph_xtcu6_10 layout-component text-serif-m layout-normal text-serif-m layout-padded\">I en e-post til VG opplyser forsvarsminiater <a href=\"https:\/\/www.vg.no\/tag\/tore-o-sandvik?utm_source=vg-article&amp;utm_medium=auto-tagger&amp;utm_campaign=7pnAq3\" class=\"_link_o9xde_39\" rel=\"nofollow noopener\" target=\"_blank\">Tore O. Sandvik<\/a> at Forsvarsdepartementets beslutning var basert p\u00e5 den informasjonen de hadde tilgjengelig og faglige r\u00e5d i sommer. <\/p>\n<p class=\"_paragraph_o9xde_4 _paragraph_xtcu6_10 layout-component text-serif-m layout-normal text-serif-m layout-padded\">\u2013 Hvis det er ny informasjon som tilsier at maskene ikke m\u00f8ter ukrainske behov, vil dette m\u00e5tte h\u00e5ndteres gjennom de p\u00e5g\u00e5ende forhandlingene med selskapet f\u00f8r endelig signering av kontrakt, skriver Sandvik.<\/p>\n<p><img alt=\"Slik s\u00e5 det ut det VG testet maskene selv i gassbu.\" class=\"_image_qp4xg_65 layout-component layout-left\" data-fullscreen- data-track-element-type=\"Article image fullscreen\" data-track-name=\"ImageFullscreen\" decoding=\"async\" loading=\"lazy\" height=\"3822\" itemprop=\"image\"  src=\"https:\/\/www.europesays.com\/no\/wp-content\/uploads\/2025\/12\/b8d5947e-7e27-4a0c-b6af-8c810835255d\"  style=\"object-position:0% 0%\" width=\"4284\"\/>Slik s\u00e5 det ut det VG testet maskene selv i gassbu.\u2013 Virker ikke redelig<\/p>\n<p class=\"_paragraph_o9xde_4 _paragraph_xtcu6_10 layout-component text-serif-m layout-normal text-serif-m layout-padded\">Leder av Fremskrittspartiet, Sylvi Listhaug, har sendt sp\u00f8rsm\u00e5l til forsvarsminister Tore O. Sandvik etter VGs avls\u00f8ring: <\/p>\n<p class=\"_paragraph_o9xde_4 _paragraph_xtcu6_10 layout-component text-serif-m layout-normal text-serif-m layout-padded\">\u2013 Vil statsr\u00e5den iverksette tiltak for \u00e5 gjennomg\u00e5 kvalitetskontrollen av produkter som sendes til Ukraina og ansvarlig gj\u00f8re de instanser som har \u00abgodkjent\u00bb denne anskaffelsen?<\/p>\n<p class=\"_paragraph_o9xde_4 _paragraph_xtcu6_10 layout-component text-serif-m layout-normal text-serif-m layout-padded\">Hennes partikollega, Morten Kolbj\u00f8rnsen, reagerer p\u00e5 regjeringens maskeinnkj\u00f8p p\u00e5 100 millioner kroner.<\/p>\n<p class=\"_paragraph_o9xde_4 _paragraph_xtcu6_10 layout-component text-serif-m layout-normal text-serif-m layout-padded\">\u2013 Dette er jo sv\u00e6rt betenkelig. Dette virker ikke redelig for fem \u00f8re, sier Kolbj\u00f8rnsen til VG.<\/p>\n<p><img decoding=\"async\" alt=\"Bilde av Morten Kolbj\u00f8rnsen\" class=\"_image_ygndg_42\" height=\"27\" itemprop=\"image\" loading=\"lazy\"  src=\"https:\/\/www.europesays.com\/no\/wp-content\/uploads\/2025\/12\/3cde900a-cd44-4b4b-b169-d8563d481869\"  width=\"40\"\/><strong class=\"_name_ygndg_51 title-serif-xs\">Morten Kolbj\u00f8rnsen<\/strong><\/p>\n<p class=\"_paragraph_o9xde_4 text-sans-m _description_ygndg_56\">FrP<\/p>\n<p class=\"_paragraph_o9xde_4 _paragraph_xtcu6_10 layout-component text-serif-m layout-normal text-serif-m layout-padded\">Han er pensjonert oberst som har jobbet 20 \u00e5r i Forsvaret.<\/p>\n<p class=\"_paragraph_o9xde_4 _paragraph_xtcu6_10 layout-component text-serif-m layout-normal text-serif-m layout-padded\">\u2013 Det er et helt sentralt poeng: Hvilke kontrollsp\u00f8rsm\u00e5l har departementet stilt? Har de sjekket underlagsmaterialet? Eller holder det at det st\u00e5r \u00abvurdert av FFI\u00bb? Her virker det som om det har v\u00e6rt \u00abkj\u00f8r p\u00e5\u00bb uten kvalitetssikring, sier Kolbj\u00f8rnsen.<\/p>\n<p>Krever stans <\/p>\n<p class=\"_paragraph_o9xde_4 _paragraph_xtcu6_10 layout-component text-serif-m layout-normal text-serif-m layout-padded\">Bj\u00f8rnar Moxnes fra R\u00f8dt reagerer ogs\u00e5.<\/p>\n<p class=\"_paragraph_o9xde_4 _paragraph_xtcu6_10 layout-component text-serif-m layout-normal text-serif-m layout-padded\">\u2013 Det vi leser her er h\u00e5rreisende og skandal\u00f8st. Dette kan svekke tilliten til st\u00f8tten som et samlet Stortinget gir til Ukraina. Det er nesten ikke til \u00e5 tro, sier Moxnes.<\/p>\n<p><img decoding=\"async\" alt=\"Bilde av Bj\u00f8rnar Moxnes\" class=\"_image_ygndg_42\" height=\"27\" itemprop=\"image\" loading=\"lazy\"  src=\"https:\/\/www.europesays.com\/no\/wp-content\/uploads\/2025\/12\/18124460-f56b-4d1f-966c-8f6dc6a4cf21\"  width=\"40\"\/><strong class=\"_name_ygndg_51 title-serif-xs\">Bj\u00f8rnar Moxnes<\/strong><\/p>\n<p class=\"_paragraph_o9xde_4 _paragraph_xtcu6_10 layout-component text-serif-m layout-normal text-serif-m layout-padded\">Han representerer R\u00f8dt i Forsvars- og utenrikskomiteen i Stortinget. Han vil umiddelbart kreve svar fra forsvarsminister Tore A. Sandvik som inngikk avtalen.<\/p>\n<p class=\"_paragraph_o9xde_4 _paragraph_xtcu6_10 layout-component text-serif-m layout-normal text-serif-m layout-padded\">\u2013 F\u00f8rst m\u00e5 denne anskaffelsen stoppes. Deretter vil vi kreve svar fra forsvarsministeren om hvordan dette har kunnet skje, og om de fortsatt vil g\u00e5 videre i lys av VGs dokumentasjon, sier Moxnes.<\/p>\n<p class=\"_paragraph_o9xde_4 _paragraph_xtcu6_10 layout-component text-serif-m layout-normal text-serif-m layout-padded\">I tillegg \u00f8nsker han \u00e5 f\u00e5 avklart om dette er et enkeltst\u00e5ende tilfelle \u2013 eller om annet nyutviklet milit\u00e6rt utstyr er donert eller planlagt donert til Ukraina uten n\u00f8dvendig testing.<\/p>\n<p class=\"_paragraph_o9xde_4 _paragraph_xtcu6_10 layout-component text-serif-m layout-normal text-serif-m layout-padded\">Talsmann Bj\u00f8rn Richard Johansen i Geelmuyden Kiese, talsmann for Watchbird AS, sier f\u00f8lgende om VGs test av maskene: <\/p>\n<p class=\"_paragraph_o9xde_4 _paragraph_xtcu6_10 layout-component text-serif-m layout-normal text-serif-m layout-padded\">\u2013 Idet en CS-granat aktiveres, varmes stoffet opp og sprer seg i noen f\u00e5 sekunder. I de sekundene skal det brukes gassmaske. Deretter reagerer CS med fuktighet i luften og g\u00e5r raskt over til aerosolpartikleraerosolpartiklerSm\u00e5 partikler eller \u00f8rsm\u00e5 dr\u00e5per som svever i lufta. som kan bli hengende i luften i lang tid. Det er disse aerosolene Safegaiter er utviklet for \u00e5 filtrere. Det finnes ikke finnes et spesialtilpasset produkt for slik beskyttelse fra f\u00f8r, sier han. <\/p>\n<p><img decoding=\"async\" alt=\"Bilde av Bj\u00f8rn Richard Johansen\" class=\"_image_ygndg_42\" height=\"27\" itemprop=\"image\" loading=\"lazy\"  src=\"https:\/\/www.europesays.com\/no\/wp-content\/uploads\/2025\/12\/d2688a75-1c8b-45ff-b463-fbe2166cf3d6\"  width=\"40\"\/><strong class=\"_name_ygndg_51 title-serif-xs\">Bj\u00f8rn Richard Johansen<\/strong><\/p>\n<p class=\"_paragraph_o9xde_4 text-sans-m _description_ygndg_56\">Kommersiell direkt\u00f8r i Geelmuyden Kiese.<\/p>\n<p class=\"_paragraph_o9xde_4 _paragraph_xtcu6_10 layout-component text-serif-m layout-normal text-serif-m layout-padded\">Han legger ogs\u00e5 til: <\/p>\n<p class=\"_paragraph_o9xde_4 _paragraph_xtcu6_10 layout-component text-serif-m layout-normal text-serif-m layout-padded\">\u2013 VGs test i et gasstelt viser situasjonen ved h\u00f8y konsentrasjon umiddelbart etter detonasjon av en CS-granat (eller tenning av tabletter), f\u00f8r den g\u00e5r over i partikler som fanges av Safegaiter. Safegaiter er ikke designet for denne fasen, men for den operative hverdagen som varer betydelig lenger og der gassmaske ikke praktisk kan brukes kontinuerlig, slik for eksempel situasjonen er for ukrainske soldater i felt.<\/p>\n<p class=\"_paragraph_o9xde_4 _paragraph_xtcu6_10 layout-component text-serif-m layout-normal text-serif-m layout-padded\">P\u00e5 kritikken fra Moxnes og politikerne, svarer Johansen: <\/p>\n<p class=\"_paragraph_o9xde_4 _paragraph_xtcu6_10 layout-component text-serif-m layout-normal text-serif-m layout-padded\">\u2013 Vi forst\u00e5r selvsagt at det kan stilles sp\u00f8rsm\u00e5l n\u00e5r vi har sett dekningen i helgen. Vi gleder oss til \u00e5 fremover bidra med god informasjon og faglig dokumentasjon som underbygger produktets gode kvaliteter, slik at de som har interesse n\u00e5 f\u00e5r enda mer innsikt i det unike med Safegaiter.<\/p>\n<p class=\"_paragraph_o9xde_4 _paragraph_xtcu6_10 layout-component text-serif-m layout-normal text-serif-m layout-padded\">I arbeidet med masken har VG selv gjort omfattende fors\u00f8k p\u00e5 \u00e5 finne ut hvilken beskyttelse den gir mot partikler i luften. <\/p>\n<p class=\"_paragraph_o9xde_4 _paragraph_xtcu6_10 layout-component text-serif-m layout-normal text-serif-m layout-padded\"><strong class=\"_strong_o9xde_25\">Disse fors\u00f8kene er ikke vitenskapelige:<\/strong><\/p>\n<p>Slik gjennomf\u00f8rte VG partikkeltestene<\/p>\n<p class=\"_paragraph_o9xde_4 _paragraph_xtcu6_10 _paragraph_16v91_10 layout-component text-serif-m layout-normal text-sans-m layout-padded\">Test-oppsettet best\u00e5r i hovedsak av en lufttett boks, laget av ramme i aluminium og laserkuttet, klar akryl, med n\u00f8dvendige hull og innfestinger.<\/p>\n<p class=\"_paragraph_o9xde_4 _paragraph_xtcu6_10 _paragraph_16v91_10 layout-component text-serif-m layout-normal text-sans-m layout-padded\">Boksen har to punkter for innluft og to punkter for utluft:<\/p>\n<ul class=\"_list_o9xde_3 _list_xtcu6_9 _list_16v91_9 _unordered_o9xde_106 layout-component text-serif-m layout-normal text-sans-m layout-padded\">\n<li class=\"_item_o9xde_30\">Innluft 1 er HEPA-filtrert, det vil si tettet med h\u00f8yeffektivt partikkelfilter, for \u00e5 begrense innslipp av partikler utover kontrollert innslipp mens viftene g\u00e5r.\u00a0<\/li>\n<li class=\"_item_o9xde_30\">Innluft 2 er koblet til partikkelkilde.<\/li>\n<\/ul>\n<p class=\"_paragraph_o9xde_4 _paragraph_xtcu6_10 _paragraph_16v91_10 layout-component text-serif-m layout-normal text-sans-m layout-padded\">Foran i boksen st\u00e5r et 3D-printet hode i plast, basert laget med den h\u00f8yoppl\u00f8ste 3D-skanneren Revopoint Miraco Plus. Omr\u00e5det rundt nese, munn, kinn og hals har et mykt lag silikon, for \u00e5 etterligne hudens luftisolerende egenskaper. Dette er laget ved f\u00f8rst \u00e5 gj\u00f8re negativ gipsavst\u00f8pning av hodemodellen, deretter formst\u00f8p av silikon (merke Smooth-On, ment til realistiske utkledningsmasker).<\/p>\n<p class=\"_paragraph_o9xde_4 _paragraph_xtcu6_10 _paragraph_16v91_10 layout-component text-serif-m layout-normal text-sans-m layout-padded\">Hodet har \u00e5pning for munn og nesebor, med r\u00f8r som strekker seg mer eller mindre rett ut p\u00e5 baksiden. Kanalen gjennom hodet, samt r\u00f8r bakenfor, er ment \u00e5 gi luften som trekkes inn mulighet til \u00e5 blandes.<\/p>\n<p class=\"_paragraph_o9xde_4 _paragraph_xtcu6_10 _paragraph_16v91_10 layout-component text-serif-m layout-normal text-sans-m layout-padded\">I bakkant av r\u00f8ret g\u00e5r det et nedsenket sidespor til en partikkelsensor. Denne sensoren har en egen liten vifte, som trekker litt av luften i hovedkanalen gjennom sensoren, f\u00f8r den g\u00e5r ut av boksen gjennom Utluft 2.<\/p>\n<p class=\"_paragraph_o9xde_4 _paragraph_xtcu6_10 _paragraph_16v91_10 layout-component text-serif-m layout-normal text-sans-m layout-padded\">Hovedkanalen g\u00e5r, etter sidesporet, via en flytsensor, som m\u00e5ler antall liter luft som passerer per minutt, og videre inn i en kraftig vifte, deretter ut av boksen gjennom Utluft 1.<\/p>\n<p class=\"_paragraph_o9xde_4 _paragraph_xtcu6_10 _paragraph_16v91_10 layout-component text-serif-m layout-normal text-sans-m layout-padded\">Viften, flytsensoren og partikkelsensoren er koblet til et egenutviklet datakretskort, med to mikrokontrollere.<\/p>\n<p class=\"_paragraph_o9xde_4 _paragraph_xtcu6_10 _paragraph_16v91_10 layout-component text-serif-m layout-normal text-sans-m layout-padded\">Den ene mikrokontrolleren er programmert til \u00e5 f\u00f8lge med p\u00e5, og rapportere verdier fra, partikkelsensoren.<\/p>\n<p class=\"_paragraph_o9xde_4 _paragraph_xtcu6_10 _paragraph_16v91_10 layout-component text-serif-m layout-normal text-sans-m layout-padded\">Den andre mikrokontrolleren f\u00f8lger med p\u00e5 luftflyt gjennom hovedkanalen, og styrer hastigheten p\u00e5 hovedviften. Denne styringen er basert p\u00e5 antall liter luft per minutt som man \u00f8nsker gjennom systemet, og benytter s\u00e5kalt PID-algoritme for \u00e5 oppn\u00e5 dette. Justeringen er n\u00f8dvendig blant annet fordi ulike masketyper kan ha ulik pustemotstand. VG har utf\u00f8rt tester med luftflyt ment \u00e5 tilsvare moderat pust, som ved hurtig gange eller lett sykling.<\/p>\n<p class=\"_paragraph_o9xde_4 _paragraph_xtcu6_10 _paragraph_16v91_10 layout-component text-serif-m layout-normal text-sans-m layout-padded\">Data fra partikkelsensor, flytsensor og vifte sendes til en tjeneste p\u00e5 annen datamaskin, og loggf\u00f8res sammenstilt. Slik kan man senere se akkurat hva luftflyt var p\u00e5 et tidspunkt, sammen med antall partikler og samlet partikkelmasse (mikrogram per kubikkmeter luft) p\u00e5 intervallene fra 0,3 mikrometer og oppover. For \u00e5 sette st\u00f8rrelsen 0,3 mikrometer i perspektiv, s\u00e5 er et menneskeh\u00e5r i omr\u00e5det 233 ganger bredere.<\/p>\n<p class=\"_paragraph_o9xde_4 _paragraph_xtcu6_10 _paragraph_16v91_10 layout-component text-serif-m layout-normal text-sans-m layout-padded\">P\u00e5 toppen av denne tjenesten er det utviklet en webserver, hvor opptak av testen ogs\u00e5 ligger synkronisert, slik at man kan spole seg gjennom til en bestemt test og se hvordan det s\u00e5 ut, samt sensor- og vifteverdier.<\/p>\n<p class=\"_paragraph_o9xde_4 _paragraph_xtcu6_10 _paragraph_16v91_10 layout-component text-serif-m layout-normal text-sans-m layout-padded\">Testene ble utf\u00f8rt i to omganger, 2\/10\/2025 og 21\/10\/2025.<\/p>\n<p>Vis mer    <\/p>\n","protected":false},"excerpt":{"rendered":"Venstre-leder Guri Melby kritiserer regjeringens kj\u00f8p av masker fra Watchbird for 100 millioner kroner. Test fra VG viser&hellip;\n","protected":false},"author":2,"featured_media":107582,"comment_status":"","ping_status":"","sticky":false,"template":"","format":"standard","meta":{"footnotes":""},"categories":[10],"tags":[20,21,24,25,8437,15,22,23,13,30,28,281,29,14,16,3166,26,27,1566],"class_list":{"0":"post-107581","1":"post","2":"type-post","3":"status-publish","4":"format-standard","5":"has-post-thumbnail","7":"category-norge","8":"tag-breaking-news","9":"tag-breakingnews","10":"tag-featured-news","11":"tag-featurednews","12":"tag-forsvarets-forskningsinstitutt-ffi","13":"tag-headlines","14":"tag-latest-news","15":"tag-latestnews","16":"tag-news","17":"tag-no","18":"tag-norge","19":"tag-norsk-politikk","20":"tag-norway","21":"tag-nyheter","22":"tag-overskrifter","23":"tag-regjeringen","24":"tag-top-stories","25":"tag-topstories","26":"tag-tore-o-sandvik"},"share_on_mastodon":{"url":"https:\/\/pubeurope.com\/@no\/115684655138920608","error":""},"_links":{"self":[{"href":"https:\/\/www.europesays.com\/no\/wp-json\/wp\/v2\/posts\/107581","targetHints":{"allow":["GET"]}}],"collection":[{"href":"https:\/\/www.europesays.com\/no\/wp-json\/wp\/v2\/posts"}],"about":[{"href":"https:\/\/www.europesays.com\/no\/wp-json\/wp\/v2\/types\/post"}],"author":[{"embeddable":true,"href":"https:\/\/www.europesays.com\/no\/wp-json\/wp\/v2\/users\/2"}],"replies":[{"embeddable":true,"href":"https:\/\/www.europesays.com\/no\/wp-json\/wp\/v2\/comments?post=107581"}],"version-history":[{"count":0,"href":"https:\/\/www.europesays.com\/no\/wp-json\/wp\/v2\/posts\/107581\/revisions"}],"wp:featuredmedia":[{"embeddable":true,"href":"https:\/\/www.europesays.com\/no\/wp-json\/wp\/v2\/media\/107582"}],"wp:attachment":[{"href":"https:\/\/www.europesays.com\/no\/wp-json\/wp\/v2\/media?parent=107581"}],"wp:term":[{"taxonomy":"category","embeddable":true,"href":"https:\/\/www.europesays.com\/no\/wp-json\/wp\/v2\/categories?post=107581"},{"taxonomy":"post_tag","embeddable":true,"href":"https:\/\/www.europesays.com\/no\/wp-json\/wp\/v2\/tags?post=107581"}],"curies":[{"name":"wp","href":"https:\/\/api.w.org\/{rel}","templated":true}]}}