{"id":107613,"date":"2025-12-08T16:18:08","date_gmt":"2025-12-08T16:18:08","guid":{"rendered":"https:\/\/www.europesays.com\/no\/107613\/"},"modified":"2025-12-08T16:18:08","modified_gmt":"2025-12-08T16:18:08","slug":"19-aring-skjot-med-hagle-pa-storo-senteret-i-oslo-ringte-politiet-for-han-skjot","status":"publish","type":"post","link":"https:\/\/www.europesays.com\/no\/107613\/","title":{"rendered":"19-\u00e5ring skj\u00f8t med hagle p\u00e5 Storo-senteret i Oslo \u2013 ringte politiet f\u00f8r han skj\u00f8t"},"content":{"rendered":"<p>Kj\u00f8pesenteret ligger like ved Ring 3 vest i Oslo.<\/p>\n<p>\u2013 Vi ble oppringt av denne personen, som sa at han hadde v\u00e5pen og at han var p\u00e5 Storo Storsenter. Mens vi da var p\u00e5 vei, ble det avfyrt et skudd. Det fikk vi selvf\u00f8lgelig melding om fra mange som h\u00f8rte det, sier innsatsleder Tomm Berger i politiet til pressen p\u00e5 stedet.<\/p>\n<p>En 19 \u00e5r gammel mann bosatt i Oslo er siktet for grov befatning med skytev\u00e5pen og grove trusler etter hendelsen, opplyser oslopolitiet. Siktelsen kan bli utvidet. Siktede tas n\u00e5 h\u00e5nd om av helsepersonell. Han var samarbeidsvillig da han ble p\u00e5grepet.<\/p>\n<p>\u2013 Det er for tidlig \u00e5 si om han blir satt i arresten, sier Berger.<\/p>\n<p>Den siktede har enn\u00e5 ikke f\u00e5tt oppnevnt noen forsvarer, opplyser politiet til NTB.<\/p>\n<p>Hadde hagle, balltre og muligens kniv<\/p>\n<p>Politiet meldte om hendelsen like f\u00f8r klokka 11. Skuddet ble avfyrt i andre etasje p\u00e5 senteret, opplyser Berger.<\/p>\n<p>Politiet fikk raskt kontroll p\u00e5 v\u00e5penet. Det dreier seg om en hagle. Den ble funnet \u00abi umiddelbar n\u00e6rhet\u00bb til den mistenkte mannen. Det ble ogs\u00e5 funnet et balltre og en kniv, if\u00f8lge Berger.<\/p>\n<p>Innsatslederen sier at skuddet gikk i taket.<\/p>\n<p>\u2013 Det er vanskelig \u00e5 si, men det er ikke noe som tyder p\u00e5 at det er fors\u00f8kt \u00e5 skade noen, sier Berger.<\/p>\n<p>Politiet kommer til \u00e5 v\u00e6re p\u00e5 stedet med mange ressurser utover dagen.<\/p>\n<p>Vitner til hendelsen skal avh\u00f8res, og de f\u00e5r tilbud om hjelp fra legevakten hvis de trenger det.<\/p>\n<p>\u2013 Vi ser sv\u00e6rt alvorlig p\u00e5 bruk av v\u00e5pen i det offentlige rom, og bruk av skytev\u00e5pen er farlig. P\u00e5 et storsenter hvor det er masse mennesker, er skadepotensialet enormt, sier han.<\/p>\n<p>Kj\u00f8pesenteret \u00e5pnet igjen<\/p>\n<p>Da politiet meldte om hendelsen klokka 10.56, ba de folk holde seg unna senteret av hensyn til n\u00f8detatenes arbeid. En rekke politibiler rykket til stedet.<\/p>\n<p>Etter at politiet hadde s\u00f8kt gjennom store deler av senteret, ble omr\u00e5det ansett som trygt igjen.<\/p>\n<p>\u2013 V\u00e5r vurdering er at omr\u00e5det er trygt, og at senteret kan \u00e5pne for normal handel. Vi vil fortsatt ha et mindre omr\u00e5de inne p\u00e5 senteret som avsperret, skrev operasjonsleder Eirik Sannes i Oslo politidistrikt p\u00e5 politiloggen klokken 11.27.<\/p>\n<p>Alts\u00e5 var senteret stengt bare rundt en halvtime.<\/p>\n<p>Vitne: Rop om skyting<\/p>\n<p>Et vitne forteller til NTB at noen ropte at det var skyting.<\/p>\n<p>\u2013 Vi h\u00f8rte noen som ropte at det var skyting. Vi visste ikke hva som skjedde, men vi fikk beskjed om \u00e5 g\u00e5 inn i butikkene, som ble stengt, sier hun.<\/p>\n<p>Hun h\u00f8rte ikke noen smell.<\/p>\n<p>\u2013 Vi var inne der noen minutter, og etterp\u00e5 sa de at politiet hadde kontroll, sier hun videre.<\/p>\n<p>Deretter fikk alle beskjed via h\u00f8yttaler om \u00e5 forlate senteret.<\/p>\n<p>\u2013 Det var rolig, det var ingen l\u00f8ping og skriking. Alle gikk rolig ut, sier hun.<\/p>\n","protected":false},"excerpt":{"rendered":"Kj\u00f8pesenteret ligger like ved Ring 3 vest i Oslo. \u2013 Vi ble oppringt av denne personen, som sa&hellip;\n","protected":false},"author":2,"featured_media":107614,"comment_status":"","ping_status":"","sticky":false,"template":"","format":"standard","meta":{"footnotes":""},"categories":[5],"tags":[20,21,24,25,15,19,22,23,17,18,13,30,28,29,14,636,16,254,26,27],"class_list":{"0":"post-107613","1":"post","2":"type-post","3":"status-publish","4":"format-standard","5":"has-post-thumbnail","7":"category-overskrifter","8":"tag-breaking-news","9":"tag-breakingnews","10":"tag-featured-news","11":"tag-featurednews","12":"tag-headlines","13":"tag-hovedoppslag","14":"tag-latest-news","15":"tag-latestnews","16":"tag-main-news","17":"tag-mainnews","18":"tag-news","19":"tag-no","20":"tag-norge","21":"tag-norway","22":"tag-nyheter","23":"tag-oslo","24":"tag-overskrifter","25":"tag-politi","26":"tag-top-stories","27":"tag-topstories"},"share_on_mastodon":{"url":"https:\/\/pubeurope.com\/@no\/115684855392266206","error":""},"_links":{"self":[{"href":"https:\/\/www.europesays.com\/no\/wp-json\/wp\/v2\/posts\/107613","targetHints":{"allow":["GET"]}}],"collection":[{"href":"https:\/\/www.europesays.com\/no\/wp-json\/wp\/v2\/posts"}],"about":[{"href":"https:\/\/www.europesays.com\/no\/wp-json\/wp\/v2\/types\/post"}],"author":[{"embeddable":true,"href":"https:\/\/www.europesays.com\/no\/wp-json\/wp\/v2\/users\/2"}],"replies":[{"embeddable":true,"href":"https:\/\/www.europesays.com\/no\/wp-json\/wp\/v2\/comments?post=107613"}],"version-history":[{"count":0,"href":"https:\/\/www.europesays.com\/no\/wp-json\/wp\/v2\/posts\/107613\/revisions"}],"wp:featuredmedia":[{"embeddable":true,"href":"https:\/\/www.europesays.com\/no\/wp-json\/wp\/v2\/media\/107614"}],"wp:attachment":[{"href":"https:\/\/www.europesays.com\/no\/wp-json\/wp\/v2\/media?parent=107613"}],"wp:term":[{"taxonomy":"category","embeddable":true,"href":"https:\/\/www.europesays.com\/no\/wp-json\/wp\/v2\/categories?post=107613"},{"taxonomy":"post_tag","embeddable":true,"href":"https:\/\/www.europesays.com\/no\/wp-json\/wp\/v2\/tags?post=107613"}],"curies":[{"name":"wp","href":"https:\/\/api.w.org\/{rel}","templated":true}]}}