{"id":107615,"date":"2025-12-08T16:19:08","date_gmt":"2025-12-08T16:19:08","guid":{"rendered":"https:\/\/www.europesays.com\/no\/107615\/"},"modified":"2025-12-08T16:19:08","modified_gmt":"2025-12-08T16:19:08","slug":"mohamed-salah-sportsvarsel-mohamed-salah-vraket-fra-liverpool-troppen-etter-sjokktirade","status":"publish","type":"post","link":"https:\/\/www.europesays.com\/no\/107615\/","title":{"rendered":"Mohamed Salah, Sportsvarsel | Mohamed Salah vraket fra Liverpool-troppen etter sjokktirade"},"content":{"rendered":"\n<p>33-\u00e5ringen gikk hardt ut mot egen klubb i helgen.<\/p>\n<p><a href=\"https:\/\/www.liverpoolfc.com\/news\/liverpool-name-19-man-squad-inter-fixture\" rel=\"Follow nofollow noopener\" target=\"_blank\">Liverpool reiste mandag<\/a> til Milano der den regjerende seriemesteren i Premier League skal m\u00f8te Inter i Champions League. Med p\u00e5 flyet <a href=\"https:\/\/www.nettavisen.no\/sport\/salah-drama-hevder-liverpool-vurderer-grep\/s\/5-95-2768072\" rel=\"Follow nofollow noopener\" target=\"_blank\">var ikke Mohamed Salah<\/a>.<\/p>\n<p>Egypteren langet ut mot egen klubb og trener Arne Slot etter helgens 3-3-kamp mot Leeds. Der ble Salah v\u00e6rende p\u00e5 benken gjennom hele oppgj\u00f8ret.<\/p>\n<p>\u2013 Jeg har sagt mange ganger f\u00f8r at jeg har et godt forhold til manageren, men plutselig har vi ikke noe forhold. Jeg vet ikke hvorfor, sa han til et samlet pressekorps etter kampen.<\/p>\n<p>Slot skal holde pressekonferanse mandag kveld foran tirsdagens kamp mot Inter. Der ventes det at situasjonen til Salah blir hovedtema.<\/p>\n<p>I l\u00f8pet av Salahs seanse med pressen etter kampen mot Leeds fortalte kantspilleren at han er usikker p\u00e5 egen fremtid. Salah forventet \u00e5 ta del i Liverpools kamp mot Brighton i helgen, f\u00f8r spill i afrikamesterskapet med Egypt.<\/p>\n<p>\u2013 Jeg vet ikke hva som vil skje n\u00e5. Jeg kommer til \u00e5 v\u00e6re p\u00e5 Anfield for \u00e5 si ha det til fansen og s\u00e5 dra til afrikamesterskapet. Jeg vet ikke hva som vil skje n\u00e5r jeg er der.<\/p>\n<p>(\u00a9NTB)<\/p>\n","protected":false},"excerpt":{"rendered":"33-\u00e5ringen gikk hardt ut mot egen klubb i helgen. Liverpool reiste mandag til Milano der den regjerende seriemesteren&hellip;\n","protected":false},"author":2,"featured_media":107616,"comment_status":"","ping_status":"","sticky":false,"template":"","format":"standard","meta":{"footnotes":""},"categories":[59],"tags":[30,28,29,83,82],"class_list":{"0":"post-107615","1":"post","2":"type-post","3":"status-publish","4":"format-standard","5":"has-post-thumbnail","7":"category-sport","8":"tag-no","9":"tag-norge","10":"tag-norway","11":"tag-sport","12":"tag-sports"},"share_on_mastodon":{"url":"https:\/\/pubeurope.com\/@no\/115684859054244583","error":""},"_links":{"self":[{"href":"https:\/\/www.europesays.com\/no\/wp-json\/wp\/v2\/posts\/107615","targetHints":{"allow":["GET"]}}],"collection":[{"href":"https:\/\/www.europesays.com\/no\/wp-json\/wp\/v2\/posts"}],"about":[{"href":"https:\/\/www.europesays.com\/no\/wp-json\/wp\/v2\/types\/post"}],"author":[{"embeddable":true,"href":"https:\/\/www.europesays.com\/no\/wp-json\/wp\/v2\/users\/2"}],"replies":[{"embeddable":true,"href":"https:\/\/www.europesays.com\/no\/wp-json\/wp\/v2\/comments?post=107615"}],"version-history":[{"count":0,"href":"https:\/\/www.europesays.com\/no\/wp-json\/wp\/v2\/posts\/107615\/revisions"}],"wp:featuredmedia":[{"embeddable":true,"href":"https:\/\/www.europesays.com\/no\/wp-json\/wp\/v2\/media\/107616"}],"wp:attachment":[{"href":"https:\/\/www.europesays.com\/no\/wp-json\/wp\/v2\/media?parent=107615"}],"wp:term":[{"taxonomy":"category","embeddable":true,"href":"https:\/\/www.europesays.com\/no\/wp-json\/wp\/v2\/categories?post=107615"},{"taxonomy":"post_tag","embeddable":true,"href":"https:\/\/www.europesays.com\/no\/wp-json\/wp\/v2\/tags?post=107615"}],"curies":[{"name":"wp","href":"https:\/\/api.w.org\/{rel}","templated":true}]}}