{"id":107621,"date":"2025-12-08T16:30:16","date_gmt":"2025-12-08T16:30:16","guid":{"rendered":"https:\/\/www.europesays.com\/no\/107621\/"},"modified":"2025-12-08T16:30:16","modified_gmt":"2025-12-08T16:30:16","slug":"gianni-infantino-og-fifa-gjor-endringer-i-forbindelse-med-vm-det-blir-pauseintervju-med-spillere-og-trenere","status":"publish","type":"post","link":"https:\/\/www.europesays.com\/no\/107621\/","title":{"rendered":"Gianni Infantino og FIFA gj\u00f8r endringer i forbindelse med VM. Det blir pauseintervju med spillere og trenere"},"content":{"rendered":"<p class=\"kicker \" style=\"\">Kronprinsesse Mette-Marit:<\/p>\n<p>  Den norske kronprinsfamilien var p\u00e5 ulike oppdrag gjennom mandagen.<\/p>\n<p>\n    LESEKLUBBEN: Kronprinsesse Mette-Marit var mandag kveld til stede hos Kulturkriken Jakob. Foto: Brage Hegg\u00f8y \/ Dagbladet\n  <\/p>\n<p>Mandag kveld er kronprinsesse Mette-Marit (52) tilbake p\u00e5 jobb, og til stede hos Kulturkirken Jakob i Oslo. Her arrangerer NRK-podkasten \u00abLeseklubben\u00bb h\u00f8ytlesing av boka \u00abStargate\u00bb &#8211; en julefortelling.<\/p>\n<p>Det er\u00a0Kristoffer Olsen og Christine Lossius Thorin som er programledere for podkasten. Under mandagens utsolgte arrangement skal kronprinsessen lese prologen.<\/p>\n<p>    <a itemprop=\"url\" href=\"https:\/\/www.dagbladet.no\/kjendis\/grat-meg-i-sovn\/83953947\" rel=\"nofollow noopener\" target=\"_blank\"><\/p>\n<p>        <img loading=\"lazy\" decoding=\"async\" src=\"https:\/\/www.europesays.com\/no\/wp-content\/uploads\/2025\/12\/83954689.webp\" width=\"980\" height=\"441\" title=\"- Gr\u00e5t meg i s\u00f8vn\" alt=\"\" class=\"lazyload\" style=\"--aspect-ratio-image: 2.22; \"\/><\/p>\n<p>        &#8211; Gr\u00e5t meg i s\u00f8vn<\/p>\n<p>    <\/a><\/p>\n<p>I forbindelse med boka som skal leses, kom kronprinsessen med noen ord til de som ikke n\u00f8dvendigvis gleder seg til jula:<\/p>\n<p>&#8211; Jeg tror at alle de som gruer seg til jul b\u00f8r finne noen som kan st\u00f8tte dem litt. Vi kan ikke klare alt alene, men vi m\u00e5 finne hverandre. Det tror jeg er det viktigste, sier hun til Dagbladet utenfor kirka.<\/p>\n<p>        <img loading=\"lazy\" decoding=\"async\" src=\"https:\/\/www.europesays.com\/no\/wp-content\/uploads\/2025\/12\/83956138.webp\" width=\"686\" height=\"494\" title=\"P\u00c5 JOBB: Kronprinsessen skal lese prologen til boka \u00abStargate\u00bb. Foto: Brage Hegg\u00f8y \/ Dagbladet\" alt=\"\" class=\"\" style=\"--aspect-ratio-image: 1.39; \"\/><\/p>\n<p>\n        P\u00c5 JOBB: Kronprinsessen skal lese prologen til boka \u00abStargate\u00bb. Foto: Brage Hegg\u00f8y \/ Dagbladet\n    <\/p>\n<p>Mette-Marit er ikke den eneste som er p\u00e5 jobb mandag. Tidligere i dag deltok nemlig kronprins Haakon (52) og prinsesse Ingrid Alexandra (21) p\u00e5 et brislingtokt i Oslofjorden sammen med Havforskningsinstituttet<\/p>\n<p> &#8211; Det er veldig godt \u00e5 v\u00e6re hjemme i Norge. Borte bra, men hjemme best, sa prinsessen til pressen p\u00e5 kaia i Horten. <\/p>\n<p> &#8211; Det blir veldig kult. Det er noe jeg ikke kan s\u00e5 mye om fra f\u00f8r, s\u00e5 jeg gleder meg veldig til \u00e5 komme om bord og l\u00e6re mer.<\/p>\n<p>        <img loading=\"lazy\" decoding=\"async\" src=\"https:\/\/www.europesays.com\/no\/wp-content\/uploads\/2025\/12\/83955933.webp\" width=\"980\" height=\"559\" title=\"Foto: Heiko Junge \/ NTB\" alt=\"\" class=\"\" style=\"--aspect-ratio-image: 1.75; \"\/><\/p>\n<p>\n        Foto: Heiko Junge \/ NTB\n    <\/p>\n<p> Det kongelige f\u00f8lget gikk i land seinere samme dag, men toktet fortsetter til 11.desember for \u00e5 dekke hele Oslofjorden. <\/p>\n","protected":false},"excerpt":{"rendered":"Kronprinsesse Mette-Marit: Den norske kronprinsfamilien var p\u00e5 ulike oppdrag gjennom mandagen. LESEKLUBBEN: Kronprinsesse Mette-Marit var mandag kveld til&hellip;\n","protected":false},"author":2,"featured_media":107622,"comment_status":"","ping_status":"","sticky":false,"template":"","format":"standard","meta":{"footnotes":""},"categories":[59],"tags":[92,4145,30,28,29,83,82],"class_list":{"0":"post-107621","1":"post","2":"type-post","3":"status-publish","4":"format-standard","5":"has-post-thumbnail","7":"category-sport","8":"tag-fotball","9":"tag-herrelandslaget","10":"tag-no","11":"tag-norge","12":"tag-norway","13":"tag-sport","14":"tag-sports"},"share_on_mastodon":{"url":"https:\/\/pubeurope.com\/@no\/115684902865860213","error":""},"_links":{"self":[{"href":"https:\/\/www.europesays.com\/no\/wp-json\/wp\/v2\/posts\/107621","targetHints":{"allow":["GET"]}}],"collection":[{"href":"https:\/\/www.europesays.com\/no\/wp-json\/wp\/v2\/posts"}],"about":[{"href":"https:\/\/www.europesays.com\/no\/wp-json\/wp\/v2\/types\/post"}],"author":[{"embeddable":true,"href":"https:\/\/www.europesays.com\/no\/wp-json\/wp\/v2\/users\/2"}],"replies":[{"embeddable":true,"href":"https:\/\/www.europesays.com\/no\/wp-json\/wp\/v2\/comments?post=107621"}],"version-history":[{"count":0,"href":"https:\/\/www.europesays.com\/no\/wp-json\/wp\/v2\/posts\/107621\/revisions"}],"wp:featuredmedia":[{"embeddable":true,"href":"https:\/\/www.europesays.com\/no\/wp-json\/wp\/v2\/media\/107622"}],"wp:attachment":[{"href":"https:\/\/www.europesays.com\/no\/wp-json\/wp\/v2\/media?parent=107621"}],"wp:term":[{"taxonomy":"category","embeddable":true,"href":"https:\/\/www.europesays.com\/no\/wp-json\/wp\/v2\/categories?post=107621"},{"taxonomy":"post_tag","embeddable":true,"href":"https:\/\/www.europesays.com\/no\/wp-json\/wp\/v2\/tags?post=107621"}],"curies":[{"name":"wp","href":"https:\/\/api.w.org\/{rel}","templated":true}]}}