{"id":107623,"date":"2025-12-08T16:31:29","date_gmt":"2025-12-08T16:31:29","guid":{"rendered":"https:\/\/www.europesays.com\/no\/107623\/"},"modified":"2025-12-08T16:31:29","modified_gmt":"2025-12-08T16:31:29","slug":"sharon-osbourne-deler-rorende-hyllest-til-ozzy-pa-hans-bursdag","status":"publish","type":"post","link":"https:\/\/www.europesays.com\/no\/107623\/","title":{"rendered":"Sharon Osbourne deler r\u00f8rende hyllest til Ozzy p\u00e5 hans bursdag"},"content":{"rendered":"<p class=\"kicker \" style=\"\">Sharon Osbourne:\u00a0<\/p>\n<p>  Sharon og Ozzy Osbourne var gift i 42 \u00e5r, f\u00f8r han d\u00f8de br\u00e5tt tidligere i \u00e5r. Forrige uke skulle han ha fylt 77 \u00e5r.\u00a0<\/p>\n<p>\n    I BASSENGET: Sharon Osbourne og Ozzy Osbourne gir hverandre et kyss i bassenget. Sharon har delt flere glimt fra ekteskapet p\u00e5 Instagram. Foto: Instagram \/ @sharonosbourne\n  <\/p>\n<p>Onsdag forrige uke markerte Sharon Osbourne (73) det som skulle v\u00e6rt ektemannen Ozzy Osbourness 77-\u00e5rsdag med en hjerteskj\u00e6rende hyllest. <\/p>\n<p>    <a itemprop=\"url\" href=\"https:\/\/www.seher.no\/kjendis\/deler-hjertevarmt-siste-lofte\/83912281\" rel=\"nofollow noopener\" target=\"_blank\"><\/p>\n<p>        <img loading=\"lazy\" decoding=\"async\" src=\"https:\/\/www.europesays.com\/no\/wp-content\/uploads\/2025\/12\/1765211472_58_83912570.webp\" width=\"980\" height=\"441\" title=\"Ga l\u00f8fte f\u00f8r han d\u00f8de\" alt=\"\" class=\"lazyload\" style=\"--aspect-ratio-image: 2.22; \"\/><\/p>\n<p>        Ga l\u00f8fte f\u00f8r han d\u00f8de<\/p>\n<p>    <\/a><\/p>\n<p>Den ikoniske rockestjernen d\u00f8de 22. juli i \u00e5r, 76 \u00e5r gammel. D\u00f8ds\u00e5rsaken var hjertestans. Da hadde han og Sharon v\u00e6rt gift i over 42 \u00e5r, og v\u00e6rt kj\u00e6rester enda lenger.\u00a0<\/p>\n<p>        TATT P\u00c5 FERSKEN: Hva befinner seg under Skal vi danse-dommernes bord? Jan Thomas har svaret. Reporter: Nora Skavhaug \/ Foto: Danny Son To \/ R\u00f8d L\u00f8per <\/p>\n<p> P\u00e5 Instagram delte hun en rekke nye og tidligere usette bilder fra livet deres sammen. <\/p>\n<p>\u00abMin kj\u00e6re ektemann, i dag feirer jeg dagen du ble f\u00f8dt. Jeg vil aldri slippe h\u00e5nden din f\u00f8r vi m\u00f8tes p\u00e5 den andre siden\u00bb, skrev hun p\u00e5 Instagram.\u00a0<\/p>\n<p>Sharon la ogs\u00e5 ut en video av en blomsterhilsen p\u00e5 Black Sabbath Bridge i Birmingham med teksten \u00abHappy Birthday Ozzy\u00bb.<\/p>\n<p>I bakgrunnen spilte rockeikonets l\u00e5t, \u00abSee You on the Other Side\u00bb.\u00a0<\/p>\n<p>        <img loading=\"lazy\" decoding=\"async\" src=\"https:\/\/www.europesays.com\/no\/wp-content\/uploads\/2025\/12\/83955677.webp\" width=\"686\" height=\"693\" title=\"HOLDT HENDER: Sharon og Ozzy var gift i 42 \u00e5r, og hadde kjent hverandre enda lenger. Foto: Skjermbilde: @sharonosbourne \/ Instagram\" alt=\"\" class=\"\" style=\"--aspect-ratio-image: 0.99; \"\/><\/p>\n<p>\n        HOLDT HENDER: Sharon og Ozzy var gift i 42 \u00e5r, og hadde kjent hverandre enda lenger. Foto: Skjermbilde: @sharonosbourne \/ Instagram\n    <\/p>\n<p>        <img loading=\"lazy\" decoding=\"async\" src=\"https:\/\/www.europesays.com\/no\/wp-content\/uploads\/2025\/12\/83955650.webp\" width=\"579\" height=\"579\" title=\"HYLLEST: Sharon delte flere bilder av seg selv og ektemannen opp gjennom \u00e5rene p\u00e5 Instagram. Foto: Skjermbilde: @sharonosbourne \/ Instagram\" alt=\"\" class=\"\" style=\"--aspect-ratio-image: 1.00; \"\/><\/p>\n<p>\n        HYLLEST: Sharon delte flere bilder av seg selv og ektemannen opp gjennom \u00e5rene p\u00e5 Instagram. Foto: Skjermbilde: @sharonosbourne \/ Instagram\n    <\/p>\n<p>Et liv levd sammen\t<\/p>\n<p> Ozzy og Sharon m\u00f8ttes allerede p\u00e5 70-tallet. Den gangen var Sharons far manageren til Black Sabbath og Ozzy sto midt i bandets gjennombrudd. <\/p>\n<p>        <img loading=\"lazy\" decoding=\"async\" src=\"https:\/\/www.europesays.com\/no\/wp-content\/uploads\/2025\/12\/83946728.webp\" width=\"686\" height=\"762\" title=\"LONDON: Don Arden, ogs\u00e5 kjent som Harry Levy, avbildet sammen med skuespiller Miriam Karlin. Arden var manager i musikkbransjen og eier av Jet Records - og Sharons far. Foto: Evening News \/ REX \/ NTB\" alt=\"\" class=\"\" style=\"--aspect-ratio-image: 0.90; \"\/><\/p>\n<p>\n        LONDON: Don Arden, ogs\u00e5 kjent som Harry Levy, avbildet sammen med skuespiller Miriam Karlin. Arden var manager i musikkbransjen og eier av Jet Records &#8211; og Sharons far. Foto: Evening News \/ REX \/ NTB\n    <\/p>\n<p> Da Ozzy fikk sparken fra Black Sabbath i 1979, tr\u00e5dte Sharon frem som hans nye manager. Det profesjonelle samarbeidet utviklet seg raskt til et forhold.\u00a0<\/p>\n<p>Sammen bygde de b\u00e5de et liv og en solokarriere som skulle endre rockehistorien, i tillegg til realitysjangeren.\u00a0<\/p>\n<p>        <img loading=\"lazy\" decoding=\"async\" src=\"https:\/\/www.europesays.com\/no\/wp-content\/uploads\/2025\/12\/83946771.webp\" width=\"686\" height=\"714\" title=\"LOS ANGELES: Ozzy Osbourne fotografert med sin dav\u00e6rende forlovede Sharon i desember 1981, \u00e5ret f\u00f8r de giftet seg. Foto: Douglas Pizac \/ AP \/ NTB\" alt=\"\" class=\"\" style=\"--aspect-ratio-image: 0.96; \"\/><\/p>\n<p>\n        LOS ANGELES: Ozzy Osbourne fotografert med sin dav\u00e6rende forlovede Sharon i desember 1981, \u00e5ret f\u00f8r de giftet seg. Foto: Douglas Pizac \/ AP \/ NTB\n    <\/p>\n<p> I 1982 giftet de seg p\u00e5 Maui. \u00c5rene som fulgte ble preget av tre barn og\u00a0 verdenssuksess for Ozzys solokarriere.\u00a0<\/p>\n<p>Det var ogs\u00e5 lange perioder der Ozzys rusproblemer tynget familien. Likevel ble de v\u00e6rende hos hverandre. <\/p>\n<p>        <img loading=\"lazy\" decoding=\"async\" src=\"https:\/\/www.europesays.com\/no\/wp-content\/uploads\/2025\/12\/83946722.webp\" width=\"686\" height=\"604\" title=\"LONDON: Ozzy p\u00e5 scenen under en konsert p\u00e5 Hammersmith Odeon i september 1980. Starten av 80-tallet skal ha v\u00e6rt sterkt preget av rus for sangeren. Foto: Andre Csillag \/ REX \/ NTB\" alt=\"\" class=\"\" style=\"--aspect-ratio-image: 1.14; \"\/><\/p>\n<p>\n        LONDON: Ozzy p\u00e5 scenen under en konsert p\u00e5 Hammersmith Odeon i september 1980. Starten av 80-tallet skal ha v\u00e6rt sterkt preget av rus for sangeren. Foto: Andre Csillag \/ REX \/ NTB\n    <\/p>\n<p> Gjennom MTV-serien The Osbournes p\u00e5 2000-tallet \u00e5pnet de d\u00f8rene til hjemmet sitt og ble en av verdens mest omtalte familier. Serien viste b\u00e5de latteren, kranglene og den kompromissl\u00f8se lojaliteten mellom dem. <\/p>\n<p>        <img loading=\"lazy\" decoding=\"async\" src=\"https:\/\/www.europesays.com\/no\/wp-content\/uploads\/2025\/12\/83946769.webp\" width=\"686\" height=\"501\" title=\"HOLLYWOOD: Ozzy sammen med familien da han fikk sin stjerne p\u00e5 Walk of Fame i april 2002. Familien var samtidig aktuell med MTV-serien \u00abThe Osbournes\u00bb. Foto: Nick Ut \/ AP \/ NTB\" alt=\"\" class=\"\" style=\"--aspect-ratio-image: 1.37; \"\/><\/p>\n<p>\n        HOLLYWOOD: Ozzy sammen med familien da han fikk sin stjerne p\u00e5 Walk of Fame i april 2002. Familien var samtidig aktuell med MTV-serien \u00abThe Osbournes\u00bb. Foto: Nick Ut \/ AP \/ NTB\n    <\/p>\n<p> Krise og nytt kapittel \t<\/p>\n<p> I 2016 gjennomgikk ekteskapet en av sine t\u00f8ffeste kriser da Ozzy innr\u00f8mmet utroskap. Paret gikk i terapi og fornyet senere ekteskapsl\u00f8ftene sine.\u00a0<\/p>\n<p>Sharon beskrev det som starten p\u00e5 et nytt kapittel. <\/p>\n<p>        <img loading=\"lazy\" decoding=\"async\" src=\"https:\/\/www.europesays.com\/no\/wp-content\/uploads\/2025\/12\/83946773.webp\" width=\"686\" height=\"515\" title=\"STERKT: Ozzy og Sharon under en pressekonferanse i 2016. Paret sto sammen gjennom b\u00e5de karriere, familie og store utfordringer. Foto: Chris Pizzello \/ Invision \/ AP \/ NTB\" alt=\"\" class=\"\" style=\"--aspect-ratio-image: 1.33; \"\/><\/p>\n<p>\n        STERKT: Ozzy og Sharon under en pressekonferanse i 2016. Paret sto sammen gjennom b\u00e5de karriere, familie og store utfordringer. Foto: Chris Pizzello \/ Invision \/ AP \/ NTB\n    <\/p>\n<p> De siste \u00e5rene f\u00f8r Ozzy d\u00f8de, ble helsen stadig verre.\u00a0<\/p>\n<p>If\u00f8lge offisiell konsert- og turn\u00e9historikk holdt han opp med \u00e5 turnere jevnlig i 2023 p\u00e5 grunn av helseproblemer. <\/p>\n<p> Men i juli 2025 fikk fansen ett siste minne for livet.\u00a0<\/p>\n<p>        \u00abSKAL VI DANSE\u00bb: Tale Torjussen har tatt med dansepartner Antonio Careri hjem til familien. Video: Tiktok\/@antonio_careri<\/p>\n<p>Da sto Ozzy p\u00e5 scenen i Villa Park i hans hjemby Birmingham, som en del av avskjedskonserten \u00abBack to the Beginning\u00bb, en storsl\u00e5tt avslutningskonsert sammen med originalbesetningen fra Black Sabbath. <\/p>\n<p>        <img loading=\"lazy\" decoding=\"async\" src=\"https:\/\/www.europesays.com\/no\/wp-content\/uploads\/2025\/12\/83946777.webp\" width=\"686\" height=\"721\" title=\"BIRMINGHAM: Ozzy p\u00e5 storskjerm under \u00abBack to the Beginning\u00bb. Bare 17 dager senere gikk rockeikonet bort. Foto: Sachin Ravikumar \/ Reuters \/ NTB\" alt=\"\" class=\"\" style=\"--aspect-ratio-image: 0.95; \"\/><\/p>\n<p>\n        BIRMINGHAM: Ozzy p\u00e5 storskjerm under \u00abBack to the Beginning\u00bb. Bare 17 dager senere gikk rockeikonet bort. Foto: Sachin Ravikumar \/ Reuters \/ NTB\n    <\/p>\n<p> Til tross for at sykdommen hadde gjort ham ute av stand til \u00e5 st\u00e5 og Ozzy m\u00e5tte sitte p\u00e5 en flaggermus-trone p\u00e5 scenen, leverte han en r\u00f8rende avskjed med musikken.\u00a0<\/p>\n<p> Bare 17 dager senere overlot han scenen til de andre for siste gang. 22. juli 2025 d\u00f8de Ozzy, 76 \u00e5r gammel. <\/p>\n","protected":false},"excerpt":{"rendered":"Sharon Osbourne:\u00a0 Sharon og Ozzy Osbourne var gift i 42 \u00e5r, f\u00f8r han d\u00f8de br\u00e5tt tidligere i \u00e5r.&hellip;\n","protected":false},"author":2,"featured_media":107624,"comment_status":"","ping_status":"","sticky":false,"template":"","format":"standard","meta":{"footnotes":""},"categories":[58],"tags":[71,479,2543,30,28,29,2390,8320,72],"class_list":{"0":"post-107623","1":"post","2":"type-post","3":"status-publish","4":"format-standard","5":"has-post-thumbnail","7":"category-underholdning","8":"tag-entertainment","9":"tag-kjendis","10":"tag-kjendisdesken","11":"tag-no","12":"tag-norge","13":"tag-norway","14":"tag-ozzy-osbourne","15":"tag-sharon-osbourne","16":"tag-underholdning"},"share_on_mastodon":{"url":"https:\/\/pubeurope.com\/@no\/115684906594318618","error":""},"_links":{"self":[{"href":"https:\/\/www.europesays.com\/no\/wp-json\/wp\/v2\/posts\/107623","targetHints":{"allow":["GET"]}}],"collection":[{"href":"https:\/\/www.europesays.com\/no\/wp-json\/wp\/v2\/posts"}],"about":[{"href":"https:\/\/www.europesays.com\/no\/wp-json\/wp\/v2\/types\/post"}],"author":[{"embeddable":true,"href":"https:\/\/www.europesays.com\/no\/wp-json\/wp\/v2\/users\/2"}],"replies":[{"embeddable":true,"href":"https:\/\/www.europesays.com\/no\/wp-json\/wp\/v2\/comments?post=107623"}],"version-history":[{"count":0,"href":"https:\/\/www.europesays.com\/no\/wp-json\/wp\/v2\/posts\/107623\/revisions"}],"wp:featuredmedia":[{"embeddable":true,"href":"https:\/\/www.europesays.com\/no\/wp-json\/wp\/v2\/media\/107624"}],"wp:attachment":[{"href":"https:\/\/www.europesays.com\/no\/wp-json\/wp\/v2\/media?parent=107623"}],"wp:term":[{"taxonomy":"category","embeddable":true,"href":"https:\/\/www.europesays.com\/no\/wp-json\/wp\/v2\/categories?post=107623"},{"taxonomy":"post_tag","embeddable":true,"href":"https:\/\/www.europesays.com\/no\/wp-json\/wp\/v2\/tags?post=107623"}],"curies":[{"name":"wp","href":"https:\/\/api.w.org\/{rel}","templated":true}]}}