{"id":107625,"date":"2025-12-08T16:33:27","date_gmt":"2025-12-08T16:33:27","guid":{"rendered":"https:\/\/www.europesays.com\/no\/107625\/"},"modified":"2025-12-08T16:33:27","modified_gmt":"2025-12-08T16:33:27","slug":"slik-blir-teslas-juleoppdatering","status":"publish","type":"post","link":"https:\/\/www.europesays.com\/no\/107625\/","title":{"rendered":"Slik blir Teslas juleoppdatering"},"content":{"rendered":"<p class=\"kicker text-red color_mobile_text-red\" style=\"\">Tesla:<\/p>\n<p>  Ingen Carplay, men en god h\u00e5ndfull annet snacks.<\/p>\n<p>\n    Snart f\u00e5r norske Tesla-eiere \u00e5rets store juleoppdatering, riktignok med noe f\u00e6rre funksjoner enn i USA. Foto: Tesla\n  <\/p>\n<p>(Elbil24): \u00c5ret rundt sender Tesla s\u00e5kalte OTA-oppdateringer til bilene sine, men f\u00f8r jul pleier det \u00e5 komme en som er ekstra innholdsrik.<\/p>\n<p>Produsenten har allerede avsl\u00f8rt hva \u00e5rets juleoppdatering vil inneholde. Tradisjonelt blir den f\u00f8rst levert til ansattes biler, og etter hvert til resten av Tesla-fl\u00e5ten. I l\u00f8pet av en ukes tid vil den nok dukke opp ogs\u00e5 p\u00e5 biler i Norge.<\/p>\n<p>Grok-navigasjon\t<\/p>\n<p>I USA og Canada har Tesla allerede gitt bilene tilgang p\u00e5 Grok, alts\u00e5 chatboten til xAI \u2013 en konkurrent til ChatGPT. Dette er forel\u00f8pig ikke tilgjengelig p\u00e5 norske biler.<\/p>\n<p>P\u00e5 biler med Grok kan stemmeassistenten n\u00e5 brukes i utstrakt grad. Du kan for eksempel be om en reiserute som g\u00e5r innom tre store severdigheter i byen du er i, og s\u00e5 legges turen opp deretter.<\/p>\n<p>3D-visning\t<\/p>\n<p>I oppdateringen blir det slik at man kan se en 3D-modell av mange av Teslas ladestasjoner der det er lett \u00e5 f\u00e5 \u00f8ye p\u00e5 ledige ladepunkter.<\/p>\n<p>        <img loading=\"lazy\" decoding=\"async\" src=\"https:\/\/www.europesays.com\/no\/wp-content\/uploads\/2025\/12\/83952723.webp\" width=\"686\" height=\"618\" title=\"Foto: Tesla\" alt=\"\" class=\"\" style=\"--aspect-ratio-image: 1.11; \"\/><\/p>\n<p>\n        Foto: Tesla\n    <\/p>\n<p>Sannsynligvis blir det p\u00e5 biler med selvkj\u00f8ring mulig \u00e5 trykke p\u00e5 plassen man \u00f8nsker slik at bilen kj\u00f8rer dit selv.<\/p>\n<p>Ladeniv\u00e5 per sted\t<\/p>\n<p>Ny blir ogs\u00e5 muligheten til \u00e5 sette en maks ladegrense per sted via skjermen. Da kan du for eksempel angi at du vil ha 80 prosent som maks batteriniv\u00e5 n\u00e5r du er hjemme, mens du p\u00e5 jobb vil ha 100 prosent fordi du som regel kj\u00f8rer til hytta etter jobb hvis du lader der.<\/p>\n<p>    <a itemprop=\"url\" href=\"https:\/\/www.elbil24.no\/pro\/advarer-lader-du-slik-taper-batteriet-kapasitet\/75503484\" rel=\"nofollow noopener\" target=\"_blank\"><\/p>\n<p>        <img loading=\"lazy\" decoding=\"async\" src=\"https:\/\/www.europesays.com\/no\/wp-content\/uploads\/2025\/12\/82401982.webp\" width=\"980\" height=\"441\" title=\"Advarer: Lader du slik, taper batteriet kapasitet\" alt=\"\" class=\"lazyload\" style=\"--aspect-ratio-image: 2.22; \"\/><\/p>\n<p>        Advarer: Lader du slik, taper batteriet kapasitet<\/p>\n<p>    <\/a><\/p>\n<p>Merkede videoer\t<\/p>\n<p>Videoer fanget av bilens innebygde dashcam vil n\u00e5 inneholde detaljert informasjon om bilens hastighet, gassp\u00e5drag, vinkel p\u00e5 rattet, hvorvidt bilen kj\u00f8rer av seg selv og den slags.<\/p>\n<p>        <img loading=\"lazy\" decoding=\"async\" src=\"https:\/\/www.europesays.com\/no\/wp-content\/uploads\/2025\/12\/83952872.webp\" width=\"686\" height=\"392\" title=\"Foto: Tesla\" alt=\"\" class=\"\" style=\"--aspect-ratio-image: 1.75; \"\/><\/p>\n<p>\n        Foto: Tesla\n    <\/p>\n<p>Varsel om du glemmer telefonen\t<\/p>\n<p>Dersom en mobiltelefon med mobiln\u00f8kkel blir etterlatt i bilen, vil bilen varsle deg kort tid etter at d\u00f8rene er lukket. Det samme skjer om en hvilken som helst telefon er plassert p\u00e5 den tr\u00e5dl\u00f8se laderen og ingen personer er i bilen.<\/p>\n<p>Dette fordrer at man har en bil med UWB (ultra wideband), alts\u00e5 en Model 3\/Y av den nye typen (2024+\/2025+) eller en S\/X fra 2021 eller nyere.<\/p>\n<p>Sl\u00e5 av ladeplata\t<\/p>\n<p>Og apropos den tr\u00e5dl\u00f8se ladeplata blir det n\u00e5 mulig \u00e5 sl\u00e5 den av. Dermed kan du ha en telefon liggende der med lading via kabel i stedet.<\/p>\n<p>Mange opplever at telefonen lader sv\u00e6rt tregt p\u00e5 denne plata og heller bare blir varm.<\/p>\n<p>    <a itemprop=\"url\" href=\"https:\/\/www.elbil24.no\/nyttig\/er-dette-tidenes-mest-unyttige-funksjon\/79257518\" rel=\"nofollow noopener\" target=\"_blank\"><\/p>\n<p>        <img loading=\"lazy\" decoding=\"async\" src=\"https:\/\/www.europesays.com\/no\/wp-content\/uploads\/2025\/12\/79258344.webp\" width=\"980\" height=\"441\" title=\"\u00abEr dette tidenes mest unyttige funksjon?\u00bb\" alt=\"\" class=\"lazyload\" style=\"--aspect-ratio-image: 2.22; \"\/><\/p>\n<p>        \u00abEr dette tidenes mest unyttige funksjon?\u00bb<\/p>\n<p>    <\/a><\/p>\n<p>Bedre Spotify-app\t<\/p>\n<p>For dem som bruker Spotify i bilen blir det n\u00e5 mulig \u00e5 legge til sanger i k\u00f8en direkte fra et s\u00f8keresultat, og lange spillelister kan n\u00e5 skrolles uten \u00e5 m\u00e5tte trykke p\u00e5 en \u00abneste side\u00bb-knapp.<\/p>\n<p>Fotoboks\t<\/p>\n<p>En ny funksjon p\u00e5 Toybox-menyen blir n\u00e5 \u00e5 ta en bil-selfie via kameraet som er montert oppunder taket foran. Bildet kan deretter p\u00e5f\u00f8res klistremerker og den slags f\u00f8r man eventuelt kan dele det videre via Tesla-appen p\u00e5 telefonen.<\/p>\n<p>        <img loading=\"lazy\" decoding=\"async\" src=\"https:\/\/www.europesays.com\/no\/wp-content\/uploads\/2025\/12\/83952867.webp\" width=\"686\" height=\"529\" title=\"Foto: Tesla\" alt=\"\" class=\"\" style=\"--aspect-ratio-image: 1.30; \"\/><\/p>\n<p>\n        Foto: Tesla\n    <\/p>\n<p>Dog Mode-bilder\t<\/p>\n<p>For dem med iPhone kan man n\u00e5 f\u00e5 jevnlige oppdateringer med bilde fra bilen dersom den er satt i dog mode, som skjer via en s\u00e5kalt live activity-widget p\u00e5 l\u00e5seskjermen.<\/p>\n<p>Og mer til\t<\/p>\n<p>Ellers f\u00e5r bilene spillet\u00a0SpaceX ISS Docking Simulator, nytt lysshow (\u00abJingle Rush\u00bb), ny Tron-l\u00e5selyd, mulighet for \u00e5 designe bilen som vises p\u00e5 skjermen selv, nye \u00abRave cave\u00bb-muligheter med interi\u00f8rbelysningen samt oppdatert santa-modus for \u00e5 nevne noe.<\/p>\n<p>Notateslaapp antar at versjonsnummeret for juleoppdateringen blir 2025.44.25 hvis ingen store feil avdekkes.<\/p>\n","protected":false},"excerpt":{"rendered":"Tesla: Ingen Carplay, men en god h\u00e5ndfull annet snacks. Snart f\u00e5r norske Tesla-eiere \u00e5rets store juleoppdatering, riktignok med&hellip;\n","protected":false},"author":2,"featured_media":107626,"comment_status":"","ping_status":"","sticky":false,"template":"","format":"standard","meta":{"footnotes":""},"categories":[56],"tags":[60,61,267,62,30,28,29,14,6040,13365,272],"class_list":{"0":"post-107625","1":"post","2":"type-post","3":"status-publish","4":"format-standard","5":"has-post-thumbnail","7":"category-naeringsliv","8":"tag-business","9":"tag-economy","10":"tag-elbil","11":"tag-naeringsliv","12":"tag-no","13":"tag-norge","14":"tag-norway","15":"tag-nyheter","16":"tag-oppdatering","17":"tag-programvare","18":"tag-tesla"},"share_on_mastodon":{"url":"https:\/\/pubeurope.com\/@no\/115684914507198011","error":""},"_links":{"self":[{"href":"https:\/\/www.europesays.com\/no\/wp-json\/wp\/v2\/posts\/107625","targetHints":{"allow":["GET"]}}],"collection":[{"href":"https:\/\/www.europesays.com\/no\/wp-json\/wp\/v2\/posts"}],"about":[{"href":"https:\/\/www.europesays.com\/no\/wp-json\/wp\/v2\/types\/post"}],"author":[{"embeddable":true,"href":"https:\/\/www.europesays.com\/no\/wp-json\/wp\/v2\/users\/2"}],"replies":[{"embeddable":true,"href":"https:\/\/www.europesays.com\/no\/wp-json\/wp\/v2\/comments?post=107625"}],"version-history":[{"count":0,"href":"https:\/\/www.europesays.com\/no\/wp-json\/wp\/v2\/posts\/107625\/revisions"}],"wp:featuredmedia":[{"embeddable":true,"href":"https:\/\/www.europesays.com\/no\/wp-json\/wp\/v2\/media\/107626"}],"wp:attachment":[{"href":"https:\/\/www.europesays.com\/no\/wp-json\/wp\/v2\/media?parent=107625"}],"wp:term":[{"taxonomy":"category","embeddable":true,"href":"https:\/\/www.europesays.com\/no\/wp-json\/wp\/v2\/categories?post=107625"},{"taxonomy":"post_tag","embeddable":true,"href":"https:\/\/www.europesays.com\/no\/wp-json\/wp\/v2\/tags?post=107625"}],"curies":[{"name":"wp","href":"https:\/\/api.w.org\/{rel}","templated":true}]}}