{"id":107629,"date":"2025-12-08T16:35:15","date_gmt":"2025-12-08T16:35:15","guid":{"rendered":"https:\/\/www.europesays.com\/no\/107629\/"},"modified":"2025-12-08T16:35:15","modified_gmt":"2025-12-08T16:35:15","slug":"nyheter-nord-universitet-nord-universitet-pa-svarteliste","status":"publish","type":"post","link":"https:\/\/www.europesays.com\/no\/107629\/","title":{"rendered":"Nyheter, Nord universitet | Nord universitet p\u00e5 svarteliste"},"content":{"rendered":"\n<p>Den amerikanske delstaten Florida har satt fem norske universiteter og \u00e9n h\u00f8gskole p\u00e5 sin offisielle boikottliste, deriblant Nord universitet. <\/p>\n<p>Det skriver <a href=\"https:\/\/www.khrono.no\/delstaten-florida-boikotter-fem-norske-universiteter\/1019837\" rel=\"nofollow noopener\" target=\"_blank\">Khrono<\/a>.<\/p>\n<p>Delstatsmyndighetene har g\u00e5tt ut mot bedrifter, organisasjoner og institusjoner som har avviklet samarbeid eller tatt avstand til israelske partnere. Boikottlisten er utarbeidet av Florida State Board of Administration og inneb\u00e6rer at det er forbudt for offentlige akt\u00f8rer i delstaten \u00e5 inng\u00e5 avtaler med de oppf\u00f8rte institusjonene.<\/p>\n<p>I tillegg til Nord universitet gjelder boikotten Universitetet i Stavanger, Universitetet i Bergen, OsloMet, Universitetet i S\u00f8r\u00f8st-Norge og Bergen Arkitekth\u00f8gskole. <\/p>\n<p>Boikottperioden er satt til 12 m\u00e5neder med gyldighet fra og med 1. oktober.<\/p>\n<p>Florida-guvern\u00f8r Ron DeSantis har tidligere varslet en hard linje mot organisasjoner som han mener st\u00f8tter boikott av Israel.<\/p>\n","protected":false},"excerpt":{"rendered":"Den amerikanske delstaten Florida har satt fem norske universiteter og \u00e9n h\u00f8gskole p\u00e5 sin offisielle boikottliste, deriblant Nord&hellip;\n","protected":false},"author":2,"featured_media":107630,"comment_status":"","ping_status":"","sticky":false,"template":"","format":"standard","meta":{"footnotes":""},"categories":[10],"tags":[36,1525,20,21,24,25,15,22,23,13,30,13366,28,29,14,16,1510,26,27],"class_list":{"0":"post-107629","1":"post","2":"type-post","3":"status-publish","4":"format-standard","5":"has-post-thumbnail","7":"category-norge","8":"tag-art","9":"tag-bodo","10":"tag-breaking-news","11":"tag-breakingnews","12":"tag-featured-news","13":"tag-featurednews","14":"tag-headlines","15":"tag-latest-news","16":"tag-latestnews","17":"tag-news","18":"tag-no","19":"tag-nord-universitet","20":"tag-norge","21":"tag-norway","22":"tag-nyheter","23":"tag-overskrifter","24":"tag-story","25":"tag-top-stories","26":"tag-topstories"},"share_on_mastodon":{"url":"https:\/\/pubeurope.com\/@no\/115684922021444232","error":""},"_links":{"self":[{"href":"https:\/\/www.europesays.com\/no\/wp-json\/wp\/v2\/posts\/107629","targetHints":{"allow":["GET"]}}],"collection":[{"href":"https:\/\/www.europesays.com\/no\/wp-json\/wp\/v2\/posts"}],"about":[{"href":"https:\/\/www.europesays.com\/no\/wp-json\/wp\/v2\/types\/post"}],"author":[{"embeddable":true,"href":"https:\/\/www.europesays.com\/no\/wp-json\/wp\/v2\/users\/2"}],"replies":[{"embeddable":true,"href":"https:\/\/www.europesays.com\/no\/wp-json\/wp\/v2\/comments?post=107629"}],"version-history":[{"count":0,"href":"https:\/\/www.europesays.com\/no\/wp-json\/wp\/v2\/posts\/107629\/revisions"}],"wp:featuredmedia":[{"embeddable":true,"href":"https:\/\/www.europesays.com\/no\/wp-json\/wp\/v2\/media\/107630"}],"wp:attachment":[{"href":"https:\/\/www.europesays.com\/no\/wp-json\/wp\/v2\/media?parent=107629"}],"wp:term":[{"taxonomy":"category","embeddable":true,"href":"https:\/\/www.europesays.com\/no\/wp-json\/wp\/v2\/categories?post=107629"},{"taxonomy":"post_tag","embeddable":true,"href":"https:\/\/www.europesays.com\/no\/wp-json\/wp\/v2\/tags?post=107629"}],"curies":[{"name":"wp","href":"https:\/\/api.w.org\/{rel}","templated":true}]}}