{"id":107631,"date":"2025-12-08T16:37:31","date_gmt":"2025-12-08T16:37:31","guid":{"rendered":"https:\/\/www.europesays.com\/no\/107631\/"},"modified":"2025-12-08T16:37:31","modified_gmt":"2025-12-08T16:37:31","slug":"kampen-tilspisser-seg-ingenting-i-ol-a-gjore","status":"publish","type":"post","link":"https:\/\/www.europesays.com\/no\/107631\/","title":{"rendered":"Kampen tilspisser seg: &#8211; Ingenting i OL \u00e5 gj\u00f8re"},"content":{"rendered":"<p>        Saken oppsummert<\/p>\n<ul lang=\"nb-NO\">\n<li>Flere langrennsl\u00f8pere har allerede sikret seg OL-billett, mens andre kjemper fortsatt for en plass.<\/li>\n<li>Johannes H\u00f8sflot Kl\u00e6bo og Heidi Weng er blant dem som er n\u00e6rmest sikre p\u00e5 \u00e5 delta i OL.<\/li>\n<li>For noen ut\u00f8vere, som Anne Kjersti Kalv\u00e5, ser OL-deltakelse ut til \u00e5 v\u00e6re utenfor rekkevidde.<\/li>\n<li>Det er fortsatt tid for l\u00f8pere som Tiril Udnes Weng \u00e5 bevise seg f\u00f8r den endelige OL-uttaket.<\/li>\n<\/ul>\n<p class=\"italic ai-disclaimer\" data-lab-italic=\"italic\">Oppsummeringen er laget med kunstig intelligens (KI) fra OpenAI. Innholdet er kvalitetssikret av TV 2s journalister. <a target=\"_blank\" href=\"https:\/\/hjelp.tv2.no\/info\/artikkel\/slik-jobber-vi-med-ki-i-tv-2\" title=\"Les om hvordan vi jobber med KI\" rel=\"nofollow noopener\">Les om hvordan vi jobber med KI<\/a><\/p>\n<p>Allerede 15. desember f\u00e5r de f\u00f8rste langrennsl\u00f8perne sin OL-billett.\u00a0<\/p>\n<p>Flere ut\u00f8vere har bevist at de har noe i lekene \u00e5 gj\u00f8re.<\/p>\n<p>Johannes H\u00f8sflot Kl\u00e6bo, Harald \u00d8stberg Amundsen, Heidi Weng og Kristine Stav\u00e5s Skistad kan forvente seg \u00e5 f\u00e5 sin OL-billett i f\u00f8rjulsgave.\u00a0<\/p>\n<p>For flere andre, meriterte l\u00f8pere, henger dr\u00f8mmen om Italia i en tynn tr\u00e5d. Enkelte har ogs\u00e5 gitt opp selv. <\/p>\n<p>        <img class=\"image__img lazyload\" itemprop=\"image\" title=\"Foto: Geir Olsen \/ NTB\" alt=\"UTEN NORTHUG: Per n\u00e5 ser det ut til at OL i Italia g\u00e5r uten Even Northug. Foto: Geir Olsen \/ NTB\" width=\"675\" height=\"453\" bad-src=\"https:\/\/www.europesays.com\/no\/wp-content\/uploads\/2025\/12\/18360774.webp\" fetchpriority=\"auto\" \/><\/p>\n<p>      UTEN NORTHUG: Per n\u00e5 ser det ut til at OL i Italia g\u00e5r uten Even Northug.<br \/>\n         Foto: Geir Olsen \/ NTB<\/p>\n<p>Dametroppen: \u2013 Selvskrevne<\/p>\n<p>I tillegg til Heidi Weng og Skistad, har Astrid \u00d8yre Slind, Kristin Austgulen Fosn\u00e6s og Karoline Simpson-Larsen markert seg med gode resultater i verdenscupen.\u00a0<\/p>\n<p>\u00d8yre Slind kan ogs\u00e5 v\u00e6re relativt trygg p\u00e5 at hun skal tilbringe februar i de italienske alper.\u00a0<\/p>\n<p>Ingrid Bergane Aabrekk ble Norges beste kvinne p\u00e5 sprinten i Trondheim da hun ble nummer fem. Utenom henne og Skistad, er det f\u00e5 kvinnelige sprintere som virkelig har vist seg fram.\u00a0<\/p>\n<p>        <img class=\"image__img lazyload\" itemprop=\"image\" title=\"Foto: Terje Pedersen \/ NTB\" alt=\"GULLKANDIDAT: Stav\u00e5s Skistad er gullkandidat i sprint og skal helt garantert til OL. Foto: Terje Pedersen \/ NTB\" width=\"675\" height=\"453\" bad-src=\"https:\/\/www.europesays.com\/no\/wp-content\/uploads\/2025\/12\/18361108.webp\" fetchpriority=\"auto\" \/><\/p>\n<p>      GULLKANDIDAT: Stav\u00e5s Skistad er gullkandidat i sprint og skal helt garantert til OL.<br \/>\n         Foto: Terje Pedersen \/ NTB<\/p>\n<p>Det gj\u00f8r at dette er TV 2s langrennsekspert Petter Skinstads OL-tropp per n\u00e5:\u00a0<\/p>\n<p class=\"bold m-bold\" data-lab-font_weight=\"bold\">\u2013\u00a0Damene som per n\u00e5 er inne i min OL-tropp, er rett og slett de damene som har levert best i verdenscupen s\u00e5 langt, og da fortrinnsvis p\u00e5 OL-distansene klassisk sprint, 10 kilometer fri og 20 kilometer fellesstart med skibytte.<\/p>\n<p>        Status OL-tropp damer<\/p>\n<p>Inne i troppen per n\u00e5: <\/p>\n<p>Heidi Weng<br \/>Astrid \u00d8yre Slind<br \/>Kristin Austgulen Fosn\u00e6s<br \/>Karoline Simpson-Larsen<br \/>Nora Sanness<br \/>Kristine Stav\u00e5s Skistad<br \/>Ingrid Bergene Aabrekk<br \/>Ane Appelkvist Stenseth<\/p>\n<p>Ute av troppen per n\u00e5:<br \/>Julie Bjervig Drivenes<br \/>Mathilde Myhrvold<br \/>Lotta Udnes Weng<br \/>Tiril Udnes Weng<br \/>Julie Myhre<br \/>Anne Kjersti Kalv\u00e5<\/p>\n<p><b style=\"letter-spacing: 0.01em;\">\u2013 Noen er selvskrevne, som Heidi Weng, \u00d8yre Slind og Stav\u00e5s Skistad. Andre er l\u00f8pere utenfor landslaget som har levert bra b\u00e5de i sesong\u00e5pningen p\u00e5 Beitost\u00f8len og senere i verdenscupen, som Simpson-Larsen, Bergene Aabrekk og Stenseth.<\/b><\/p>\n<p><b style=\"letter-spacing: 0.01em;\">Langrennseksperten mener at Julie Bjervig Drivenes er n\u00e6rmest troppen per n\u00e5, men tror tvillingene Tiril og Lotta Udnes Weng kommer til \u00e5 f\u00e5 flere sjanser til \u00e5 bevise at de b\u00f8r til OL, all den tid de kan brukes p\u00e5 mange av distansene n\u00e5r de er i form.\u00a0<\/b><\/p>\n<p>Anne Kjersti Kalv\u00e5\u00a0<\/p>\n<p>Har f\u00e5tt sjansen i verdenscupen, men mye tyder p\u00e5 at Kalv\u00e5 er langt unna superformen fra 2023. Da var hun selvskreven i Norges VM-tropp. Neste \u00e5rs OL m\u00e5 hun h\u00f8yst sannsynlig se hjemmefra.\u00a0<\/p>\n<p>\u2013 Det er d\u00e5rlig og skuffende. Ikke det man h\u00e5per p\u00e5. Akkurat n\u00e5 f\u00f8les OL veldig langt unna, sa Anne Kjersti Kalv\u00e5 til TV 2 etter l\u00f8pene i Trondheim.\u00a0<\/p>\n<p>        <img class=\"image__img lazyload\" itemprop=\"image\" title=\"Foto: Geir Olsen \/ NTB\" alt=\"TR\u00d8BBEL: Anne Kjersti Kalv\u00e5 er per i dag langt unna en plass i OL-troppen. Foto: Geir Olsen \/ NTB\" width=\"675\" height=\"453\" bad-src=\"https:\/\/www.europesays.com\/no\/wp-content\/uploads\/2025\/12\/18361113.webp\" fetchpriority=\"auto\" \/><\/p>\n<p>      TR\u00d8BBEL: Anne Kjersti Kalv\u00e5 er per i dag langt unna en plass i OL-troppen.<br \/>\n         Foto: Geir Olsen \/ NTB<\/p>\n<p>Lotta Udnes Weng<\/p>\n<p>R\u00f8k i prologen i Finland og i kvartfinalen i Trondheim. Det holder ikke til OL-plass, men landslagstrenerne vet at Weng-tvillingene har et toppniv\u00e5 som holder til \u00e5 kjempe om medaljer.\u00a0<\/p>\n<p>P\u00e5 sprintsiden er det fortsatt muligheter, og Lotta Udnes Weng f\u00e5r en ny mulighet til \u00e5 vise seg fram i verdenscupen kommende helg.\u00a0<\/p>\n<p>        <img class=\"image__img lazyload\" itemprop=\"image\" title=\"Foto: Terje Pedersen \/ NTB\" alt=\"H\u00c5P: Skinstad tror Weng-tvillingene f\u00e5r flere sjanser til \u00e5 kvalifisere seg til OL. Foto: Terje Pedersen \/ NTB\" width=\"675\" height=\"453\" bad-src=\"https:\/\/www.europesays.com\/no\/wp-content\/uploads\/2025\/12\/18335305.webp\" fetchpriority=\"auto\" \/><\/p>\n<p>      H\u00c5P: Skinstad tror Weng-tvillingene f\u00e5r flere sjanser til \u00e5 kvalifisere seg til OL.<br \/>\n         Foto: Terje Pedersen \/ NTB<\/p>\n<p>Tiril Udnes Weng\u00a0<\/p>\n<p>Har variert veldig i sine f\u00f8rste renn etter kyssesyken. Ser forel\u00f8pig ikke sterk nok ut til \u00e5 forsvare en plass i OL-troppen.\u00a0<\/p>\n<p>\u2013\u00a0I den formen jeg er i n\u00e5, har jeg ikke noe i OL \u00e5 gj\u00f8re, s\u00e5 det er bare \u00e5 vente med \u00e5 ta ut meg. Det er fortsatt tid. Jeg f\u00f8ler ikke at jeg har v\u00e6rt i form enn\u00e5, og det burde jeg v\u00e6rt, men det m\u00e5 jeg pr\u00f8ve \u00e5 f\u00e5 til senere, sier Tiril Udnes Weng.\u00a0<\/p>\n<p>        <img class=\"image__img lazyload\" itemprop=\"image\" title=\"Foto: Terje Pedersen \/ NTB\" alt=\"INGENTING: Per n\u00e5 er Tiril Udnes Weng enig i at hun ikke har noe i et OL \u00e5 gj\u00f8re. Foto: Terje Pedersen \/ NTB\" width=\"675\" height=\"453\" bad-src=\"https:\/\/www.europesays.com\/no\/wp-content\/uploads\/2025\/12\/18361125.webp\" fetchpriority=\"auto\" \/><\/p>\n<p>      INGENTING: Per n\u00e5 er Tiril Udnes Weng enig i at hun ikke har noe i et OL \u00e5 gj\u00f8re.<br \/>\n         Foto: Terje Pedersen \/ NTB<\/p>\n<p>Julie Bjervig Drivenes\u00a0<\/p>\n<p data-lab-font_weight=\"\">Imponerte i sine f\u00f8rste renn i Ruka, men knotet under skibytte i Trondheim og fikk det tungt p\u00e5 s\u00f8ndagens l\u00f8p.\u00a0<\/p>\n<p>\u2013 Jeg skal fortsette \u00e5 kjempe for \u00e5 g\u00e5 mest mulig verdenscup. Hvis det holder til \u00e5 f\u00e5 g\u00e5 OL, s\u00e5 stiller jeg opp, men det er absolutt ikke mitt hovedfokus n\u00e5, sier Drivenes.\u00a0<\/p>\n<p>        <img class=\"image__img lazyload\" itemprop=\"image\" title=\"Foto: Terje Pedersen \/ NTB\" alt=\"BONUS: Bjervig Drivenes slo gjennom p\u00e5 Beitost\u00f8len og har i utgangspunktet ikke fokuset rettet mot OL. Foto: Terje Pedersen \/ NTB\" width=\"675\" height=\"453\" bad-src=\"https:\/\/www.europesays.com\/no\/wp-content\/uploads\/2025\/12\/18361117.webp\" fetchpriority=\"auto\" \/><\/p>\n<p>      BONUS: Bjervig Drivenes slo gjennom p\u00e5 Beitost\u00f8len og har i utgangspunktet ikke fokuset rettet mot OL.<br \/>\n         Foto: Terje Pedersen \/ NTB<\/p>\n<p>Julie Myhre\u00a0<\/p>\n<p data-lab-font_weight=\"\">Overbeviste ingen p\u00e5 Beitost\u00f8len og fikk ikke g\u00e5 i Ruka. Heller ikke i Trondheim viste tr\u00f8nderen god nok form.\u00a0<\/p>\n<p>        <img class=\"image__img lazyload\" itemprop=\"image\" title=\"Foto: Yngve Sem Pedersen \/ TV 2\" alt=\"TUNGT: Det blir nok tungt for Julie Myhre \u00e5 kapre en OL-billett. Foto: Yngve Sem Pedersen \/ TV 2\" width=\"675\" height=\"453\" bad-src=\"https:\/\/www.europesays.com\/no\/wp-content\/uploads\/2025\/12\/18361119.webp\" fetchpriority=\"auto\" \/><\/p>\n<p>      TUNGT: Det blir nok tungt for Julie Myhre \u00e5 kapre en OL-billett.<br \/>\n         Foto: Yngve Sem Pedersen \/ TV 2<\/p>\n<p>Margrethe Bergane<\/p>\n<p data-lab-font_weight=\"\">Bergane har ikke g\u00e5tt verdenscup i \u00e5r og gj\u00f8r lurt i \u00e5 glemme OL og fokusere p\u00e5 framtidige m\u00e5l.\u00a0<\/p>\n<p>        <img class=\"image__img lazyload\" itemprop=\"image\" title=\"Foto: Javad Parsa \/ NTB\" alt=\"MOTESHOW: Margrethe Bergane viste fram OL-kolleksjonen, men det ser ikke ut til at hun f\u00e5r brukt kl\u00e6rne i Italia. Foto: Javad Parsa \/ NTB\" width=\"675\" height=\"453\" bad-src=\"https:\/\/www.europesays.com\/no\/wp-content\/uploads\/2025\/12\/18361127.webp\" fetchpriority=\"auto\" \/><\/p>\n<p>      MOTESHOW: Margrethe Bergane viste fram OL-kolleksjonen, men det ser ikke ut til at hun f\u00e5r brukt kl\u00e6rne i Italia.<br \/>\n         Foto: Javad Parsa \/ NTB<\/p>\n<p>Mathilde Myhrvold\u00a0<\/p>\n<p data-lab-font_weight=\"\">Ser heller ikke ut til \u00e5 v\u00e6re i sin beste form, men det er ikke mange kvinnelige sprintere som har overbevist s\u00e5 langt.\u00a0<\/p>\n<p>        <img class=\"image__img lazyload\" itemprop=\"image\" title=\"Foto: Yngve Sem Pedersen \/ TV 2\" alt=\"H\u00c5P: Mathilde Myhrvold er forel\u00f8pig ute av OL-troppen, men det er ikke mange kvinnelige sprintere som har overbevist. Foto: Yngve Sem Pedersen \/ TV 2\" width=\"675\" height=\"466\" bad-src=\"https:\/\/www.europesays.com\/no\/wp-content\/uploads\/2025\/12\/18361129.webp\" fetchpriority=\"auto\" \/><\/p>\n<p>      H\u00c5P: Mathilde Myhrvold er forel\u00f8pig ute av OL-troppen, men det er ikke mange kvinnelige sprintere som har overbevist.<br \/>\n         Foto: Yngve Sem Pedersen \/ TV 2<\/p>\n<p>Herretroppen: \u2013 Et bikkjeslagsm\u00e5l\u00a0<\/p>\n<p>I tillegg til Kl\u00e6bo og \u00d8stberg Amundsen, har Einar Hedegart og Martin L\u00f8wstr\u00f8m Nyenget vunnet verdenscuprenn denne vinteren.\u00a0<\/p>\n<p>Emil Iversen og Andreas Fjorden Ree har begge pallplasser p\u00e5 OL-distanser.\u00a0<\/p>\n<p>L\u00f8wstr\u00f8m Nyenget skal etter alle solemerker til Italia, selv om distansen han vant (10 kilometer klassisk) ikke er en OL-distanse.\u00a0<\/p>\n<p>        <img class=\"image__img lazyload\" itemprop=\"image\" title=\"Foto: Terje Pedersen \/ NTB\" alt=\"POSITIVT: Martin L\u00f8wstr\u00f8m Nyenget er enig i at det blir vanskelig \u00e5 komme utenom ham til OL. Foto: Terje Pedersen \/ NTB\" width=\"675\" height=\"453\" bad-src=\"https:\/\/www.europesays.com\/no\/wp-content\/uploads\/2025\/12\/18361135.webp\" fetchpriority=\"auto\" \/><\/p>\n<p>      POSITIVT: Martin L\u00f8wstr\u00f8m Nyenget er enig i at det blir vanskelig \u00e5 komme utenom ham til OL.<br \/>\n         Foto: Terje Pedersen \/ NTB<\/p>\n<p>P\u00e5 den korteste og raskeste \u00f8velsen, sprint, har Erik Valnes, Oskar Opstad Vike og Ansgar Evensen alle v\u00e6rt p\u00e5 pallen i klassisk sprint.\u00a0<\/p>\n<p>Valnes er ogs\u00e5 tiln\u00e6rmet selvskreven i OL-troppen, grunnet hans meritter fra tidligere og de tre pallplassene fra Beitost\u00f8len og Ruka denne sesongen.<\/p>\n<p>        <img class=\"image__img lazyload\" itemprop=\"image\" title=\"Foto: Geir Olsen \/ NTB\" alt=\"GODT HUM\u00d8R: Emil Iversen var i perlehum\u00f8r etter \u00e5 ha prestert i to av to renn i Gran\u00e5sen. Foto: Geir Olsen \/ NTB\" width=\"675\" height=\"453\" bad-src=\"https:\/\/www.europesays.com\/no\/wp-content\/uploads\/2025\/12\/18361137.webp\" fetchpriority=\"auto\" \/><\/p>\n<p>      GODT HUM\u00d8R: Emil Iversen var i perlehum\u00f8r etter \u00e5 ha prestert i to av to renn i Gran\u00e5sen.<br \/>\n         Foto: Geir Olsen \/ NTB<\/p>\n<p>Duellen mellom Ansgar Evensen og Oskar Opstad Vike om den siste sprintplassen vil antakeligvis leve en stund til, men per n\u00e5 vurderer Skinstad Opstad Vike foran Evensen.\u00a0<\/p>\n<p>Det gj\u00f8r at dette er Skinstads herretropp per n\u00e5:\u00a0<\/p>\n<p>\u2013\u00a0De fire som gikk stafett for Norge i VM, har v\u00e6rt klare til OL siden den gang, i mine \u00f8yne. Kl\u00e6bo, \u00d8stberg Amundsen, L\u00f8wstr\u00f8m Nyenget og Valnes er jeg sikker p\u00e5 at vi f\u00e5r se i OL, sier Skinstad.\u00a0<\/p>\n<p>        Status OL-tropp herrer<\/p>\n<p class=\"bold m-bold\" data-lab-font_weight=\"bold\">Inne i OL-troppen per n\u00e5: <\/p>\n<p>Johannes H\u00f8sflot Kl\u00e6bo<br \/>Harald \u00d8stberg Amundsen<br \/>Martin L\u00f8wstr\u00f8m Nyenget<br \/>Einar Hedegart<br \/>Erik Valnes<br \/>Andreas Fjorden Ree<br \/>Oskar Opstad Vike<br \/>Emil Iversen<\/p>\n<p>Ute av OL-troppen per n\u00e5:<br \/>Ansgar Evensen<br \/>Iver Tildheim Andersen<br \/>Jan Thomas Jensen<br \/>Mattis Stenshagen<br \/>Simen Hegstad Kr\u00fcger<br \/>Even Northug<\/p>\n<p data-lab-font_weight=\"\">\u2013\u00a0Bak dem er det n\u00e5 Einar Hedegart som har prestert aller best i verdenscupen p\u00e5 distanse, med Andreas Fjorden Ree og Emil Iversen p\u00e5 plassene bak. Per i dag er disse tre inne i OL-troppen, tror jeg.<\/p>\n<p>Jan Thomas Jenssen<\/p>\n<p>Beviser igjen og igjen at han er blant de beste i verden p\u00e5 skiathlon, men ble sl\u00e5tt av for mange nordmenn p\u00e5 10 kilometer fristil i Tronheim.\u00a0<\/p>\n<p>Ingen fordel for Jenssen at Emil Iversen var bedre p\u00e5 b\u00e5de 10 kilometer fri og 20 kilometer med skibytte i Trondheim.\u00a0<\/p>\n<p>\u2013 M\u00e5let mitt har v\u00e6rt OL. Jeg ser i dag, uten at jeg skal snakke meg selv ned, at et OL blir vanskelig for min del. Jeg h\u00e5per at jeg f\u00e5r g\u00e5 i Tour de Ski, men jeg er spent p\u00e5 veien videre, sier Jensen til TV 2.\u00a0<\/p>\n<p>        <img class=\"image__img lazyload\" itemprop=\"image\" title=\"Foto: Terje Pedersen \/ NTB\" alt=\"T\u00d8FT: Jan Thomas Jenssen innr\u00f8mmer at det kan bli vanskelig \u00e5 kapre en plass i OL-troppen. Foto: Terje Pedersen \/ NTB\" width=\"675\" height=\"453\" bad-src=\"https:\/\/www.europesays.com\/no\/wp-content\/uploads\/2025\/12\/18361146.webp\" fetchpriority=\"auto\" \/><\/p>\n<p>      T\u00d8FT: Jan Thomas Jenssen innr\u00f8mmer at det kan bli vanskelig \u00e5 kapre en plass i OL-troppen.<br \/>\n         Foto: Terje Pedersen \/ NTB<\/p>\n<p>Iver Tildheim Andersen<\/p>\n<p data-lab-font_weight=\"\">Har slitt med \u00e5 markere seg i sesong\u00e5pningen og hadde selv gitt opp OL etter s\u00f8ndagens sjetteplass p\u00e5 10 kilometer fri.\u00a0<\/p>\n<p data-lab-font_weight=\"\">\u2013 Jeg g\u00e5r ikke OL, jeg.<\/p>\n<p data-lab-font_weight=\"\"> \u2013 Du har gitt opp?<\/p>\n<p data-lab-font_weight=\"\" class=\"italic m-italic\" data-lab-italic=\"italic\">\u2013 Ja.\u00a0<\/p>\n<p data-lab-font_weight=\"\" class=\"italic m-italic\" data-lab-italic=\"italic\"> \u2013 Hvorfor?\u00a0<\/p>\n<p data-lab-font_weight=\"\" class=\"no_italic m-no_italic\" data-lab-italic=\"\">\u2013 Det er bare \u00e5 se p\u00e5 resultatlista.<\/p>\n<p>        <img class=\"image__img lazyload\" itemprop=\"image\" title=\"Foto: Geir Olsen \/ NTB\" alt=\"SJETTEPLASS: Tildheim Andersen ble nummer seks p\u00e5 OL-\u00f8velsen 10 fri, men hadde fem nordmenn framfor seg, deriblant Iversen, Fjorden Ree og Hedegart, som alle kjemper om OL-plass. Foto: Geir Olsen \/ NTB\" width=\"675\" height=\"453\" bad-src=\"https:\/\/www.europesays.com\/no\/wp-content\/uploads\/2025\/12\/18361148.webp\" fetchpriority=\"auto\" \/><\/p>\n<p>      SJETTEPLASS: Tildheim Andersen ble nummer seks p\u00e5 OL-\u00f8velsen 10 fri, men hadde fem nordmenn framfor seg, deriblant Iversen, Fjorden Ree og Hedegart, som alle kjemper om OL-plass.<br \/>\n         Foto: Geir Olsen \/ NTB<\/p>\n<p>Ansgar Evensen<\/p>\n<p data-lab-font_weight=\"\">Har pallplass i verdenscupen, men er i hard kamp med landslagskollega Oskar Opstad Vike om den siste sprintplassen i troppen.\u00a0<\/p>\n<p>        <img class=\"image__img lazyload\" itemprop=\"image\" title=\"Foto: Yngve Sem Pedersen \/ TV 2\" alt=\"KJEMPER: Ansgar Evensen har et h\u00e5p om \u00e5 sikre seg OL-plass. Foto: Yngve Sem Pedersen \/ TV 2\" width=\"675\" height=\"439\" bad-src=\"https:\/\/www.europesays.com\/no\/wp-content\/uploads\/2025\/12\/18361150.webp\" fetchpriority=\"auto\" \/><\/p>\n<p>      KJEMPER: Ansgar Evensen har et h\u00e5p om \u00e5 sikre seg OL-plass.<br \/>\n         Foto: Yngve Sem Pedersen \/ TV 2<\/p>\n<p>Even Northug\u00a0<\/p>\n<p>Har plass i semifinalen som sitt beste resultat denne sesongen. Det holder neppe, og OL g\u00e5r h\u00f8yst sannsynlig uten Northug, som r\u00f8mte Gran\u00e5sen etter fallet og exiten fredag, p\u00e5 start.\u00a0<\/p>\n<p>Simen Hegstad Kr\u00fcger\u00a0<\/p>\n<p data-lab-font_weight=\"\">Ble syk den f\u00f8rste helgen og viste ikke str\u00e5lende form i Trondheim.\u00a0<\/p>\n<p data-lab-font_weight=\"\">Historien har vist at det likevel er vanskelig \u00e5 komme unna Kr\u00fcger, som er blitt en medaljegarantist i mesterskap, men veteranen er ikke tatt ut til helgens verdenscup i Davos og da ser det vanskelig ut.\u00a0<\/p>\n<p data-lab-font_weight=\"\">H\u00e5pet m\u00e5 v\u00e6re at Kr\u00fcger f\u00e5r g\u00e5 Tour de Ski, og overbevise der.\u00a0<\/p>\n<p data-lab-font_weight=\"\">\u2013 Simen Hegstad Kr\u00fcger, som vel har\u00a0elleve medaljer\u00a0i mesterskapskapssammenheng, er per dags dato ikke i n\u00e6rheten av en OL-plass, sier Skinstad.\u00a0<\/p>\n<p data-lab-font_weight=\"\">\u2013\u00a0Akkurat n\u00e5 er jeg ikke inne, det er lett \u00e5 se, men OL-laget tas ikke ut i dag, s\u00e5 det er ikke kj\u00f8rt. Men det sier seg selv at jeg m\u00e5 g\u00e5 betydelig fortere hvis jeg skal v\u00e6re med dit, sier Hegstad Kr\u00fcger.\u00a0<\/p>\n<p>        <img class=\"image__img lazyload\" itemprop=\"image\" title=\"Foto: Stian Lysberg Solum \/ NTB\" alt=\"TR\u00d8BBEL: Simen Hegstad Kr\u00fcger m\u00e5 snu en vond trend for \u00e5 komme seg til OL. Foto: Stian Lysberg Solum \/ NTB\" width=\"675\" height=\"453\" bad-src=\"https:\/\/www.europesays.com\/no\/wp-content\/uploads\/2025\/12\/18361165.webp\" fetchpriority=\"auto\" \/><\/p>\n<p>      TR\u00d8BBEL: Simen Hegstad Kr\u00fcger m\u00e5 snu en vond trend for \u00e5 komme seg til OL.<br \/>\n         Foto: Stian Lysberg Solum \/ NTB<\/p>\n<p>Mattis Stenshagen\u00a0<\/p>\n<p>Har virkelig f\u00e5tt sjansen til \u00e5 markere seg med sin friplass i verdenscupen. Stenshagen har v\u00e6rt solid, men har nok ikke overbevist landslagsledelsen om at han b\u00f8r tas us.<\/p>\n<p>        <img class=\"image__img lazyload\" itemprop=\"image\" title=\"Foto: Maxim Thore \/ BILDBYR\u00c5N\" alt=\"IKKER MARKERT SEG NOK: Mattis Stenshagen har hatt en gylden sjanse, men ser ikke ut til \u00e5 v\u00e6re vass nok til \u00e5 ta seg til OL. Foto: Maxim Thore \/ BILDBYR\u00c5N\" width=\"675\" height=\"453\" bad-src=\"https:\/\/www.europesays.com\/no\/wp-content\/uploads\/2025\/12\/18361167.webp\" fetchpriority=\"auto\" \/><\/p>\n<p>      IKKER MARKERT SEG NOK: Mattis Stenshagen har hatt en gylden sjanse, men ser ikke ut til \u00e5 v\u00e6re vass nok til \u00e5 ta seg til OL.<br \/>\n         Foto: Maxim Thore \/ BILDBYR\u00c5N<\/p>\n","protected":false},"excerpt":{"rendered":"Saken oppsummert Flere langrennsl\u00f8pere har allerede sikret seg OL-billett, mens andre kjemper fortsatt for en plass. Johannes H\u00f8sflot&hellip;\n","protected":false},"author":2,"featured_media":107632,"comment_status":"","ping_status":"","sticky":false,"template":"","format":"standard","meta":{"footnotes":""},"categories":[59],"tags":[30,28,29,83,82],"class_list":{"0":"post-107631","1":"post","2":"type-post","3":"status-publish","4":"format-standard","5":"has-post-thumbnail","7":"category-sport","8":"tag-no","9":"tag-norge","10":"tag-norway","11":"tag-sport","12":"tag-sports"},"share_on_mastodon":{"url":"https:\/\/pubeurope.com\/@no\/115684929981113243","error":""},"_links":{"self":[{"href":"https:\/\/www.europesays.com\/no\/wp-json\/wp\/v2\/posts\/107631","targetHints":{"allow":["GET"]}}],"collection":[{"href":"https:\/\/www.europesays.com\/no\/wp-json\/wp\/v2\/posts"}],"about":[{"href":"https:\/\/www.europesays.com\/no\/wp-json\/wp\/v2\/types\/post"}],"author":[{"embeddable":true,"href":"https:\/\/www.europesays.com\/no\/wp-json\/wp\/v2\/users\/2"}],"replies":[{"embeddable":true,"href":"https:\/\/www.europesays.com\/no\/wp-json\/wp\/v2\/comments?post=107631"}],"version-history":[{"count":0,"href":"https:\/\/www.europesays.com\/no\/wp-json\/wp\/v2\/posts\/107631\/revisions"}],"wp:featuredmedia":[{"embeddable":true,"href":"https:\/\/www.europesays.com\/no\/wp-json\/wp\/v2\/media\/107632"}],"wp:attachment":[{"href":"https:\/\/www.europesays.com\/no\/wp-json\/wp\/v2\/media?parent=107631"}],"wp:term":[{"taxonomy":"category","embeddable":true,"href":"https:\/\/www.europesays.com\/no\/wp-json\/wp\/v2\/categories?post=107631"},{"taxonomy":"post_tag","embeddable":true,"href":"https:\/\/www.europesays.com\/no\/wp-json\/wp\/v2\/tags?post=107631"}],"curies":[{"name":"wp","href":"https:\/\/api.w.org\/{rel}","templated":true}]}}