{"id":107641,"date":"2025-12-08T16:50:17","date_gmt":"2025-12-08T16:50:17","guid":{"rendered":"https:\/\/www.europesays.com\/no\/107641\/"},"modified":"2025-12-08T16:50:17","modified_gmt":"2025-12-08T16:50:17","slug":"eric-dane-gir-ny-oppdatering-om-als-sykdommen","status":"publish","type":"post","link":"https:\/\/www.europesays.com\/no\/107641\/","title":{"rendered":"Eric Dane gir ny oppdatering om ALS-sykdommen"},"content":{"rendered":"<p class=\"kicker t20\" style=\"\">Eric Dane:\u00a0<\/p>\n<p>  Eric Dane lar ikke den d\u00f8delige nervesykdommen ta livet av lidenskapen hans for skuespill.<\/p>\n<p>\n    \u00c5PNER OPP: Eric Dane deler \u00e6rlig om hvordan den brutale nervesykdommen p\u00e5virker ham i jobben som skuespiller. Foto: PORJ \/ Backgrid \/ NTB\n  <\/p>\n<p>Eric Dane (53) delte <a href=\"https:\/\/www.seher.no\/kjendis\/rammet-av-als\/82954275\" rel=\"nofollow noopener\" target=\"_blank\">den brutale ALS-diagnosen<\/a> sin tidligere i v\u00e5r.\u00a0<\/p>\n<p>N\u00e5 \u00e5pner han seg om hva den hjerteskj\u00e6rende sykdommen betyr for fremtiden hans p\u00e5 TV-skjermen.<\/p>\n<p>    <a itemprop=\"url\" href=\"https:\/\/www.seher.no\/kjendis\/nye-bilder-vekker-oppsikt\/83735834\" rel=\"nofollow noopener\" target=\"_blank\"><\/p>\n<p>        <img loading=\"lazy\" decoding=\"async\" src=\"https:\/\/www.europesays.com\/no\/wp-content\/uploads\/2025\/12\/83743189.webp\" width=\"147\" height=\"98\" title=\"Nye bilder vekker oppsikt\" alt=\"\" class=\"lazyload\" style=\"--aspect-ratio-image: 1.50; \"\/><\/p>\n<p>        Nye bilder vekker oppsikt<\/p>\n<p>    <\/a><\/p>\n<p>Under en panelsamtale hos organisasjonen I AM ALS deler skuespilleren \u00e6rlig om hvor overveldende det er \u00e5 leve med sykdommen, som gradvis t\u00e6rer p\u00e5 evnene hans til \u00e5 snakke og bevege seg.\u00a0<\/p>\n<p><a href=\"https:\/\/www.dailymail.co.uk\/tvshowbiz\/article-15349159\/Eric-Dane-ALS-battle-panel-speech-quit-acting.html\" target=\"_blank\" class=\"\" rel=\"nofollow noopener\">Daily Mail<\/a>\u00a0er blant mediene som omtaler saken.\u00a0<\/p>\n<p>        <img loading=\"lazy\" decoding=\"async\" src=\"https:\/\/www.europesays.com\/no\/wp-content\/uploads\/2025\/12\/83665449.webp\" width=\"686\" height=\"549\" title=\"HEIT DOKTOR: Eric Dane sjarmerte kvinner over hele verden i rollen som Mark Sloan, aka \u00abMcSteamy\u00bb, i dramaserien \u00abGreys Anatomy\u00bb. Foto: Scott Garfield \/ Abc-Tv \/ Kobal \/ REX \/ NTB\" alt=\"\" class=\"\" style=\"--aspect-ratio-image: 1.25; \"\/><\/p>\n<p>\n        HEIT DOKTOR: Eric Dane sjarmerte kvinner over hele verden i rollen som Mark Sloan, aka \u00abMcSteamy\u00bb, i dramaserien \u00abGreys Anatomy\u00bb. Foto: Scott Garfield \/ Abc-Tv \/ Kobal \/ REX \/ NTB\n    <\/p>\n<p>I AM ALS jobber for \u00e5 fremskynde en kur mot ALS ved \u00e5 samle krefter og skape raske endringer i politikk og systemer. Organisasjonens visjon er en verden ut ALS.\u00a0<\/p>\n<p>        DATER: Martine Lunde har begynt \u00e5 ta dating livet seri\u00f8st, noe som satt langt inne for henne. Video: Nora Skavhaug \/ R\u00f8d L\u00f8per <\/p>\n<p class=\"font-weight-light m-font-weight-light\" data-lab-font_weight=\"font-weight-light\">&#8211; Jeg har ingen grunn til \u00e5 v\u00e6re i godt hum\u00f8r noen gang, p\u00e5 noen dag, innr\u00f8mmer skuespilleren.\u00a0<\/p>\n<p>Likevel er \u00abGreys Anatomy\u00bb-stjernen innstilt p\u00e5 \u00e5 ikke gi opp livet sitt til den brutale sykdommen.\u00a0<\/p>\n<p>        <img loading=\"lazy\" decoding=\"async\" src=\"https:\/\/www.europesays.com\/no\/wp-content\/uploads\/2025\/12\/83955158.webp\" width=\"686\" height=\"776\" title=\"HOLDER MOTET OPPE: Til tross for de fysiske begrensningene har ikke Dane lagt skuespillerkarrieren p\u00e5 hyllen. Foto: NTB\" alt=\"\" class=\"\" style=\"--aspect-ratio-image: 0.88; \"\/><\/p>\n<p>\n        HOLDER MOTET OPPE: Til tross for de fysiske begrensningene har ikke Dane lagt skuespillerkarrieren p\u00e5 hyllen. Foto: NTB\n    <\/p>\n<p class=\"font-weight-bold m-font-weight-bold\" data-lab-font_weight=\"font-weight-bold\">&#8211; Jeg er ganske begrenset med hva jeg fysisk kan gj\u00f8re som skuespiller, men jeg har fortsatt hjernen min og jeg kan fortsatt snakke, s\u00e5 jeg er villig til \u00e5 gj\u00f8re nesten hva som helst, konstaterer han.<\/p>\n<p>I serien \u00abBrilliant Minds\u00bb dukket Dane nylig opp i rollen som brannmannen Matthew som i likhet med ham selv lider av ALS.<\/p>\n<p>        TATT P\u00c5 FERSKEN: Hva befinner seg under Skal vi danse-dommernes bord? Jan Thomas har svaret. Reporter: Nora Skavhaug \/ Foto: Danny Son To \/ R\u00f8d L\u00f8per <\/p>\n<p>Dane har aldri spilt en rolle som g\u00e5r gjennom det samme som ham selv i sanntid, skriver <a href=\"https:\/\/pagesix.com\/2025\/12\/03\/entertainment\/eric-dane-reveals-whether-he-will-keep-acting-after-brilliant-minds-role\/\" target=\"_blank\" class=\"\" rel=\"nofollow noopener\">Page Six<\/a>.\u00a0<\/p>\n<p class=\"font-weight-bold m-font-weight-bold\" data-lab-font_weight=\"font-weight-bold\">&#8211; Det var vanskelig, og det var \u00f8yeblikk hvor det var sv\u00e6rt utfordrende for meg \u00e5 i det hele tatt f\u00e5 frem replikkene, innr\u00f8mmer skuespilleren.<\/p>\n<p>    Amyotrofisk lateral sklerose (ALS)<\/p>\n<ul>\n<li>ALS er en nervesykdom som gj\u00f8r at nervecellene i hjernen og ryggmargen som styrer kroppens frivillige bevegelser svekkes, og til slutt forsvinner.<\/li>\n<li>\n<p>N\u00e5r disse forsvinner slutter musklene \u00e5 f\u00e5 beskjeder, og dermed begynner musklene gradvis og svekkes.<\/p>\n<\/li>\n<li>De f\u00f8rste symptomene kan v\u00e6re svekkelse i et bein, en arm eller utydelig tale.\u00a0<\/li>\n<li>Hukommelsen forblir intakt hos de fleste, men en stor andel av pasienter med ALS kan f\u00e5 en svekkelse av visse typer kognitive funksjoner.<\/li>\n<li>Synet, h\u00f8rselen, luktesansen, smakssansen og evnen til \u00e5 f\u00f8le ber\u00f8ring blir ikke svekket ved ALS.<\/li>\n<li>Det finnes ingen behandling i dag som kan stanse sykdomsutviklingen eller reparere nervecellene.<\/li>\n<li>Det finnes flere bruker\u2011 og st\u00f8tteorganisasjoner for rammede i Norge: ALS Norge, Alltid Litt Sterkere, og Foreningen for muskelsyke.<\/li>\n<li> Kilde:\u00a0<a href=\"https:\/\/www.helsenorge.no\/sykdom\/skader-og-sykdommer-i-hjernen\/als\/\" rel=\"nofollow noopener\" target=\"_blank\">Helsenorge<\/a> <\/li>\n<\/ul>\n<p>      Vis mer<br \/>\n      Vis mindre<\/p>\n<p>Tidligere i h\u00f8st ble Dane\u00a0<a href=\"https:\/\/www.seher.no\/kjendis\/nye-bilder-vekker-oppsikt\/83735834\" target=\"_blank\" class=\"\" rel=\"nofollow noopener\">observert i rullestol<\/a> p\u00e5 flyplassen i Toronto. Han ble hjulpet ut av bilen, og trillet gjennom flyplassen av en assistent.\u00a0<\/p>\n<p>Det var for om lag to \u00e5r siden at Dane oppdaget\u00a0svakhet i den ene armen sin. Etter en rekke tester over flere m\u00e5neder ble han til slutt diagnostisert med den d\u00f8delige nervesykdommen.<\/p>\n<p>        <img loading=\"lazy\" decoding=\"async\" src=\"https:\/\/www.europesays.com\/no\/wp-content\/uploads\/2025\/12\/83665498.webp\" width=\"686\" height=\"700\" title=\"ST\u00c5R SAMMEN: Selv om Eric og Rebecca \u00f8nsket \u00e5 g\u00e5 fra hverandre etter 14 \u00e5r som gift, st\u00e5r de likevel st\u00f8tt' sammen i dag i kampen mot skuespillerens sykdom. Foto: Alex Berliner \/ BEI \/ REX\" alt=\"\" class=\"\" style=\"--aspect-ratio-image: 0.98; \"\/><\/p>\n<p>\n        ST\u00c5R SAMMEN: Selv om Eric og Rebecca \u00f8nsket \u00e5 g\u00e5 fra hverandre etter 14 \u00e5r som gift, st\u00e5r de likevel st\u00f8tt&#8217; sammen i dag i kampen mot skuespillerens sykdom. Foto: Alex Berliner \/ BEI \/ REX\n    <\/p>\n<p>I juni mistet han all mobilitet i sin h\u00f8yre arm.<\/p>\n<p>Kona Rebecca GayHeart (54) har st\u00e5tt st\u00f8tt ved hans side gjennom hele sykdomsforl\u00f8pet. I 2018 s\u00f8kte paret om skilsmisse, men trakk tilbake begj\u00e6ringen i mars 2025 da Dane fikk den skjebnesvangre diagnosen.<\/p>\n<p>        <img loading=\"lazy\" decoding=\"async\" src=\"https:\/\/www.europesays.com\/no\/wp-content\/uploads\/2025\/12\/83227163.webp\" width=\"686\" height=\"680\" title=\"PAPPA: Eric har to ten\u00e5ringsd\u00f8tre sammen med Rebecca. Han legger ikke skjul p\u00e5 hvor mye de to betyr for ham, og hvor viktig det er for ham \u00e5 kjempe for dem. Foto: Lisa O'Connor \/ AFF-USA.com \/ NTB\" alt=\"\" class=\"\" style=\"--aspect-ratio-image: 1.01; \"\/><\/p>\n<p>\n        PAPPA: Eric har to ten\u00e5ringsd\u00f8tre sammen med Rebecca. Han legger ikke skjul p\u00e5 hvor mye de to betyr for ham, og hvor viktig det er for ham \u00e5 kjempe for dem. Foto: Lisa O&#8217;Connor \/ AFF-USA.com \/ NTB\n    <\/p>\n<p>Lidenskapen for skuespill er ikke det eneste som motiverer Dane i kampen mot ALS.\u00a0 Han har nemlig to d\u00f8tre,\u00a0Billie Beatrice (15) og Georgia Geraldine (13), som han kjemper for \u00e5 holde seg i live for.<\/p>\n<p>        \u00abSKAL VI DANSE\u00bb: Danseprogrammet har f\u00e5tt kritikk fra streetdance-milj\u00f8et. Video: \u00abSkal vi danse\u00bb\/TV 2, R\u00f8d L\u00f8per\/Nora Skavhaug<\/p>\n<p>&#8211; Jeg har to d\u00f8tre hjemme. Jeg vil se dem ta eksamen, gifte seg og kanskje f\u00e5 barnebarn. Jeg vil v\u00e6re der for alt det, s\u00e5 jeg vil fortsette \u00e5 kjempe til mitt siste \u00e5ndedrag, fortalte han i en <a href=\"https:\/\/www.tiktok.com\/@swalwelleric\/video\/7555675653526310199\" rel=\"nofollow noopener\" target=\"_blank\">TikTok-video<\/a>, delt av kongressmedlem Eric Swalwell (45).\u00a0<\/p>\n<p><script async src=\"\/\/www.tiktok.com\/embed.js\"><\/script><\/p>\n","protected":false},"excerpt":{"rendered":"Eric Dane:\u00a0 Eric Dane lar ikke den d\u00f8delige nervesykdommen ta livet av lidenskapen hans for skuespill. \u00c5PNER OPP:&hellip;\n","protected":false},"author":2,"featured_media":107642,"comment_status":"","ping_status":"","sticky":false,"template":"","format":"standard","meta":{"footnotes":""},"categories":[58],"tags":[71,5711,5712,479,2543,30,28,29,72],"class_list":{"0":"post-107641","1":"post","2":"type-post","3":"status-publish","4":"format-standard","5":"has-post-thumbnail","7":"category-underholdning","8":"tag-entertainment","9":"tag-eric-dane","10":"tag-greys-anatomy","11":"tag-kjendis","12":"tag-kjendisdesken","13":"tag-no","14":"tag-norge","15":"tag-norway","16":"tag-underholdning"},"share_on_mastodon":{"url":"https:\/\/pubeurope.com\/@no\/115684981250554547","error":""},"_links":{"self":[{"href":"https:\/\/www.europesays.com\/no\/wp-json\/wp\/v2\/posts\/107641","targetHints":{"allow":["GET"]}}],"collection":[{"href":"https:\/\/www.europesays.com\/no\/wp-json\/wp\/v2\/posts"}],"about":[{"href":"https:\/\/www.europesays.com\/no\/wp-json\/wp\/v2\/types\/post"}],"author":[{"embeddable":true,"href":"https:\/\/www.europesays.com\/no\/wp-json\/wp\/v2\/users\/2"}],"replies":[{"embeddable":true,"href":"https:\/\/www.europesays.com\/no\/wp-json\/wp\/v2\/comments?post=107641"}],"version-history":[{"count":0,"href":"https:\/\/www.europesays.com\/no\/wp-json\/wp\/v2\/posts\/107641\/revisions"}],"wp:featuredmedia":[{"embeddable":true,"href":"https:\/\/www.europesays.com\/no\/wp-json\/wp\/v2\/media\/107642"}],"wp:attachment":[{"href":"https:\/\/www.europesays.com\/no\/wp-json\/wp\/v2\/media?parent=107641"}],"wp:term":[{"taxonomy":"category","embeddable":true,"href":"https:\/\/www.europesays.com\/no\/wp-json\/wp\/v2\/categories?post=107641"},{"taxonomy":"post_tag","embeddable":true,"href":"https:\/\/www.europesays.com\/no\/wp-json\/wp\/v2\/tags?post=107641"}],"curies":[{"name":"wp","href":"https:\/\/api.w.org\/{rel}","templated":true}]}}