{"id":107647,"date":"2025-12-08T16:56:08","date_gmt":"2025-12-08T16:56:08","guid":{"rendered":"https:\/\/www.europesays.com\/no\/107647\/"},"modified":"2025-12-08T16:56:08","modified_gmt":"2025-12-08T16:56:08","slug":"nyheter-brann-brann-pa-triaden-mye-royk-romerikes-blad","status":"publish","type":"post","link":"https:\/\/www.europesays.com\/no\/107647\/","title":{"rendered":"Nyheter, Brann | Brann p\u00e5 Triaden: \u2013 Mye r\u00f8yk &#8211; Romerikes Blad"},"content":{"rendered":"<ol>\n<li><a href=\"https:\/\/news.google.com\/rss\/articles\/CBMiXkFVX3lxTE9VWEFCSFVGX1JHYUczUGZGX1d4Nmc1a081MWhZeDdscEt1cU9yR0MxeXdmQ2FZMXRYQjY1Qkhnbl9PNG5VX2RYck9QZU54QjNZUmd1TlAyTjctcGdOcmc?oc=5\" target=\"_blank\" rel=\"nofollow noopener\">Nyheter, Brann | Brann p\u00e5 Triaden: \u2013 Mye r\u00f8yk<\/a>&nbsp;&nbsp;Romerikes Blad<\/li>\n<li><a href=\"https:\/\/news.google.com\/rss\/articles\/CBMiogFBVV95cUxOWm5iUU1OS2ZqVi1qRmhXbExLdWc2OFZTOXpBRVFzLTU2Y3dkRzBPQjBLT3VLZlU1OGcwa3JwSDA3cTZMdzREN0E5WG01T0QxdElsc3FYaDNKcnVHUFdLdlBGaHNkNENtZXdSaHF0X0l5RHhndjVwN0tFNVh5elg0dnJkdHZoLU0td3NPMGhjZVg1eGQwQmw0T01rZUVkOFJfVnc?oc=5\" target=\"_blank\" rel=\"nofollow noopener\">Brannen p\u00e5 kj\u00f8pesenteret Triaden i L\u00f8renskog er slukket<\/a>&nbsp;&nbsp;Aftenposten<\/li>\n<li><a href=\"https:\/\/news.google.com\/rss\/articles\/CBMiswFBVV95cUxQRDcta0lRTlJhY2trejQ3cGpDTC1ySnlmNmowQzZEZnF5YzBGd21UZXdKVnFmX3pNWDBzc0dBbG9ERUNYVW93S013S2FtLXJ6N1NwTGxtY3FRV3I0aFdVbWxlamlEOVpmVzhLRGFtWTUtY1R0Zmg0NER4cDVENUp3Tk0tTzdISHpVU2RjSDNQc19aX0dSamZxM050MldMbkRhSUhOLTBxZmZaSTY4WEJMUWVmYw?oc=5\" target=\"_blank\" rel=\"nofollow noopener\">(+) Brann p\u00e5 kj\u00f8pesenter i L\u00f8renskog er slukket<\/a>&nbsp;&nbsp;folkebladet.no<\/li>\n<li><a href=\"https:\/\/news.google.com\/rss\/articles\/CBMihgFBVV95cUxPLVdnY0swZGlweDhsM2stS3dCMjBuMGlKNnFPOG4zZmNhc0F5Z2o4RDRJdmRLNHc4eVFKRjAtOXJyajItcktsVmhjWU9DS244aTFFdjU5SVl1RlBqcjRpV1BLRGMwUXZ3Zk1jSHo1LU43MFNHZmlhTk9abkdxSDVLdXhmZzlYQQ?oc=5\" target=\"_blank\" rel=\"nofollow noopener\">Brann p\u00e5 kj\u00f8pesenteret Triaden i L\u00f8renskog, opplyser politiet<\/a>&nbsp;&nbsp;Radio Haugaland<\/li>\n<li><a href=\"https:\/\/news.google.com\/rss\/articles\/CBMiogFBVV95cUxPclNZRDBMbGNPZXFTMEZkQmx5NVlmYWZxVURfTHpGZ2JHSG5CMnFYeDh6dzE2TndaNV9zSTJ5NmtHZXRkWkVyUFhLWnhCMnV4a1lsOVlmN3liQ2dScDZzOU8yemZKV1laRGxIYjZ2WFY1NGlmaUNKRzBpdFNiYUYwUUpxLXNILUFGY1YtUFFKVXVNbU84LTlSdHA2TjBoMFVlRkE?oc=5\" target=\"_blank\" rel=\"nofollow noopener\">Kontroll p\u00e5 brann p\u00e5 kj\u00f8pesenteret Triaden i L\u00f8renskog<\/a>&nbsp;&nbsp;Aftenposten<\/li>\n<\/ol>\n","protected":false},"excerpt":{"rendered":"Nyheter, Brann | Brann p\u00e5 Triaden: \u2013 Mye r\u00f8yk&nbsp;&nbsp;Romerikes Blad Brannen p\u00e5 kj\u00f8pesenteret Triaden i L\u00f8renskog er slukket&nbsp;&nbsp;Aftenposten&hellip;\n","protected":false},"author":2,"featured_media":107648,"comment_status":"","ping_status":"","sticky":false,"template":"","format":"standard","meta":{"footnotes":""},"categories":[5],"tags":[20,21,24,25,15,19,22,23,17,18,13,30,28,29,14,16,26,27],"class_list":{"0":"post-107647","1":"post","2":"type-post","3":"status-publish","4":"format-standard","5":"has-post-thumbnail","7":"category-overskrifter","8":"tag-breaking-news","9":"tag-breakingnews","10":"tag-featured-news","11":"tag-featurednews","12":"tag-headlines","13":"tag-hovedoppslag","14":"tag-latest-news","15":"tag-latestnews","16":"tag-main-news","17":"tag-mainnews","18":"tag-news","19":"tag-no","20":"tag-norge","21":"tag-norway","22":"tag-nyheter","23":"tag-overskrifter","24":"tag-top-stories","25":"tag-topstories"},"share_on_mastodon":{"url":"https:\/\/pubeurope.com\/@no\/115685004837923268","error":""},"_links":{"self":[{"href":"https:\/\/www.europesays.com\/no\/wp-json\/wp\/v2\/posts\/107647","targetHints":{"allow":["GET"]}}],"collection":[{"href":"https:\/\/www.europesays.com\/no\/wp-json\/wp\/v2\/posts"}],"about":[{"href":"https:\/\/www.europesays.com\/no\/wp-json\/wp\/v2\/types\/post"}],"author":[{"embeddable":true,"href":"https:\/\/www.europesays.com\/no\/wp-json\/wp\/v2\/users\/2"}],"replies":[{"embeddable":true,"href":"https:\/\/www.europesays.com\/no\/wp-json\/wp\/v2\/comments?post=107647"}],"version-history":[{"count":0,"href":"https:\/\/www.europesays.com\/no\/wp-json\/wp\/v2\/posts\/107647\/revisions"}],"wp:featuredmedia":[{"embeddable":true,"href":"https:\/\/www.europesays.com\/no\/wp-json\/wp\/v2\/media\/107648"}],"wp:attachment":[{"href":"https:\/\/www.europesays.com\/no\/wp-json\/wp\/v2\/media?parent=107647"}],"wp:term":[{"taxonomy":"category","embeddable":true,"href":"https:\/\/www.europesays.com\/no\/wp-json\/wp\/v2\/categories?post=107647"},{"taxonomy":"post_tag","embeddable":true,"href":"https:\/\/www.europesays.com\/no\/wp-json\/wp\/v2\/tags?post=107647"}],"curies":[{"name":"wp","href":"https:\/\/api.w.org\/{rel}","templated":true}]}}