{"id":107649,"date":"2025-12-08T16:57:27","date_gmt":"2025-12-08T16:57:27","guid":{"rendered":"https:\/\/www.europesays.com\/no\/107649\/"},"modified":"2025-12-08T16:57:27","modified_gmt":"2025-12-08T16:57:27","slug":"sport-fotball-na-kommer-hanna-hjem","status":"publish","type":"post","link":"https:\/\/www.europesays.com\/no\/107649\/","title":{"rendered":"Sport, Fotball | N\u00e5 kommer Hanna hjem"},"content":{"rendered":"\n<p><b>FOTBALL:<\/b> Det melder <a href=\"https:\/\/www.fkh.no\/nyheter\/fra-rosenborg-til-fk-haugesund\" rel=\"Follow nofollow noopener\" target=\"_blank\">FKH p\u00e5 sine nettsider<\/a>. Dermed kommer Dahl hjem etter to sesonger i Rosenborg.<\/p>\n<p>Mandag skrev hun under en tre\u00e5rskontrakt med FKH. Dermed har klubben sikret seg en solid forsterkning f\u00f8r debuten i Toppserien kommende sesong.<\/p>\n<p><b>\u2013 Dette er jo hjembyen min og det er noe spesielt med dette prosjektet. Jeg kommer hjem igjen fordi jeg har troen p\u00e5 det og ikke av noen andre grunner. Jeg kunne spilt andre plasser, men har veldig troen p\u00e5 det som gj\u00f8res her, gleder meg veldig og er veldig stolt over byen min og det Haugesund har f\u00e5tt til p\u00e5 damesiden. Derfor har jeg lyst til \u00e5 v\u00e6re en del av dette,<a href=\"https:\/\/www.fkh.no\/nyheter\/fra-rosenborg-til-fk-haugesund\" rel=\"Follow nofollow noopener\" target=\"_blank\"> <\/a>sier <a href=\"https:\/\/www.fkh.no\/nyheter\/fra-rosenborg-til-fk-haugesund\" rel=\"Follow nofollow noopener\" target=\"_blank\">Dahl til FKH.no<\/a>.<\/b><\/p>\n<p>  <a href=\"https:\/\/www.h-avis.no\/5-62-1953869\" class=\"related-teaser has-image default-story-teaser article--c-eRUmMG article--c-eRUmMG-jKCPdD-design-default\" rel=\"nofollow noopener\" target=\"_blank\"><\/p>\n<p>    <img decoding=\"async\" loading=\"lazy\"  src=\"https:\/\/www.europesays.com\/no\/wp-content\/uploads\/2025\/12\/hanna+dahl+cupfinalen.jpeg\" alt=\"\" class=\"brick-c-cFOWSL\" style=\"\"\/><\/p>\n<p>\n            Les ogs\u00e5<\/p>\n<p>              T\u00e5rev\u00e5t Dahl tar snart FKH-valg: \u2013 Fint \u00e5 v\u00e6re \u00f8nsket\n        <\/p>\n<p>  <\/a><br \/>\n  \u2013 Veldig spennende<\/p>\n<p>Dahl er vokst opp i Haugar. Etter overgangen til Avaldsnes var hun i mange \u00e5r en viktig brikke i satsingen der. Dahl fikk mange \u00e5r i Toppserien og vant ogs\u00e5 cupgull i 2017.<\/p>\n<p>N\u00e5 har Dahl v\u00e6rt to \u00e5r i Rosenborg, der det har blitt to bronsemedaljer i toppserien og to tapte cupfinaler.<\/p>\n<p>Hun gleder seg til \u00e5 ikle seg FKH-drakt.<\/p>\n<p><b>\u2013 Det blir en veldig spennende sesong i 2026. Vi er et ungt lag som jeg h\u00e5per skal sl\u00e5 bra fra seg og havne godt over nedrykksstreken. Dette er en sulten gjeng som er veldig innstilte p\u00e5 \u00e5 vise at vi er gode nok for Toppserien. Laget v\u00e5rt kommer med flere spillere som har smakt p\u00e5 det niv\u00e5et tidligere og har god erfaring med det. F\u00f8rste m\u00e5l er \u00e5 styre unna nedrykksstrid og s\u00e5 tar vi det derifra, forteller venstrebacken. <\/b><\/p>\n<p>  <a href=\"https:\/\/www.h-avis.no\/5-62-1935063\" class=\"related-teaser has-image default-story-teaser article--c-eRUmMG article--c-eRUmMG-jKCPdD-design-default\" rel=\"nofollow noopener\" target=\"_blank\"><\/p>\n<p>    <img decoding=\"async\" loading=\"lazy\"  src=\"https:\/\/www.europesays.com\/no\/wp-content\/uploads\/2025\/12\/bh251004+FKH+-+Odd+publikum33.jpg\" alt=\"\" class=\"brick-c-cFOWSL\" style=\"\"\/><\/p>\n<p>\n            Les ogs\u00e5<\/p>\n<p>              \u00d8nsket hjem til FKH: \u2013 Jeg fikk frysninger\n        <\/p>\n<p>  <\/a><br \/>\n  \u2013 Vil passe perfekt inn<\/p>\n<p>30-\u00e5ringen er den f\u00f8rste signeringen for FKH f\u00f8r kommende sesong.<\/p>\n<p><b>\u2013 Det er ingen hemmelighet at vi har snakket om Hanna i en lengre periode og det er derfor veldig kjekt \u00e5 kunne lande denne overgangen f\u00f8r vi starter opp igjen i januar. I Hanna f\u00e5r vi en spiller med mye rutine og erfaring fra \u00f8verste niv\u00e5 som vil passe perfekt inn i det som ellers er en ung spillergruppe og som vi vet vil g\u00e5 rett inn i gruppa og f\u00e5 en sentral rolle, <a href=\"https:\/\/www.fkh.no\/nyheter\/fra-rosenborg-til-fk-haugesund\" rel=\"Follow nofollow noopener\" target=\"_blank\">sier FKH-trener Ole-Petter Pedersen Bremstein til FKH.no<\/a>.<\/b><\/p>\n<p>If\u00f8lge FKhs nettsider har Autostore bidratt til \u00e5 gj\u00f8re signeringen av Hanna Dahl mulig.<\/p>\n<p><b>\u2013 Det er vi selvsagt enormt takknemlige for og sikre p\u00e5 at er en god investering for oss f\u00f8r kommende sesong i Toppserien, sier daglig leder i FKH Leif Birkeland til FKH.no.<\/b><\/p>\n","protected":false},"excerpt":{"rendered":"FOTBALL: Det melder FKH p\u00e5 sine nettsider. Dermed kommer Dahl hjem etter to sesonger i Rosenborg. Mandag skrev&hellip;\n","protected":false},"author":2,"featured_media":107650,"comment_status":"","ping_status":"","sticky":false,"template":"","format":"standard","meta":{"footnotes":""},"categories":[59],"tags":[36,617,1902,92,30,28,29,83,82,1510],"class_list":{"0":"post-107649","1":"post","2":"type-post","3":"status-publish","4":"format-standard","5":"has-post-thumbnail","7":"category-sport","8":"tag-art","9":"tag-fkh","10":"tag-fkh-damer","11":"tag-fotball","12":"tag-no","13":"tag-norge","14":"tag-norway","15":"tag-sport","16":"tag-sports","17":"tag-story"},"share_on_mastodon":{"url":"https:\/\/pubeurope.com\/@no\/115685008874453451","error":""},"_links":{"self":[{"href":"https:\/\/www.europesays.com\/no\/wp-json\/wp\/v2\/posts\/107649","targetHints":{"allow":["GET"]}}],"collection":[{"href":"https:\/\/www.europesays.com\/no\/wp-json\/wp\/v2\/posts"}],"about":[{"href":"https:\/\/www.europesays.com\/no\/wp-json\/wp\/v2\/types\/post"}],"author":[{"embeddable":true,"href":"https:\/\/www.europesays.com\/no\/wp-json\/wp\/v2\/users\/2"}],"replies":[{"embeddable":true,"href":"https:\/\/www.europesays.com\/no\/wp-json\/wp\/v2\/comments?post=107649"}],"version-history":[{"count":0,"href":"https:\/\/www.europesays.com\/no\/wp-json\/wp\/v2\/posts\/107649\/revisions"}],"wp:featuredmedia":[{"embeddable":true,"href":"https:\/\/www.europesays.com\/no\/wp-json\/wp\/v2\/media\/107650"}],"wp:attachment":[{"href":"https:\/\/www.europesays.com\/no\/wp-json\/wp\/v2\/media?parent=107649"}],"wp:term":[{"taxonomy":"category","embeddable":true,"href":"https:\/\/www.europesays.com\/no\/wp-json\/wp\/v2\/categories?post=107649"},{"taxonomy":"post_tag","embeddable":true,"href":"https:\/\/www.europesays.com\/no\/wp-json\/wp\/v2\/tags?post=107649"}],"curies":[{"name":"wp","href":"https:\/\/api.w.org\/{rel}","templated":true}]}}