{"id":107651,"date":"2025-12-08T16:58:10","date_gmt":"2025-12-08T16:58:10","guid":{"rendered":"https:\/\/www.europesays.com\/no\/107651\/"},"modified":"2025-12-08T16:58:10","modified_gmt":"2025-12-08T16:58:10","slug":"vanvittig-prisdropp-pa-apple-airpods-pro-2-na","status":"publish","type":"post","link":"https:\/\/www.europesays.com\/no\/107651\/","title":{"rendered":"Vanvittig prisdropp p\u00e5 Apple AirPods Pro 2 n\u00e5"},"content":{"rendered":"\n<p>Mangler du \u00e5rets julegave? Da er det prisfallet hos Komplett som gjelder i dag, mandag.<\/p>\n<p>De har satt ned Apple AirPods Pro 2 tr\u00e5dl\u00f8se \u00f8repropper, In-Ear til laveste pris noensinne, og redusert med 459 kroner i dag. Og, ja, det er enda billigere enn under Black Week!<\/p>\n<p><a href=\"https:\/\/www.prisjakt.no\/go-to-shop\/9782\/offer\/1251802__member?client_id=1331&amp;pjt=1765199699&amp;pjh=ac8fb1f9ff&amp;ref=61733\" rel=\"Follow nofollow noopener\" target=\"_blank\"><b>Her finner du lavest pris<\/b><\/a> (via Prisjakt)<\/p>\n<p>F\u00f8r: 2490 kroner \/ N\u00e5: 2031 kroner<\/p>\n<p><b>Prishistorikk over tid<\/b><\/p>\n<p>   <img decoding=\"async\" width=\"1030\" height=\"489\" fetchpriority=\"low\"  loading=\"lazy\"  src=\"https:\/\/www.europesays.com\/no\/wp-content\/uploads\/2025\/12\/1765213090_958_prishistorikk.jpg\" alt=\"\" class=\"brick-c-cFOWSL\" style=\"--brick-image-ratio: 1030 \/ 489;\"\/><\/p>\n<p>      Airpodsene har aldri v\u00e6rt billigere &#8211; selv med prisfallet i mai i \u00e5r, sl\u00e5r det ikke dagens tilbud.<\/p>\n<p>  Om Apple AirPods Pro 2<\/p>\n<p>Apple-produkter er s\u00e5nn generelt en gavehit, uansett alder. Og AirPods Pro 2 (2023) har b\u00e5de st\u00f8yreduksjon og sv\u00e6rt god lyd.<\/p>\n<p><b>Du f\u00e5r blant annet:<\/b><\/p>\n<ul>\n<li>Tr\u00e5dl\u00f8se in-ear-\u00f8repropper med aktiv st\u00f8ydemping, tilpasset romlig lyd og adaptiv lydkontroll.<\/li>\n<li>Leverer opptil cirka seks timer lytting med st\u00f8ydemping p\u00e5. 30 timer totalt med ladeetuiet.<\/li>\n<li>Har flere silikonplugger for god passform, ber\u00f8ringskontroller, stemmeassistent (Siri) og st\u00f8v\/svette-\/vannbestandighet (IP54).<\/li>\n<\/ul>\n<p><a href=\"https:\/\/www.prisjakt.no\/go-to-shop\/9782\/offer\/1251802__member?client_id=1331&amp;pjt=1765199699&amp;pjh=ac8fb1f9ff&amp;ref=61733\" rel=\"Follow nofollow noopener\" target=\"_blank\">Her finner du tilbudet <\/a>(via Prisjakt)<\/p>\n","protected":false},"excerpt":{"rendered":"Mangler du \u00e5rets julegave? Da er det prisfallet hos Komplett som gjelder i dag, mandag. De har satt&hellip;\n","protected":false},"author":2,"featured_media":107652,"comment_status":"","ping_status":"","sticky":false,"template":"","format":"standard","meta":{"footnotes":""},"categories":[58],"tags":[71,30,28,29,72],"class_list":{"0":"post-107651","1":"post","2":"type-post","3":"status-publish","4":"format-standard","5":"has-post-thumbnail","7":"category-underholdning","8":"tag-entertainment","9":"tag-no","10":"tag-norge","11":"tag-norway","12":"tag-underholdning"},"share_on_mastodon":{"url":"https:\/\/pubeurope.com\/@no\/115685012592036653","error":""},"_links":{"self":[{"href":"https:\/\/www.europesays.com\/no\/wp-json\/wp\/v2\/posts\/107651","targetHints":{"allow":["GET"]}}],"collection":[{"href":"https:\/\/www.europesays.com\/no\/wp-json\/wp\/v2\/posts"}],"about":[{"href":"https:\/\/www.europesays.com\/no\/wp-json\/wp\/v2\/types\/post"}],"author":[{"embeddable":true,"href":"https:\/\/www.europesays.com\/no\/wp-json\/wp\/v2\/users\/2"}],"replies":[{"embeddable":true,"href":"https:\/\/www.europesays.com\/no\/wp-json\/wp\/v2\/comments?post=107651"}],"version-history":[{"count":0,"href":"https:\/\/www.europesays.com\/no\/wp-json\/wp\/v2\/posts\/107651\/revisions"}],"wp:featuredmedia":[{"embeddable":true,"href":"https:\/\/www.europesays.com\/no\/wp-json\/wp\/v2\/media\/107652"}],"wp:attachment":[{"href":"https:\/\/www.europesays.com\/no\/wp-json\/wp\/v2\/media?parent=107651"}],"wp:term":[{"taxonomy":"category","embeddable":true,"href":"https:\/\/www.europesays.com\/no\/wp-json\/wp\/v2\/categories?post=107651"},{"taxonomy":"post_tag","embeddable":true,"href":"https:\/\/www.europesays.com\/no\/wp-json\/wp\/v2\/tags?post=107651"}],"curies":[{"name":"wp","href":"https:\/\/api.w.org\/{rel}","templated":true}]}}