{"id":10766,"date":"2025-08-17T19:14:20","date_gmt":"2025-08-17T19:14:20","guid":{"rendered":"https:\/\/www.europesays.com\/no\/10766\/"},"modified":"2025-08-17T19:14:20","modified_gmt":"2025-08-17T19:14:20","slug":"drapstrussel-vold-matte-gjore-treningsovelser-i-en-time-under-drapstrussel-pushups-froskehopp-med-mer","status":"publish","type":"post","link":"https:\/\/www.europesays.com\/no\/10766\/","title":{"rendered":"Drapstrussel, Vold | M\u00e5tte gj\u00f8re trenings\u00f8velser i en time under drapstrussel: \u2013 Pushups, froskehopp med mer"},"content":{"rendered":"\n<p>S\u00f8ndag ble politiet kontaktet av en person som hadde v\u00e6rt utsatt for vold og trusler.<\/p>\n<p><b>\u2013 Forn\u00e6rmede samt familien hans ble drapstruet, dersom han ikke utf\u00f8rte diverse trenings\u00f8velser foran mistenkte som pushups, froskehopp mm, melder operasjonsleder Gabriel Langfeldt.<\/b><\/p>\n<p>Hendelsen skjedde i morgentimene i en bakg\u00e5rd p\u00e5 Gr\u00fcnerl\u00f8kka.<\/p>\n<p>Da forn\u00e6rmede nektet, ble han utsatt for \u00abvold\/trusler\u00bb. Da gjorde han som han mistenkte sa i \u00abbortimot en time\u00bb, f\u00f8r han fikk stukket av.<\/p>\n<p>\u2013 Vi s\u00f8kte etter mistenkte, og fant han til slutt i Storgata i Oslo sentrum. Han blir anmeldt, og bortvist, melder Langfeldt.<\/p>\n<p>\u2013 Forn\u00e6rmede er fysisk uskadd, men b\u00e6rer preg av \u00e5 ha bli utsatt for en sv\u00e6rt ubehagelig situasjon over tid. <\/p>\n<p>Les mer om: artikkelemnene<\/p>\n","protected":false},"excerpt":{"rendered":"S\u00f8ndag ble politiet kontaktet av en person som hadde v\u00e6rt utsatt for vold og trusler. \u2013 Forn\u00e6rmede samt&hellip;\n","protected":false},"author":2,"featured_media":4903,"comment_status":"","ping_status":"","sticky":false,"template":"","format":"standard","meta":{"footnotes":""},"categories":[10],"tags":[36,20,21,2223,24,25,2224,15,983,22,23,13,30,28,29,14,16,285,1510,26,27,493],"class_list":{"0":"post-10766","1":"post","2":"type-post","3":"status-publish","4":"format-standard","5":"has-post-thumbnail","7":"category-norge","8":"tag-art","9":"tag-breaking-news","10":"tag-breakingnews","11":"tag-drapstrussel","12":"tag-featured-news","13":"tag-featurednews","14":"tag-grunerlokka","15":"tag-headlines","16":"tag-krim","17":"tag-latest-news","18":"tag-latestnews","19":"tag-news","20":"tag-no","21":"tag-norge","22":"tag-norway","23":"tag-nyheter","24":"tag-overskrifter","25":"tag-sentrum","26":"tag-story","27":"tag-top-stories","28":"tag-topstories","29":"tag-vold"},"share_on_mastodon":{"url":"","error":""},"_links":{"self":[{"href":"https:\/\/www.europesays.com\/no\/wp-json\/wp\/v2\/posts\/10766","targetHints":{"allow":["GET"]}}],"collection":[{"href":"https:\/\/www.europesays.com\/no\/wp-json\/wp\/v2\/posts"}],"about":[{"href":"https:\/\/www.europesays.com\/no\/wp-json\/wp\/v2\/types\/post"}],"author":[{"embeddable":true,"href":"https:\/\/www.europesays.com\/no\/wp-json\/wp\/v2\/users\/2"}],"replies":[{"embeddable":true,"href":"https:\/\/www.europesays.com\/no\/wp-json\/wp\/v2\/comments?post=10766"}],"version-history":[{"count":0,"href":"https:\/\/www.europesays.com\/no\/wp-json\/wp\/v2\/posts\/10766\/revisions"}],"wp:featuredmedia":[{"embeddable":true,"href":"https:\/\/www.europesays.com\/no\/wp-json\/wp\/v2\/media\/4903"}],"wp:attachment":[{"href":"https:\/\/www.europesays.com\/no\/wp-json\/wp\/v2\/media?parent=10766"}],"wp:term":[{"taxonomy":"category","embeddable":true,"href":"https:\/\/www.europesays.com\/no\/wp-json\/wp\/v2\/categories?post=10766"},{"taxonomy":"post_tag","embeddable":true,"href":"https:\/\/www.europesays.com\/no\/wp-json\/wp\/v2\/tags?post=10766"}],"curies":[{"name":"wp","href":"https:\/\/api.w.org\/{rel}","templated":true}]}}