{"id":107663,"date":"2025-12-08T17:09:40","date_gmt":"2025-12-08T17:09:40","guid":{"rendered":"https:\/\/www.europesays.com\/no\/107663\/"},"modified":"2025-12-08T17:09:40","modified_gmt":"2025-12-08T17:09:40","slug":"kate-winslet-kritiserer-slankemedisin-og-kosmetiske-inngrep","status":"publish","type":"post","link":"https:\/\/www.europesays.com\/no\/107663\/","title":{"rendered":"Kate Winslet kritiserer slankemedisin og kosmetiske inngrep:"},"content":{"rendered":"<p class=\"kicker \" style=\"\">Kate Winslet:<\/p>\n<p>  Skuespilleren g\u00e5r hardt ut mot slankemedisin og kosmetiske inngrep i nytt intervju.<\/p>\n<p>\n    NATURLIG: Oscar-vinneren er klar i sin tale hva gjelder skj\u00f8nnhetsinngrep. Foto: Scott A Garfitt\/Invision\/AP\/NTB\n  <\/p>\n<p>N\u00e5 tar skuespiller Kate Winslet (50) et kraftig oppgj\u00f8r med den utbredte bruken av medisiner for vekttap, og kritiserer i tillegg b\u00e5de filler og botox.<\/p>\n<p>I et nytt intervju med <a href=\"https:\/\/www.thetimes.com\/culture\/film\/article\/kate-winslet-interview-avatar-goodbye-june-parents-5jhpc26wm\" rel=\"nofollow noopener\" target=\"_blank\">Sunday Times<\/a> deler Oscar-vinneren \u00e5pent om hvor skadelig hun mener det kan v\u00e6re med slankemedisiner, botox og fillers.<\/p>\n<p>    <a itemprop=\"url\" href=\"https:\/\/www.dagbladet.no\/kjendis\/har-omsider-fatt-svar\/83950557\" rel=\"nofollow noopener\" target=\"_blank\"><\/p>\n<p>        <img loading=\"lazy\" decoding=\"async\" src=\"https:\/\/www.europesays.com\/no\/wp-content\/uploads\/2025\/12\/1765213777_353_82449161.webp\" width=\"147\" height=\"100\" title=\"Har omsider f\u00e5tt svar\" alt=\"\" class=\"lazyload\" style=\"--aspect-ratio-image: 1.47; \"\/><\/p>\n<p>        Har omsider f\u00e5tt svar<\/p>\n<p>    <\/a><\/p>\n<p>&#8211; Det er \u00f8deleggende. Det er skremmende om en persons selvf\u00f8lelse er knyttet til hvordan de ser ut, sier hun.<\/p>\n<p>&#8211; Det plager meg\t<\/p>\n<p>\u00abTitanic\u00bb-stjerna er bekymret for om folk faktisk er klar over hva de ulike medikamentene inneholder.\u00a0<\/p>\n<p>        TRUMP-VITS: Da prins Harry gjestet \u00abThe Late Show with Stephen Colbert\u00ab fikk en vits publikummet til \u00e5 bue. Video: The Late Show With Stephen Colbert \/ Danny Son To \/ R\u00f8d L\u00f8per<\/p>\n<p class=\"font-weight-bold m-font-weight-bold\" data-lab-font_weight=\"font-weight-bold\">&#8211; Vet de hva de putter i seg? Ignoransen for egen helse er skremmende. Det plager meg mer enn noensinne. Det er faen meg et kaos der ute, forteller hun.<\/p>\n<p>50-\u00e5ringen kristiserer det moderne skj\u00f8nnhetsidealet og hyller kvinners naturlige aldringstegn. Hun \u00f8nsker ogs\u00e5 at flere kvinner kan l\u00e6re \u00e5 akseptere den naturlige aldringsprosessen, framfor \u00e5 bruke botox og filler. <\/p>\n<p>        <img loading=\"lazy\" decoding=\"async\" src=\"https:\/\/www.europesays.com\/no\/wp-content\/uploads\/2025\/12\/1765213779_518_83952842.webp\" width=\"686\" height=\"652\" title=\"NAVNES\u00d8STER: I desember m\u00f8ttes prinsesse Kate og Kate Winslet p\u00e5 Westminister Abbey i anledning den \u00e5rlige julemessa kalt \u00abTogether at Christmas\u00bb. Foto: Chris Jackson\/AP\/NTB\" alt=\"\" class=\"\" style=\"--aspect-ratio-image: 1.05; \"\/><\/p>\n<p>\n        NAVNES\u00d8STER: I desember m\u00f8ttes prinsesse Kate og Kate Winslet p\u00e5 Westminister Abbey i anledning den \u00e5rlige julemessa kalt \u00abTogether at Christmas\u00bb. Foto: Chris Jackson\/AP\/NTB\n    <\/p>\n<p>&#8211; Det jeg liker aller best er n\u00e5r hendene dine blir gamle. Det er livet i hendene dine. Noen av de vakreste kvinnene jeg kjenner er over 70 \u00e5r. Det som gj\u00f8r meg oppr\u00f8rt er at unge kvinner ikke har noen anelse om hva det vil si \u00e5 v\u00e6re vakker, sier hun.<\/p>\n<p>Hetset i media\t<\/p>\n<p>Winslet mener at sosiale medier har skylda for at mange streber etter et perfekt utseende. Selv ble hun utsatt for hard kritikk da hun ble verdenskjent som 19-\u00e5ring etter \u00abTitanic\u00bb i 1997.<\/p>\n<p>    <a itemprop=\"url\" href=\"https:\/\/www.dagbladet.no\/kjendis\/dukker-opp-hater-det\/83934137\" rel=\"nofollow noopener\" target=\"_blank\"><\/p>\n<p>        <img loading=\"lazy\" decoding=\"async\" src=\"https:\/\/www.europesays.com\/no\/wp-content\/uploads\/2025\/12\/1765213780_126_83934153.webp\" width=\"980\" height=\"441\" title=\"Dukker opp: - Hater det\" alt=\"\" class=\"lazyload\" style=\"--aspect-ratio-image: 2.22; \"\/><\/p>\n<p>        Dukker opp: &#8211; Hater det<\/p>\n<p>    <\/a><\/p>\n<p> I en episode av podkasten\u00a0<a href=\"http:\/\/www.wtfpod.com\/podcast\/episode-1192-kate-winslet\" target=\"_blank\" rel=\"nofollow noopener\">\u00abWTF with Marc Maron\u00bb<\/a>\u00a0avsl\u00f8rte\u00a045-\u00e5ringen at hun opplevde mye utseendehets etter filmlanseringen. <\/p>\n<p> &#8211; Det var som natt og dag fra den ene dagen til den andre. Jeg var gjenstand for en god del oppmerksomhet om fysikken min og ble kritisert en hel del. Den britiske pressen var faktisk veldig uhyggelig med meg, fortalte stjerna i 2021.\u00a0<\/p>\n<p>        AKILLESH\u00c6L: \u00abHotellet\u00bb-deltakerene Emilie \u00abVoe\u00bb Nereng og ektemannen Mike Hansson forklarer hvorfor Emilies fjes var deres st\u00f8rste akillsh\u00e6l. Reportere: Thea Hope\/ Kine Falch. Video: TV 2\/ R\u00f8d L\u00f8per\/ Sanne Holt<\/p>\n<p>Kate Winslet har v\u00e6rt gift med Edward Abel Smith (47) siden 2012. Hun har ogs\u00e5 to andre ekteskap bak seg, og er mor til barna Mia (24), Joe Alfie (21) og Bear (11).\u00a0<\/p>\n<p>Skuespilleren er en av f\u00e5 personer som har vunnet tre av de fire amerikanske bransjeprisene, nemlig Oscar, Emmy og Grammy.<\/p>\n","protected":false},"excerpt":{"rendered":"Kate Winslet: Skuespilleren g\u00e5r hardt ut mot slankemedisin og kosmetiske inngrep i nytt intervju. NATURLIG: Oscar-vinneren er klar&hellip;\n","protected":false},"author":2,"featured_media":107664,"comment_status":"","ping_status":"","sticky":false,"template":"","format":"standard","meta":{"footnotes":""},"categories":[12],"tags":[20,21,24,25,8584,15,11972,479,6383,22,23,13,30,28,29,14,16,26,27,42,43,44,45],"class_list":{"0":"post-107663","1":"post","2":"type-post","3":"status-publish","4":"format-standard","5":"has-post-thumbnail","7":"category-verden","8":"tag-breaking-news","9":"tag-breakingnews","10":"tag-featured-news","11":"tag-featurednews","12":"tag-hardt-ut","13":"tag-headlines","14":"tag-kate-winslet","15":"tag-kjendis","16":"tag-kosmetisk-inngrep","17":"tag-latest-news","18":"tag-latestnews","19":"tag-news","20":"tag-no","21":"tag-norge","22":"tag-norway","23":"tag-nyheter","24":"tag-overskrifter","25":"tag-top-stories","26":"tag-topstories","27":"tag-verden","28":"tag-world","29":"tag-world-news","30":"tag-worldnews"},"share_on_mastodon":{"url":"https:\/\/pubeurope.com\/@no\/115685056124689241","error":""},"_links":{"self":[{"href":"https:\/\/www.europesays.com\/no\/wp-json\/wp\/v2\/posts\/107663","targetHints":{"allow":["GET"]}}],"collection":[{"href":"https:\/\/www.europesays.com\/no\/wp-json\/wp\/v2\/posts"}],"about":[{"href":"https:\/\/www.europesays.com\/no\/wp-json\/wp\/v2\/types\/post"}],"author":[{"embeddable":true,"href":"https:\/\/www.europesays.com\/no\/wp-json\/wp\/v2\/users\/2"}],"replies":[{"embeddable":true,"href":"https:\/\/www.europesays.com\/no\/wp-json\/wp\/v2\/comments?post=107663"}],"version-history":[{"count":0,"href":"https:\/\/www.europesays.com\/no\/wp-json\/wp\/v2\/posts\/107663\/revisions"}],"wp:featuredmedia":[{"embeddable":true,"href":"https:\/\/www.europesays.com\/no\/wp-json\/wp\/v2\/media\/107664"}],"wp:attachment":[{"href":"https:\/\/www.europesays.com\/no\/wp-json\/wp\/v2\/media?parent=107663"}],"wp:term":[{"taxonomy":"category","embeddable":true,"href":"https:\/\/www.europesays.com\/no\/wp-json\/wp\/v2\/categories?post=107663"},{"taxonomy":"post_tag","embeddable":true,"href":"https:\/\/www.europesays.com\/no\/wp-json\/wp\/v2\/tags?post=107663"}],"curies":[{"name":"wp","href":"https:\/\/api.w.org\/{rel}","templated":true}]}}