{"id":107665,"date":"2025-12-08T17:10:13","date_gmt":"2025-12-08T17:10:13","guid":{"rendered":"https:\/\/www.europesays.com\/no\/107665\/"},"modified":"2025-12-08T17:10:13","modified_gmt":"2025-12-08T17:10:13","slug":"storbritannia-forbereder-seg-pa-kraftig-uvaer-norge-kan-ogsa-merke-det","status":"publish","type":"post","link":"https:\/\/www.europesays.com\/no\/107665\/","title":{"rendered":"Storbritannia forbereder seg p\u00e5 kraftig uv\u00e6r \u2013 Norge kan ogs\u00e5 merke det"},"content":{"rendered":"\n<p class=\"_lead_o9xde_2 _lead_xtcu6_50 layout-component text-serif-m layout-normal text-serif-l layout-component layout-wide layout-padded _wide_17hqh_1 layout-padded\">Og i Norge kan vestlendingene f\u00e5 en fuktig slutt p\u00e5 uken.<\/p>\n<p><img alt=\" Foto: TOLGA AKMEN \/ EPA \/ NTB\" class=\"_image_qp4xg_65 layout-component layout-wide\" data-fullscreen- data-track-element-type=\"Article image fullscreen\" data-track-name=\"ImageFullscreen\" fetchpriority=\"high\" decoding=\"sync\" loading=\"eager\" height=\"4651\" itemprop=\"image\"  src=\"https:\/\/www.europesays.com\/no\/wp-content\/uploads\/2025\/12\/a954a4f8-d22b-4ddf-9505-d85060d9ce41\"  style=\"object-position:0% 0%\" width=\"6973\"\/> Foto: TOLGA AKMEN \/ EPA \/ NTB<\/p>\n<ul aria-hidden=\"true\" class=\"_images_ntbth_112\">\n<li><a class=\"_link_ntbth_117\" href=\"https:\/\/www.vg.no\/forfatter\/nora-kvernmo-rindal\" style=\"z-index:1\" title=\"Nora Kvernmo Rindal\" rel=\"nofollow noopener\" target=\"_blank\"><img alt=\"Bilde av Nora Kvernmo Rindal\" class=\"_image_ntbth_93\" fetchpriority=\"low\" loading=\"lazy\" decoding=\"async\" itemprop=\"image\"  src=\"https:\/\/www.europesays.com\/no\/wp-content\/uploads\/2025\/12\/1765213813_934_e9a8dfd1-f394-4db6-b4c7-25003539a55e\"  width=\"480\"\/><\/a><\/li>\n<\/ul>\n<p> Oppdatert mandag 8. desember kl. 17:22     <\/p>\n<p class=\"_paragraph_o9xde_4 _paragraph_xtcu6_10 layout-component text-serif-m layout-normal text-serif-m layout-padded\">Storbritannia forbereder seg p\u00e5 kraftig uv\u00e6r n\u00e5r stormen Bram treffer landet de neste dagene. Mer enn halvparten av en m\u00e5neds nedb\u00f8r kan falle p\u00e5 bare 24 timer, if\u00f8lge <a href=\"https:\/\/news.sky.com\/story\/yellow-weather-warnings-issued-as-half-a-months-rain-to-fall-in-24-hours-for-some-13479968\" class=\"_link_o9xde_39\" rel=\"nofollow noopener\" target=\"_blank\">Sky News<\/a>.<\/p>\n<p class=\"_paragraph_o9xde_4 _paragraph_xtcu6_10 layout-component text-serif-m layout-normal text-serif-m layout-padded\">Det britiske meteorologiske instituttet har sendt ut gule v\u00e6rvarsler for deler av landet, mens gule og oransje v\u00e6rvarsler er p\u00e5 plass i Irland. Vindkastene kan n\u00e5 22\u201326 meter per sekund, og p\u00e5 enkelte steder opptil 35 meter per sekund.<\/p>\n<p class=\"_paragraph_o9xde_4 _paragraph_xtcu6_10 layout-component text-serif-m layout-normal text-serif-m layout-padded\">Meteorologene varsler om at det kraftige uv\u00e6ret kan f\u00f8re til str\u00f8mbrudd og tr\u00f8bbel p\u00e5 veiene. Spesielt utsatte omr\u00e5der er S\u00f8rvest-England og Wales, hvor opptil 80 millimeter regn kan falle p\u00e5 Dartmoor og h\u00f8yereliggende omr\u00e5der i S\u00f8r-Wales.<\/p>\n<p>Vestlendingene vil merke det<\/p>\n<p class=\"_paragraph_o9xde_4 _paragraph_xtcu6_10 layout-component text-serif-m layout-normal text-serif-m layout-padded\">Norge vil ogs\u00e5 kjenne p\u00e5 uv\u00e6ret, men trolig uten at det blir like stor dramatikk.<\/p>\n<p class=\"_paragraph_o9xde_4 _paragraph_xtcu6_10 layout-component text-serif-m layout-normal text-serif-m layout-padded\">\u2013 Natt til torsdag kan det bli b\u00e5de mye nedb\u00f8r og kraftig vestavind, sier Magnus Ovhed, vakthavende meteorolog, til VG.<\/p>\n<p class=\"_paragraph_o9xde_4 _paragraph_xtcu6_10 layout-component text-serif-m layout-normal text-serif-m layout-padded\">\u2013 Blir det s\u00e5pass at til og med vestlendingene vil merke det?<\/p>\n<p class=\"_paragraph_o9xde_4 _paragraph_xtcu6_10 layout-component text-serif-m layout-normal text-serif-m layout-padded\">\u2013 Ja, det vil bli mer enn det pleier.<\/p>\n<p class=\"_paragraph_o9xde_4 _paragraph_xtcu6_10 layout-component text-serif-m layout-normal text-serif-m layout-padded\">Men det vil alts\u00e5 ikke bli like ille som i Storbritannia. En halv m\u00e5neds vestlandsnedb\u00f8r er tross alt ganske mye, presiserer Ovhed.<\/p>\n<p>\u2013 Bitte liten sjanse for sn\u00f8<\/p>\n<p class=\"_paragraph_o9xde_4 _paragraph_xtcu6_10 layout-component text-serif-m layout-normal text-serif-m layout-padded\">Det er ikke mye \u00e5 juble for i resten av landet heller. <\/p>\n<p class=\"_paragraph_o9xde_4 _paragraph_xtcu6_10 layout-component text-serif-m layout-normal text-serif-m layout-padded\">\u00d8stlandet og S\u00f8rlandet vil f\u00e5 en v\u00e5t start p\u00e5 uken, f\u00f8r det fra onsdag vil bli mest oppholdsv\u00e6r.<\/p>\n<p class=\"_paragraph_o9xde_4 _paragraph_xtcu6_10 layout-component text-serif-m layout-normal text-serif-m layout-padded\">\u2013 Da rekker man \u00e5 t\u00f8rke litt, sier Ovhed.<\/p>\n<p class=\"_paragraph_o9xde_4 _paragraph_xtcu6_10 layout-component text-serif-m layout-normal text-serif-m layout-padded\">I Tr\u00f8ndelag og s\u00f8rlige deler av Nordland vil det ogs\u00e5 bli perioder med regn. De nordligste fylkene vil f\u00e5 ganske lite nedb\u00f8r. Hvis det kommer nedb\u00f8r, er det i s\u00e5 fall sn\u00f8, forteller Ovhed.<\/p>\n<p class=\"_paragraph_o9xde_4 _paragraph_xtcu6_10 layout-component text-serif-m layout-normal text-serif-m layout-padded\">P\u00e5 Svalbard vil det holde seg kaldt, rundt 10 minusgrader.<\/p>\n<p class=\"_paragraph_o9xde_4 _paragraph_xtcu6_10 layout-component text-serif-m layout-normal text-serif-m layout-padded\">\u2013 Hva med oss som bare m\u00e5 ha sn\u00f8 for \u00e5 komme i julestemning?<\/p>\n<p class=\"_paragraph_o9xde_4 _paragraph_xtcu6_10 layout-component text-serif-m layout-normal text-serif-m layout-padded\">\u2013 Det er en bitte, bitte liten sjanse for at det kan bli sn\u00f8 der hvor det ikke er sn\u00f8 enn\u00e5, men det ser ganske dystert ut. Spesielt i lavlandet i S\u00f8r-Norge.<\/p>\n<p class=\"_paragraph_o9xde_4 _paragraph_xtcu6_10 layout-component text-serif-m layout-normal text-serif-m layout-padded\">Tr\u00f8nderne m\u00e5 nyte sn\u00f8en mens de kan. I lavlandet er det fare for at sn\u00f8en forsvinner.<\/p>\n","protected":false},"excerpt":{"rendered":"Og i Norge kan vestlendingene f\u00e5 en fuktig slutt p\u00e5 uken. Foto: TOLGA AKMEN \/ EPA \/ NTB&hellip;\n","protected":false},"author":2,"featured_media":107666,"comment_status":"","ping_status":"","sticky":false,"template":"","format":"standard","meta":{"footnotes":""},"categories":[10],"tags":[20,21,24,25,15,22,23,13,30,28,29,14,16,1810,26,27,3230,46],"class_list":{"0":"post-107665","1":"post","2":"type-post","3":"status-publish","4":"format-standard","5":"has-post-thumbnail","7":"category-norge","8":"tag-breaking-news","9":"tag-breakingnews","10":"tag-featured-news","11":"tag-featurednews","12":"tag-headlines","13":"tag-latest-news","14":"tag-latestnews","15":"tag-news","16":"tag-no","17":"tag-norge","18":"tag-norway","19":"tag-nyheter","20":"tag-overskrifter","21":"tag-regn","22":"tag-top-stories","23":"tag-topstories","24":"tag-uvaer","25":"tag-vgai"},"share_on_mastodon":{"url":"https:\/\/pubeurope.com\/@no\/115685060033748833","error":""},"_links":{"self":[{"href":"https:\/\/www.europesays.com\/no\/wp-json\/wp\/v2\/posts\/107665","targetHints":{"allow":["GET"]}}],"collection":[{"href":"https:\/\/www.europesays.com\/no\/wp-json\/wp\/v2\/posts"}],"about":[{"href":"https:\/\/www.europesays.com\/no\/wp-json\/wp\/v2\/types\/post"}],"author":[{"embeddable":true,"href":"https:\/\/www.europesays.com\/no\/wp-json\/wp\/v2\/users\/2"}],"replies":[{"embeddable":true,"href":"https:\/\/www.europesays.com\/no\/wp-json\/wp\/v2\/comments?post=107665"}],"version-history":[{"count":0,"href":"https:\/\/www.europesays.com\/no\/wp-json\/wp\/v2\/posts\/107665\/revisions"}],"wp:featuredmedia":[{"embeddable":true,"href":"https:\/\/www.europesays.com\/no\/wp-json\/wp\/v2\/media\/107666"}],"wp:attachment":[{"href":"https:\/\/www.europesays.com\/no\/wp-json\/wp\/v2\/media?parent=107665"}],"wp:term":[{"taxonomy":"category","embeddable":true,"href":"https:\/\/www.europesays.com\/no\/wp-json\/wp\/v2\/categories?post=107665"},{"taxonomy":"post_tag","embeddable":true,"href":"https:\/\/www.europesays.com\/no\/wp-json\/wp\/v2\/tags?post=107665"}],"curies":[{"name":"wp","href":"https:\/\/api.w.org\/{rel}","templated":true}]}}