{"id":107671,"date":"2025-12-08T17:17:48","date_gmt":"2025-12-08T17:17:48","guid":{"rendered":"https:\/\/www.europesays.com\/no\/107671\/"},"modified":"2025-12-08T17:17:48","modified_gmt":"2025-12-08T17:17:48","slug":"hyllet-av-trump-mest-vellykkede","status":"publish","type":"post","link":"https:\/\/www.europesays.com\/no\/107671\/","title":{"rendered":"Hyllet av Trump: &#8211; Mest vellykkede"},"content":{"rendered":"<p>  Sylvester Stallone og bandet Kiss er blant mottakerne av \u00e5rets Kennedy Center Honors. I en seremoni i Det ovale kontor mottok de sine medaljer fra Donald Trump.<\/p>\n<p>\n    Kiss og Sylvester Stallone var blant mottakerne av Kennedy Center Honors i Det ovale kontor. Foto: Julia Demaree Nikhinson \/ AP \/ NTB\n  <\/p>\n<p>\u2013 Dette er en gruppe ikoner hvis arbeid og utmerkelser har inspirert, oppl\u00f8ftet og samlet millioner og millioner av amerikanere, sa Trump under seremonien.<\/p>\n<p>    <a itemprop=\"url\" href=\"https:\/\/sol.no\/nyheter\/et-positivt-skritt\/83949856\" rel=\"nofollow noopener\" target=\"_blank\"><\/p>\n<p>        <img loading=\"lazy\" decoding=\"async\" src=\"https:\/\/www.europesays.com\/no\/wp-content\/uploads\/2025\/12\/83949876.webp\" width=\"980\" height=\"441\" title=\"- Et positivt skritt\" alt=\"\" class=\"lazyload\" style=\"--aspect-ratio-image: 2.22; \"\/><\/p>\n<p>        &#8211; Et positivt skritt<\/p>\n<p>sol.no<\/p>\n<p>    <\/a><\/p>\n<p>\u2013 Dette er kanskje den mest vellykkede og ber\u00f8mte gruppen av Kennedy Center Honors-mottakere som noensinne er samlet.<\/p>\n<p>Ogs\u00e5 disko-stjerna Gloria Gaynor, countrysanger George Strait og skuespiller Michael Crawford ble hyllet med medaljer av presidenten.<\/p>\n<p>Trump har tidligere sagt at han var \u00ab98 prosent\u00bb involvert i valget av mottakerne. <\/p>\n<p>I sin f\u00f8rste presidentperiode sto han over den \u00e5rlige prisutdelingen, men i \u00e5r har han gjennomf\u00f8rt en rekke endringer i kulturinstitusjonen. Blant annet har han erstattet store deler av styret med st\u00f8ttespillere som valgte ham til styreleder.<\/p>\n","protected":false},"excerpt":{"rendered":"Sylvester Stallone og bandet Kiss er blant mottakerne av \u00e5rets Kennedy Center Honors. I en seremoni i Det&hellip;\n","protected":false},"author":2,"featured_media":107672,"comment_status":"","ping_status":"","sticky":false,"template":"","format":"standard","meta":{"footnotes":""},"categories":[12],"tags":[20,21,24,25,15,22,23,13,30,28,29,14,16,26,27,42,43,44,45],"class_list":{"0":"post-107671","1":"post","2":"type-post","3":"status-publish","4":"format-standard","5":"has-post-thumbnail","7":"category-verden","8":"tag-breaking-news","9":"tag-breakingnews","10":"tag-featured-news","11":"tag-featurednews","12":"tag-headlines","13":"tag-latest-news","14":"tag-latestnews","15":"tag-news","16":"tag-no","17":"tag-norge","18":"tag-norway","19":"tag-nyheter","20":"tag-overskrifter","21":"tag-top-stories","22":"tag-topstories","23":"tag-verden","24":"tag-world","25":"tag-world-news","26":"tag-worldnews"},"share_on_mastodon":{"url":"https:\/\/pubeurope.com\/@no\/115685091404549190","error":""},"_links":{"self":[{"href":"https:\/\/www.europesays.com\/no\/wp-json\/wp\/v2\/posts\/107671","targetHints":{"allow":["GET"]}}],"collection":[{"href":"https:\/\/www.europesays.com\/no\/wp-json\/wp\/v2\/posts"}],"about":[{"href":"https:\/\/www.europesays.com\/no\/wp-json\/wp\/v2\/types\/post"}],"author":[{"embeddable":true,"href":"https:\/\/www.europesays.com\/no\/wp-json\/wp\/v2\/users\/2"}],"replies":[{"embeddable":true,"href":"https:\/\/www.europesays.com\/no\/wp-json\/wp\/v2\/comments?post=107671"}],"version-history":[{"count":0,"href":"https:\/\/www.europesays.com\/no\/wp-json\/wp\/v2\/posts\/107671\/revisions"}],"wp:featuredmedia":[{"embeddable":true,"href":"https:\/\/www.europesays.com\/no\/wp-json\/wp\/v2\/media\/107672"}],"wp:attachment":[{"href":"https:\/\/www.europesays.com\/no\/wp-json\/wp\/v2\/media?parent=107671"}],"wp:term":[{"taxonomy":"category","embeddable":true,"href":"https:\/\/www.europesays.com\/no\/wp-json\/wp\/v2\/categories?post=107671"},{"taxonomy":"post_tag","embeddable":true,"href":"https:\/\/www.europesays.com\/no\/wp-json\/wp\/v2\/tags?post=107671"}],"curies":[{"name":"wp","href":"https:\/\/api.w.org\/{rel}","templated":true}]}}