{"id":107675,"date":"2025-12-08T17:19:17","date_gmt":"2025-12-08T17:19:17","guid":{"rendered":"https:\/\/www.europesays.com\/no\/107675\/"},"modified":"2025-12-08T17:19:17","modified_gmt":"2025-12-08T17:19:17","slug":"taxi-aksjon-vi-kan-streike-i-manedsvis-dagbladet","status":"publish","type":"post","link":"https:\/\/www.europesays.com\/no\/107675\/","title":{"rendered":"Taxi-aksjon: &#8211; Vi kan streike i m\u00e5nedsvis &#8211; Dagbladet"},"content":{"rendered":"<ol>\n<li><a href=\"https:\/\/news.google.com\/rss\/articles\/CBMihwFBVV95cUxNbkd2UlBuNm5zci1pN25GRklCMFJjZkRmTDJuV2d1bG05b1dSd05SOFA1Zk02NWQ5amVicFV4cjV2OU1keGVUS0ZVQ0N1SVB2X2Rpd0YzS3dqd2VPZEtJU25JczgtMFBJOWNCT3I5cUxaUDNNN0ZrdXd2Qlg0WXhnSFRVOVUwNDg?oc=5\" target=\"_blank\" rel=\"nofollow noopener\">Taxi-aksjon: &#8211; Vi kan streike i m\u00e5nedsvis<\/a>&nbsp;&nbsp;Dagbladet<\/li>\n<li><a href=\"https:\/\/news.google.com\/rss\/articles\/CBMijAFBVV95cUxPNThjZjBIcUxBLUlNcmZTMHBIbWdudVhJbTlma3g1VnhXOHZScjg0WDZ3eXY3TkRkT0xBVHdTaG9tZk42TkpWRGpacndkcTA3NWNMNDNvbkp5OHVjOFdUX2t6eHJWRXdWT1diSjJGNWpiNEd2RzJqdHJxeGxNUWN2endIR3l6Yy1aeGFOTA?oc=5\" target=\"_blank\" rel=\"nofollow noopener\">Avinor stenger henteplass for taxier p\u00e5 Flesland<\/a>&nbsp;&nbsp;Bergens Tidende<\/li>\n<li><a href=\"https:\/\/news.google.com\/rss\/articles\/CBMihAFBVV95cUxPOGFEOWNuRkJJclRFelZndEpWR0VZOFcwWEh1VDFrTVVfUkpnZlUzaDNBZ0xzSk5kSkd4MFNmNTQyczA3cjRRcHVrUGtCRVZESnotVnpROGg4MkhYUkZkN1pVSFV5QVVmNWMtRkJ0SE1kdlFYQzVGSHVONzg2MG5leTM2R1A?oc=5\" target=\"_blank\" rel=\"nofollow noopener\">Avinor stenger Kiss &amp; Fly for taxier: \u2013 Helt h\u00e5pl\u00f8st<\/a>&nbsp;&nbsp;Stavanger Aftenblad<\/li>\n<li><a href=\"https:\/\/news.google.com\/rss\/articles\/CBMikwFBVV95cUxNbEtjZ3RZSS1Ea1h0dEZDWklDM1Buc2RVTzVuYnJzcEQ2SmdxSTlDSVpuWDVkV1VKa1JWdFFHTXlJTlRjWHJxVnhSRjJXbFFmYWhheEtSaGVUUVFvQjZNc3RoMS1vZVNXNndNSWhsVDVrUTJJRXJYM2U4UWp4VkZKQzRzeU1aZnN3YWwxNVo3aWtLNkE?oc=5\" target=\"_blank\" rel=\"nofollow noopener\">Full taxi-splid i Stavanger: \u2013 De har sett seg lei<\/a>&nbsp;&nbsp;NRK<\/li>\n<li><a href=\"https:\/\/news.google.com\/rss\/articles\/CBMioAFBVV95cUxOTGFGZVEwWmJCVTZNS0lDaUJkM1NIR0Z2SUVhU041RzZPYzQ0VDFjTGwtSWZJZkRoY1hqNWRHTFBYNUpDNlJLZm4zSFc0NmEtNGpCNEV3d2FJZ1JnaTNlLTBZcTUydy1acTdycFJNN21HNnhHQXJVajJRLUFnbWtueU5xd0FKQjhlM3o5T0VkbTBSUVFtNS1zV2Rzb0ZaT21m?oc=5\" target=\"_blank\" rel=\"nofollow noopener\">Taxikaos p\u00e5 Sola: Reagerer p\u00e5 at han m\u00e5 bestille p\u00e5 skjerm<\/a>&nbsp;&nbsp;RA Stavanger<\/li>\n<\/ol>\n","protected":false},"excerpt":{"rendered":"Taxi-aksjon: &#8211; Vi kan streike i m\u00e5nedsvis&nbsp;&nbsp;Dagbladet Avinor stenger henteplass for taxier p\u00e5 Flesland&nbsp;&nbsp;Bergens Tidende Avinor stenger Kiss&hellip;\n","protected":false},"author":2,"featured_media":107676,"comment_status":"","ping_status":"","sticky":false,"template":"","format":"standard","meta":{"footnotes":""},"categories":[5],"tags":[20,21,24,25,15,19,2539,22,23,17,18,13,30,28,29,14,16,26,27],"class_list":{"0":"post-107675","1":"post","2":"type-post","3":"status-publish","4":"format-standard","5":"has-post-thumbnail","7":"category-overskrifter","8":"tag-breaking-news","9":"tag-breakingnews","10":"tag-featured-news","11":"tag-featurednews","12":"tag-headlines","13":"tag-hovedoppslag","14":"tag-innenriks","15":"tag-latest-news","16":"tag-latestnews","17":"tag-main-news","18":"tag-mainnews","19":"tag-news","20":"tag-no","21":"tag-norge","22":"tag-norway","23":"tag-nyheter","24":"tag-overskrifter","25":"tag-top-stories","26":"tag-topstories"},"share_on_mastodon":{"url":"https:\/\/pubeurope.com\/@no\/115685095154319871","error":""},"_links":{"self":[{"href":"https:\/\/www.europesays.com\/no\/wp-json\/wp\/v2\/posts\/107675","targetHints":{"allow":["GET"]}}],"collection":[{"href":"https:\/\/www.europesays.com\/no\/wp-json\/wp\/v2\/posts"}],"about":[{"href":"https:\/\/www.europesays.com\/no\/wp-json\/wp\/v2\/types\/post"}],"author":[{"embeddable":true,"href":"https:\/\/www.europesays.com\/no\/wp-json\/wp\/v2\/users\/2"}],"replies":[{"embeddable":true,"href":"https:\/\/www.europesays.com\/no\/wp-json\/wp\/v2\/comments?post=107675"}],"version-history":[{"count":0,"href":"https:\/\/www.europesays.com\/no\/wp-json\/wp\/v2\/posts\/107675\/revisions"}],"wp:featuredmedia":[{"embeddable":true,"href":"https:\/\/www.europesays.com\/no\/wp-json\/wp\/v2\/media\/107676"}],"wp:attachment":[{"href":"https:\/\/www.europesays.com\/no\/wp-json\/wp\/v2\/media?parent=107675"}],"wp:term":[{"taxonomy":"category","embeddable":true,"href":"https:\/\/www.europesays.com\/no\/wp-json\/wp\/v2\/categories?post=107675"},{"taxonomy":"post_tag","embeddable":true,"href":"https:\/\/www.europesays.com\/no\/wp-json\/wp\/v2\/tags?post=107675"}],"curies":[{"name":"wp","href":"https:\/\/api.w.org\/{rel}","templated":true}]}}