{"id":107677,"date":"2025-12-08T17:20:14","date_gmt":"2025-12-08T17:20:14","guid":{"rendered":"https:\/\/www.europesays.com\/no\/107677\/"},"modified":"2025-12-08T17:20:14","modified_gmt":"2025-12-08T17:20:14","slug":"kom-med-stikk-drama-og-intriger","status":"publish","type":"post","link":"https:\/\/www.europesays.com\/no\/107677\/","title":{"rendered":"Kom med stikk: &#8211; Drama og intriger"},"content":{"rendered":"<p>Prins Harry er ikke fremmed for \u00e5 rette kritikk mot det britiske kongehuset, som han og kona hertuginne Meghan (44) flyttet fra i 2018, til fordel for sistnevntes hjemland, USA.<\/p>\n<p>Under British-American Business Councils \u00e5rlige julelunsj, kom prinsen med nok et stikk til kongefamilien.<\/p>\n<p>Sammenligner kongehuset med \u00abDownton Abbey\u00bb<\/p>\n<p>Da prins Harry tok til talerstolen, kunne han fortelle at han ofte f\u00e5r sp\u00f8rsm\u00e5l om oppveksten hans minner om en viss britisk dramaserie, som handler om livene til en artistokratfamilie.<\/p>\n<p> \u2013 Folk sp\u00f8r meg noen ganger om det \u00e5 vokse opp i kongefamilien var litt som \u00abDownton Abbey\u00bb, sa Harry, if\u00f8lge\u00a0<a href=\"https:\/\/people.com\/prince-harry-jokes-that-life-with-royal-family-was-like-downton-abbey-11863667\" rel=\"nofollow noopener\" target=\"_blank\">People<\/a>.<\/p>\n<p>        <img class=\"image__img lazyload\" itemprop=\"image\" title=\"Foto: Henry Nicholls \/ Reuters \/ NTB\" alt=\"FILMES HER: \u00abDownton Abbey\u00bb filmes p\u00e5 Highclere Castle i Hampshire. Foto: Henry Nicholls \/ Reuters \/ NTB\" width=\"675\" height=\"453\" bad-src=\"https:\/\/www.europesays.com\/no\/wp-content\/uploads\/2025\/12\/18365069.webp\" fetchpriority=\"auto\" \/><\/p>\n<p>      FILMES HER: \u00abDownton Abbey\u00bb filmes p\u00e5 Highclere Castle i Hampshire.<br \/>\n         Foto: Henry Nicholls \/ Reuters \/ NTB<\/p>\n<p>\u2013 Ja, men bare \u00e9n av disse verdenene er fylt med drama, intriger, forseggjorte middager og ekteskap med amerikanere \u2013 og den andre er en TV-serie.<\/p>\n<p>        <img class=\"image__img lazyload\" itemprop=\"image\" title=\"Foto: ITV \/ NTB\" alt=\"DRAMA OG INTRIGER: \u00abDownton Abbey\u00bb er preget av dramatikk. Foto: ITV \/ NTB\" width=\"675\" height=\"743\" bad-src=\"https:\/\/www.europesays.com\/no\/wp-content\/uploads\/2025\/12\/18365077.webp\" fetchpriority=\"auto\" \/><\/p>\n<p>      DRAMA OG INTRIGER: \u00abDownton Abbey\u00bb er preget av dramatikk.<br \/>\n         Foto: ITV \/ NTB<\/p>\n<p>Den britiske prinsen delte ogs\u00e5 mer seri\u00f8se tanker om hvordan det er \u00e5 leve i USA som britisk statsborger.\u00a0Han fortalte at det har v\u00e6rt en helt ny opplevelse \u00e5 feire 4. juli \u2013 USAs uavhengighetsdag.<\/p>\n<p>\u2013 Det er en ny verden for meg \u00e5 feire uavhengighet fra Storbritannia, og mer spesifikt, uavhengighet fra min tipptipptipptipptipptippoldefar, bemerket han.<\/p>\n<p>Harry kom ogs\u00e5 med en sp\u00f8kefull kommentar om USAs innvandringspolitikk da han snakket om fotball-VM i 2026, som USA skal v\u00e6re vertskap for sammen med Canada og Mexico.\u00a0<\/p>\n<p>If\u00f8lge\u00a0<a href=\"https:\/\/people.com\/prince-harry-jokes-that-life-with-royal-family-was-like-downton-abbey-11863667\" rel=\"nofollow noopener\" target=\"_blank\">People<\/a>\u00a0sp\u00f8kte han med at han s\u00e5 frem til \u00e5 \u00f8nske sine britiske landsmenn velkommen \u2013 forutsatt at de kommer seg gjennom tollen og forbi innvandringsmyndighetene.<\/p>\n<p>Sp\u00f8kte med Trump<\/p>\n<p>Harrys sp\u00f8kefulle kommentarer kommer kort tid etter at han dukket opp i \u00abThe Late Show with Stephen Colbert\u00bb forrige uke. Der sp\u00f8kte han med at amerikanerne er besatt av b\u00e5de julefilmer og kongeligheter.<\/p>\n<p>Da programlederen protesterte p\u00e5 p\u00e5standen om amerikanernes kongelige besettelse, kom Harry nok en gang med et sp\u00f8kefullt stikk:<\/p>\n<p>\u2013 Virkelig? Jeg h\u00f8rte dere valgte en konge.<\/p>\n<p>Dette var en spiss henvisning til president Donald Trump, som omtalte seg selv som konge i et innlegg p\u00e5 Truth Social i februar.<\/p>\n","protected":false},"excerpt":{"rendered":"Prins Harry er ikke fremmed for \u00e5 rette kritikk mot det britiske kongehuset, som han og kona hertuginne&hellip;\n","protected":false},"author":2,"featured_media":107678,"comment_status":"","ping_status":"","sticky":false,"template":"","format":"standard","meta":{"footnotes":""},"categories":[59],"tags":[30,28,29,83,82],"class_list":{"0":"post-107677","1":"post","2":"type-post","3":"status-publish","4":"format-standard","5":"has-post-thumbnail","7":"category-sport","8":"tag-no","9":"tag-norge","10":"tag-norway","11":"tag-sport","12":"tag-sports"},"share_on_mastodon":{"url":"https:\/\/pubeurope.com\/@no\/115685098937558099","error":""},"_links":{"self":[{"href":"https:\/\/www.europesays.com\/no\/wp-json\/wp\/v2\/posts\/107677","targetHints":{"allow":["GET"]}}],"collection":[{"href":"https:\/\/www.europesays.com\/no\/wp-json\/wp\/v2\/posts"}],"about":[{"href":"https:\/\/www.europesays.com\/no\/wp-json\/wp\/v2\/types\/post"}],"author":[{"embeddable":true,"href":"https:\/\/www.europesays.com\/no\/wp-json\/wp\/v2\/users\/2"}],"replies":[{"embeddable":true,"href":"https:\/\/www.europesays.com\/no\/wp-json\/wp\/v2\/comments?post=107677"}],"version-history":[{"count":0,"href":"https:\/\/www.europesays.com\/no\/wp-json\/wp\/v2\/posts\/107677\/revisions"}],"wp:featuredmedia":[{"embeddable":true,"href":"https:\/\/www.europesays.com\/no\/wp-json\/wp\/v2\/media\/107678"}],"wp:attachment":[{"href":"https:\/\/www.europesays.com\/no\/wp-json\/wp\/v2\/media?parent=107677"}],"wp:term":[{"taxonomy":"category","embeddable":true,"href":"https:\/\/www.europesays.com\/no\/wp-json\/wp\/v2\/categories?post=107677"},{"taxonomy":"post_tag","embeddable":true,"href":"https:\/\/www.europesays.com\/no\/wp-json\/wp\/v2\/tags?post=107677"}],"curies":[{"name":"wp","href":"https:\/\/api.w.org\/{rel}","templated":true}]}}