{"id":107685,"date":"2025-12-08T17:26:14","date_gmt":"2025-12-08T17:26:14","guid":{"rendered":"https:\/\/www.europesays.com\/no\/107685\/"},"modified":"2025-12-08T17:26:14","modified_gmt":"2025-12-08T17:26:14","slug":"forde-dodsulykke-veit-kva-som-skjedde-med-oliver-i-polen","status":"publish","type":"post","link":"https:\/\/www.europesays.com\/no\/107685\/","title":{"rendered":"F\u00f8rde, D\u00f8dsulykke | Veit kva som skjedde med Oliver i Polen"},"content":{"rendered":"\n<p>Eit overvakingskamera fanga at F\u00f8rde-mannen Oliver Rivedal (23) sklei og fall uti elva.<\/p>\n<p>Det melder politiet i ei pressemelding m\u00e5ndag ettermiddag.<\/p>\n<p>P\u00e5r\u00f8rande har vore i Polen og snakka med polsk politi. Kommunikasjonsdirekt\u00f8r i Vest politidistrikt, Arne Lutro, melder at familien \u00f8nsker \u00e5 formidle og stadfeste at dei har sett ein overvakingsvideo langs Elva Wisla.<\/p>\n<p>\u00abP\u00e5 video ser dei at Oliver st\u00e5r ved elvekanten, han sklir og deretter fell ut i vatnet. Han pr\u00f8ver \u00e5 symje mot land, men blir teken av straumen og f\u00f8rt nedover elva der han til slutt g\u00e5r under\u00bb, skriv Lutro i ei pressemelding.<\/p>\n<p>Hendinga framst\u00e5r med det som ei tragisk ulykke, og at det ikkje var noko intensjon fr\u00e5 Oliver om \u00e5 g\u00e5 uti elva.<\/p>\n<p>\u00abDei p\u00e5r\u00f8rande har sj\u00f8lv opps\u00f8kt staden og kan stadfeste at det var sv\u00e6rt glatt langs elvekanten\u00bb, st\u00e5r det i meldinga.<\/p>\n<p>  <a href=\"https:\/\/www.firda.no\/5-15-1984229\" class=\"related-teaser has-image default-story-teaser article--c-eRUmMG article--c-eRUmMG-jKCPdD-design-default\" rel=\"nofollow noopener\" target=\"_blank\"><\/p>\n<p>    <img decoding=\"async\" loading=\"lazy\"  src=\"https:\/\/www.europesays.com\/no\/wp-content\/uploads\/2025\/12\/Oda+Thorstad+-1.jpg\" alt=\"\" class=\"brick-c-cFOWSL\" style=\"\"\/><\/p>\n<p>\n            Les ogs\u00e5<\/p>\n<p>              Politiet har sjekka bankkort og mobilbruk\n        <\/p>\n<p>  <\/a><\/p>\n<p>  <a href=\"https:\/\/www.firda.no\/5-15-1983157\" class=\"related-teaser default-story-teaser article--c-eRUmMG article--c-eRUmMG-jKCPdD-design-default article--c-eRUmMG-kpKLOW-cv\" rel=\"nofollow noopener\" target=\"_blank\"><\/p>\n<p>\n            Les ogs\u00e5<\/p>\n<p>              Nye funn i Oliver-etterforskinga\n        <\/p>\n<p>  <\/a><\/p>\n<p>  <a href=\"https:\/\/www.firda.no\/5-15-1979590\" class=\"related-teaser has-image default-story-teaser article--c-eRUmMG article--c-eRUmMG-jKCPdD-design-default\" rel=\"nofollow noopener\" target=\"_blank\"><\/p>\n<p>    <img decoding=\"async\" loading=\"lazy\"  src=\"https:\/\/www.europesays.com\/no\/wp-content\/uploads\/2025\/12\/1764706218_354_Skjermbilde+2025-11-25+144026.jpg\" alt=\"\" class=\"brick-c-cFOWSL\" style=\"\"\/><\/p>\n<p>\n            Les ogs\u00e5<\/p>\n<p>              Det er Oliver Rivedal som er sakna\n        <\/p>\n<p>  <\/a><\/p>\n","protected":false},"excerpt":{"rendered":"Eit overvakingskamera fanga at F\u00f8rde-mannen Oliver Rivedal (23) sklei og fall uti elva. Det melder politiet i ei&hellip;\n","protected":false},"author":2,"featured_media":107686,"comment_status":"","ping_status":"","sticky":false,"template":"","format":"standard","meta":{"footnotes":""},"categories":[5],"tags":[36,20,21,753,24,25,3687,15,19,22,23,17,18,13,30,28,29,14,16,1510,1466,26,27],"class_list":{"0":"post-107685","1":"post","2":"type-post","3":"status-publish","4":"format-standard","5":"has-post-thumbnail","7":"category-overskrifter","8":"tag-art","9":"tag-breaking-news","10":"tag-breakingnews","11":"tag-dodsulykke","12":"tag-featured-news","13":"tag-featurednews","14":"tag-forde","15":"tag-headlines","16":"tag-hovedoppslag","17":"tag-latest-news","18":"tag-latestnews","19":"tag-main-news","20":"tag-mainnews","21":"tag-news","22":"tag-no","23":"tag-norge","24":"tag-norway","25":"tag-nyheter","26":"tag-overskrifter","27":"tag-story","28":"tag-sunnfjord","29":"tag-top-stories","30":"tag-topstories"},"share_on_mastodon":{"url":"https:\/\/pubeurope.com\/@no\/115685122947580094","error":""},"_links":{"self":[{"href":"https:\/\/www.europesays.com\/no\/wp-json\/wp\/v2\/posts\/107685","targetHints":{"allow":["GET"]}}],"collection":[{"href":"https:\/\/www.europesays.com\/no\/wp-json\/wp\/v2\/posts"}],"about":[{"href":"https:\/\/www.europesays.com\/no\/wp-json\/wp\/v2\/types\/post"}],"author":[{"embeddable":true,"href":"https:\/\/www.europesays.com\/no\/wp-json\/wp\/v2\/users\/2"}],"replies":[{"embeddable":true,"href":"https:\/\/www.europesays.com\/no\/wp-json\/wp\/v2\/comments?post=107685"}],"version-history":[{"count":0,"href":"https:\/\/www.europesays.com\/no\/wp-json\/wp\/v2\/posts\/107685\/revisions"}],"wp:featuredmedia":[{"embeddable":true,"href":"https:\/\/www.europesays.com\/no\/wp-json\/wp\/v2\/media\/107686"}],"wp:attachment":[{"href":"https:\/\/www.europesays.com\/no\/wp-json\/wp\/v2\/media?parent=107685"}],"wp:term":[{"taxonomy":"category","embeddable":true,"href":"https:\/\/www.europesays.com\/no\/wp-json\/wp\/v2\/categories?post=107685"},{"taxonomy":"post_tag","embeddable":true,"href":"https:\/\/www.europesays.com\/no\/wp-json\/wp\/v2\/tags?post=107685"}],"curies":[{"name":"wp","href":"https:\/\/api.w.org\/{rel}","templated":true}]}}