{"id":107687,"date":"2025-12-08T17:27:12","date_gmt":"2025-12-08T17:27:12","guid":{"rendered":"https:\/\/www.europesays.com\/no\/107687\/"},"modified":"2025-12-08T17:27:12","modified_gmt":"2025-12-08T17:27:12","slug":"alexi-lalas-slar-tilbake-mot-stale-solbakken-etter-vm-trekning","status":"publish","type":"post","link":"https:\/\/www.europesays.com\/no\/107687\/","title":{"rendered":"Alexi Lalas sl\u00e5r tilbake mot St\u00e5le Solbakken etter VM-trekning"},"content":{"rendered":"\n<p class=\"_lead_o9xde_2 _lead_xtcu6_50 layout-component text-serif-m layout-normal text-serif-l layout-component layout-wide layout-padded _wide_17hqh_1 layout-padded\">Han var USAs store profil sist gang landet hadde VM. N\u00e5 jobber Alexi Lalas for \u00e5 bygge opp stemningen rundt et nytt USA-VM &#8211; og Donald Trump. <\/p>\n<p><img alt=\"YES, SIR: Alexi Lalas st\u00f8tter Donald Trump, men kommer med en advarsel.  Foto: OMAR VEGA \/ AFP \/ NTB\" class=\"_image_qp4xg_65 layout-component layout-wide\" data-fullscreen- data-track-element-type=\"Article image fullscreen\" data-track-name=\"ImageFullscreen\" fetchpriority=\"high\" decoding=\"sync\" loading=\"eager\" height=\"2957\" itemprop=\"image\"  src=\"https:\/\/www.europesays.com\/no\/wp-content\/uploads\/2025\/12\/9a9fb3b2-5d2f-4f06-96a1-e7a2b061d5d6\"  style=\"object-position:0% 0%\" width=\"4435\"\/>YES, SIR: Alexi Lalas st\u00f8tter Donald Trump, men kommer med en advarsel.  Foto: OMAR VEGA \/ AFP \/ NTB<\/p>\n<ul aria-hidden=\"true\" class=\"_images_ntbth_112\">\n<li><a class=\"_link_ntbth_117\" href=\"https:\/\/www.vg.no\/forfatter\/steffen-stenersen\" style=\"z-index:2\" title=\"Steffen Stenersen\" rel=\"nofollow noopener\" target=\"_blank\"><img alt=\"Bilde av Steffen Stenersen\" class=\"_image_ntbth_93\" fetchpriority=\"low\" loading=\"lazy\" decoding=\"async\" itemprop=\"image\"  src=\"https:\/\/www.europesays.com\/no\/wp-content\/uploads\/2025\/12\/1765214830_235_53060b84-6e6f-4eee-9b23-952f524bbbf0\"  width=\"480\"\/><\/a><\/li>\n<li><a class=\"_link_ntbth_117\" href=\"https:\/\/www.vg.no\/forfatter\/vegard-aulstad\" style=\"z-index:1\" title=\"Vegard Aulstad\" rel=\"nofollow noopener\" target=\"_blank\"><img alt=\"Bilde av Vegard Aulstad\" class=\"_image_ntbth_93\" fetchpriority=\"low\" loading=\"lazy\" decoding=\"async\" itemprop=\"image\"  src=\"https:\/\/www.europesays.com\/no\/wp-content\/uploads\/2025\/12\/185ece5a-5a5e-48f4-9395-7549ed7312d6\"  width=\"480\"\/><\/a><\/li>\n<\/ul>\n<p>Rapporterer fra Washington, USA  Oppdatert mandag 8. desember kl. 18:22    <\/p>\n<ul class=\"_list_o9xde_3 _list_64s2r_85 _unordered_o9xde_106 text-sans-m\">\n<li class=\"_item_o9xde_30\">Alexi Lalas jobber for \u00e5 bygge opp stemningen rundt et nytt USA-VM og st\u00f8tter Donald Trump.<\/li>\n<li class=\"_item_o9xde_30\">Lalas reagerer syrlig p\u00e5 St\u00e5le Solbakkens kritikk av VM-trekningen i Washington, og sp\u00f8r om han er en \u00abfreakshow-kjenner\u00bb.<\/li>\n<li class=\"_item_o9xde_30\">Lalas fremhever Trumps engasjement som positivt og n\u00f8dvendigheten av strenge immigrasjonsregler.<\/li>\n<li class=\"_item_o9xde_30\">Han sp\u00e5r gode sjanser for Norges landslag i Boston og New Jersey, og gleder seg over Norges deltakelse.<\/li>\n<\/ul>\n<p>Vis mer <\/p>\n<p class=\"_paragraph_o9xde_4 _paragraph_xtcu6_10 layout-component text-serif-m layout-normal text-serif-m layout-padded\">N\u00e5 sender han ogs\u00e5 et stikk til Norges landslagstrener St\u00e5le Solbakken. <\/p>\n<p class=\"_paragraph_o9xde_4 _paragraph_xtcu6_10 layout-component text-serif-m layout-normal text-serif-m layout-padded\">For etter VM-trekningen i Kennedy Center i Washington var Solbakken ikke s\u00e6rlig imponert over underholdningen. <\/p>\n<p class=\"_paragraph_o9xde_4 _paragraph_xtcu6_10 layout-component text-serif-m layout-normal text-serif-m layout-padded\">\u2013 Det var et freakshow b\u00e5de f\u00f8r, under og etter, men det var vel ikke s\u00e5 overraskende, sa Solbakken til pressen etter trekningen. <\/p>\n<p><img decoding=\"async\" alt=\"Bilde av St\u00e5le Solbakken\" class=\"_image_ygndg_42\" height=\"27\" itemprop=\"image\" loading=\"lazy\"  src=\"https:\/\/www.europesays.com\/no\/wp-content\/uploads\/2025\/12\/d3a183b3-877d-4689-bbf9-64a68323a533\"  width=\"40\"\/><strong class=\"_name_ygndg_51 title-serif-xs\">St\u00e5le Solbakken<\/strong><\/p>\n<p class=\"_paragraph_o9xde_4 text-sans-m _description_ygndg_56\">Landslagssjef <\/p>\n<p class=\"_paragraph_o9xde_4 _paragraph_xtcu6_10 layout-component text-serif-m layout-normal text-serif-m layout-padded\">VG sp\u00f8r Lalas om han har f\u00e5tt med seg uttalelsen. <\/p>\n<p class=\"_paragraph_o9xde_4 _paragraph_xtcu6_10 layout-component text-serif-m layout-normal text-serif-m layout-padded\">\u2013 Freakshow? Virkelig? Vel, han har tydeligvis god erfaring med freakshows. Han betaler sikkert mye penger for sine freakshows. Jeg har ikke s\u00e5 mye erfaring med freakshow, men han har tydeligvis det. Kanskje han er en freakshow-kjenner? sp\u00f8r han syrlig tilbake. <\/p>\n<p><img alt=\"Alexi Lalas sammen med blant andre Ronaldo og Fifa-president Gianni Infantino under offentliggj\u00f8ringen av kamptidspunktene i Washington l\u00f8rdag.   Foto: Jeenah Moon \/ Reuters \/ NTB\" class=\"_image_qp4xg_65 layout-component layout-normal\" data-fullscreen- data-track-element-type=\"Article image fullscreen\" data-track-name=\"ImageFullscreen\" decoding=\"async\" loading=\"lazy\" height=\"4000\" itemprop=\"image\"  src=\"https:\/\/www.europesays.com\/no\/wp-content\/uploads\/2025\/12\/e6c4a20a-40e4-49f1-810a-ba7d689d5e4d\"  style=\"object-position:0% 0%\" width=\"6000\"\/>Alexi Lalas sammen med blant andre Ronaldo og Fifa-president Gianni Infantino under offentliggj\u00f8ringen av kamptidspunktene i Washington l\u00f8rdag.   Foto: Jeenah Moon \/ Reuters \/ NTB<\/p>\n<p class=\"_paragraph_o9xde_4 _paragraph_xtcu6_10 layout-component text-serif-m layout-normal text-serif-m layout-padded\">Lalas smiler lett. <\/p>\n<p class=\"_paragraph_o9xde_4 _paragraph_xtcu6_10 layout-component text-serif-m layout-normal text-serif-m layout-padded\">Han har v\u00e6rt omtrent umulig \u00e5 unng\u00e5 gjennom denne trekningshelgen i Washington. L\u00f8rdag satt han p\u00e5 scenen. Energisk ledet han en samtale med Ars\u00e9ne Wenger og Fifa-topp Jill Ellis. <\/p>\n<p class=\"_paragraph_o9xde_4 _paragraph_xtcu6_10 layout-component text-serif-m layout-normal text-serif-m layout-padded\">\u2013 Der borte sitter den utrolige pene mannen. Han blir bare penere og penere, jeg blir helt gal, startet han showet med da han skulle presentere Wenger. <\/p>\n<p><img alt=\"For 31 \u00e5r siden kunne Lalas juble for amerikansk seier over Colombia i Pasadena.   Foto: Eric Draper \/ AP \/ NTB\" class=\"_image_qp4xg_65 layout-component layout-normal\" data-fullscreen- data-track-element-type=\"Article image fullscreen\" data-track-name=\"ImageFullscreen\" decoding=\"async\" loading=\"lazy\" height=\"2179\" itemprop=\"image\"  src=\"https:\/\/www.europesays.com\/no\/wp-content\/uploads\/2025\/12\/ba5a3e06-2703-48ab-b899-9e54c7bef898\"  style=\"object-position:0% 0%\" width=\"3001\"\/>For 31 \u00e5r siden kunne Lalas juble for amerikansk seier over Colombia i Pasadena.   Foto: Eric Draper \/ AP \/ NTB<\/p>\n<p class=\"_paragraph_o9xde_4 _paragraph_xtcu6_10 layout-component text-serif-m layout-normal text-serif-m layout-padded\">Han var sentral sist Norge og resten av verden spilte VM i USA. Med sitt lange h\u00e5r sjarmerte Alexi Lalas en hel fotballverden, og ble selve symbolet p\u00e5 fotball i USA. <\/p>\n<p class=\"_paragraph_o9xde_4 _paragraph_xtcu6_10 layout-component text-serif-m layout-normal text-serif-m layout-padded\">Som en av de mer kjente fotballprofilene i USA er han en viktig stemme for \u00e5 skape entusiasme rundt et VM som har f\u00e5tt et kraftig politisk bakteppe, med Donald Trump som hovedperson. <\/p>\n<p class=\"_paragraph_o9xde_4 _paragraph_xtcu6_10 layout-component text-serif-m layout-normal text-serif-m layout-padded\">\u2013 Jeg var priviligert nok til \u00e5 f\u00e5 spille VM p\u00e5 hjemmebane. Jeg s\u00e5 hvordan det endret landet mitt og hvordan det endret sporten, sa han under seansen med Wenger. <\/p>\n<p><img alt=\"Foto: DAN MULLAN \/ AFP \/ NTB\" class=\"_image_qp4xg_65 layout-component layout-normal\" data-fullscreen- data-track-element-type=\"Article image fullscreen\" data-track-name=\"ImageFullscreen\" decoding=\"async\" loading=\"lazy\" height=\"3884\" itemprop=\"image\"  src=\"https:\/\/www.europesays.com\/no\/wp-content\/uploads\/2025\/12\/b2af42cb-b738-43da-9a25-e055e99015a4\"  style=\"object-position:0% 0%\" width=\"5825\"\/>Foto: DAN MULLAN \/ AFP \/ NTB<\/p>\n<p class=\"_paragraph_o9xde_4 _paragraph_xtcu6_10 layout-component text-serif-m layout-normal text-serif-m layout-padded\">VG sp\u00f8r om han mener Trump overskygger fotballen i VM, slik mange eksperter beskylder presidenten for \u00e5 gj\u00f8re. <\/p>\n<p class=\"_paragraph_o9xde_4 _paragraph_xtcu6_10 layout-component text-serif-m layout-normal text-serif-m layout-padded\">\u2013 \u00c5 ha lederen av landet ditt, som jeg mener til syvende og sist vil bli husket som fotballpresidenten, til stede, mener jeg er en god ting, sier Lalas. <\/p>\n<p class=\"_paragraph_o9xde_4 _paragraph_xtcu6_10 layout-component text-serif-m layout-normal text-serif-m layout-padded\">F\u00f8r han kjapper seg \u00e5 legge til: <\/p>\n<p class=\"_paragraph_o9xde_4 _paragraph_xtcu6_10 layout-component text-serif-m layout-normal text-serif-m layout-padded\">\u2013 Og det er ikke noe nytt. Det skjer i alle VM hvor du har ledere, presidenter og konger som anerkjenner plattformen som VM er. Jeg mener det er en bra ting at lederen for landet mitt er engasjert og gleder seg til muligheten et VM gir. Smarte politikere anerkjenner de mulighetene, men ogs\u00e5 ansvaret. Dette skjer p\u00e5 hans vakt, sier Lalas.<\/p>\n<p class=\"_paragraph_o9xde_4 _paragraph_xtcu6_10 layout-component text-serif-m layout-normal text-serif-m layout-padded\">\u2013 Dette kommer til \u00e5 bli et speilbilde av USA og ogs\u00e5 Trump, og da er det i hans interesse at det g\u00e5r bra, sier Lalas. <\/p>\n<p class=\"_paragraph_o9xde_4 _paragraph_xtcu6_10 layout-component text-serif-m layout-normal text-serif-m layout-padded\">Helten fra VM 1994 har v\u00e6rt tydelig flere ganger p\u00e5 at han er en st\u00f8ttespiller av Donald Trump. <\/p>\n<p class=\"_paragraph_o9xde_4 _paragraph_xtcu6_10 layout-component text-serif-m layout-normal text-serif-m layout-padded\">\u2013 Jeg elsker hva han har gjort for \u00e5 sikre grensene v\u00e5re og adressere ulovlig immigrasjon, har han skrevet p\u00e5 X, samtidig som han i samme melding \u2013 og i flere intervjuer \u2013 har anerkjent at ikke alle ser det p\u00e5 den m\u00e5ten. <\/p>\n<p><img decoding=\"async\" alt=\"Bilde av Donald Trump\" class=\"_image_ygndg_42\" height=\"27\" itemprop=\"image\" loading=\"lazy\"  src=\"https:\/\/www.europesays.com\/no\/wp-content\/uploads\/2025\/12\/722a1a06-39a4-4615-b137-e4055c4eb236\"  width=\"40\"\/><strong class=\"_name_ygndg_51 title-serif-xs\">Donald Trump<\/strong><\/p>\n<p class=\"_paragraph_o9xde_4 text-sans-m _description_ygndg_56\">President <\/p>\n<p class=\"_paragraph_o9xde_4 _paragraph_xtcu6_10 layout-component text-serif-m layout-normal text-serif-m layout-padded\">\u2013 Jeg kan skj\u00f8nne at det negative synet kan p\u00e5virke noen av dem som vil bes\u00f8ke oss for VM. Jeg mener alt som er bra for landet mitt p\u00e5 lang sikt m\u00e5 g\u00e5 foran kortsiktige VM-p\u00e5virkninger, men det er viktig \u00e5 si at s\u00e5 lenge du f\u00f8lger reglene og kommer hit lovlig, s\u00e5 vil du ha et fantastisk og uforglemmelig VM, har Lalas skrevet. <\/p>\n<p class=\"_paragraph_o9xde_4 _paragraph_xtcu6_10 layout-component text-serif-m layout-normal text-serif-m layout-padded\">I et intervju med Politico har han sagt at \u00abdet er et problem hvis m\u00e5ten folk ser p\u00e5 Amerika p\u00e5, gj\u00f8r at de ikke reiser til VM\u00bb. <\/p>\n<p class=\"_paragraph_o9xde_4 _paragraph_xtcu6_10 layout-component text-serif-m layout-normal text-serif-m layout-padded\">Det er lenge siden 1994. Lalas vet godt at det er lenge siden Norge har spilt VM. Han sp\u00e5r gode sjanser i gruppespillet som Norge spiller i Boston og New Jersey. <\/p>\n<p class=\"_paragraph_o9xde_4 _paragraph_xtcu6_10 layout-component text-serif-m layout-normal text-serif-m layout-padded\">\u2013 Jeg er s\u00e5 glad for at dere er tilbake. Dere kommer til \u00e5 elske Boston-omr\u00e5det, New York og alt i nord\u00f8st. Jeg tror folk kommer til \u00e5 omfavne laget og alle stjernene deres. Det kommer til \u00e5 bli moro.<\/p>\n","protected":false},"excerpt":{"rendered":"Han var USAs store profil sist gang landet hadde VM. N\u00e5 jobber Alexi Lalas for \u00e5 bygge opp&hellip;\n","protected":false},"author":2,"featured_media":107688,"comment_status":"","ping_status":"","sticky":false,"template":"","format":"standard","meta":{"footnotes":""},"categories":[59],"tags":[8634,3163,30,28,29,83,82],"class_list":{"0":"post-107687","1":"post","2":"type-post","3":"status-publish","4":"format-standard","5":"has-post-thumbnail","7":"category-sport","8":"tag-fotball-vm-2026","9":"tag-herrelandslaget-fotball","10":"tag-no","11":"tag-norge","12":"tag-norway","13":"tag-sport","14":"tag-sports"},"share_on_mastodon":{"url":"https:\/\/pubeurope.com\/@no\/115685126859949448","error":""},"_links":{"self":[{"href":"https:\/\/www.europesays.com\/no\/wp-json\/wp\/v2\/posts\/107687","targetHints":{"allow":["GET"]}}],"collection":[{"href":"https:\/\/www.europesays.com\/no\/wp-json\/wp\/v2\/posts"}],"about":[{"href":"https:\/\/www.europesays.com\/no\/wp-json\/wp\/v2\/types\/post"}],"author":[{"embeddable":true,"href":"https:\/\/www.europesays.com\/no\/wp-json\/wp\/v2\/users\/2"}],"replies":[{"embeddable":true,"href":"https:\/\/www.europesays.com\/no\/wp-json\/wp\/v2\/comments?post=107687"}],"version-history":[{"count":0,"href":"https:\/\/www.europesays.com\/no\/wp-json\/wp\/v2\/posts\/107687\/revisions"}],"wp:featuredmedia":[{"embeddable":true,"href":"https:\/\/www.europesays.com\/no\/wp-json\/wp\/v2\/media\/107688"}],"wp:attachment":[{"href":"https:\/\/www.europesays.com\/no\/wp-json\/wp\/v2\/media?parent=107687"}],"wp:term":[{"taxonomy":"category","embeddable":true,"href":"https:\/\/www.europesays.com\/no\/wp-json\/wp\/v2\/categories?post=107687"},{"taxonomy":"post_tag","embeddable":true,"href":"https:\/\/www.europesays.com\/no\/wp-json\/wp\/v2\/tags?post=107687"}],"curies":[{"name":"wp","href":"https:\/\/api.w.org\/{rel}","templated":true}]}}