{"id":107694,"date":"2025-12-08T17:35:11","date_gmt":"2025-12-08T17:35:11","guid":{"rendered":"https:\/\/www.europesays.com\/no\/107694\/"},"modified":"2025-12-08T17:35:11","modified_gmt":"2025-12-08T17:35:11","slug":"felix-horn-myhre-og-kajsa-rooth-er-kjaerester","status":"publish","type":"post","link":"https:\/\/www.europesays.com\/no\/107694\/","title":{"rendered":"Felix Horn Myhre og Kajsa Rooth er kj\u00e6rester"},"content":{"rendered":"\n<p class=\"_lead_o9xde_2 _lead_xtcu6_50 layout-component text-serif-m layout-normal text-serif-l layout-component layout-wide layout-padded _wide_17hqh_1 layout-padded\">M\u00f8ttes via idrettsmilj\u00f8et.<\/p>\n<p><img alt=\" Foto: Carina Johansen (NTB ) og privat.\" class=\"_image_qp4xg_65 layout-component layout-wide\" data-fullscreen- data-track-element-type=\"Article image fullscreen\" data-track-name=\"ImageFullscreen\" fetchpriority=\"high\" decoding=\"sync\" loading=\"eager\" height=\"1080\" itemprop=\"image\"  src=\"https:\/\/www.europesays.com\/no\/wp-content\/uploads\/2025\/12\/da66ed6e-8ebb-40d5-9d45-032f5e2ea0b6\"  style=\"object-position:0% 0%\" width=\"1920\"\/> Foto: Carina Johansen (NTB ) og privat.<\/p>\n<ul aria-hidden=\"true\" class=\"_images_ntbth_112\">\n<li><a class=\"_link_ntbth_117\" href=\"https:\/\/www.vg.no\/forfatter\/elise-roennevig-andersen\" style=\"z-index:1\" title=\"Elise R\u00f8nnevig Andersen\" rel=\"nofollow noopener\" target=\"_blank\"><img alt=\"Bilde av Elise R\u00f8nnevig Andersen\" class=\"_image_ntbth_93\" fetchpriority=\"low\" loading=\"lazy\" decoding=\"async\" itemprop=\"image\"  src=\"https:\/\/www.europesays.com\/no\/wp-content\/uploads\/2025\/12\/1765215310_397_d4a69b78-dc9a-4021-89fd-0783e681325f\"  width=\"480\"\/><\/a><\/li>\n<\/ul>\n<p> Oppdatert mandag 8. desember kl. 18:17    <\/p>\n<ul class=\"_list_o9xde_3 _list_64s2r_85 _unordered_o9xde_106 text-sans-m\">\n<li class=\"_item_o9xde_30\">Landslagsspiller Felix Horn Myhre (26) og friidrettsut\u00f8ver Kajsa Rooth (22) er kj\u00e6rester.<\/li>\n<li class=\"_item_o9xde_30\">Paret har v\u00e6rt sammen siden sensommeren og m\u00f8ttes via idrettsmilj\u00f8et.<\/li>\n<li class=\"_item_o9xde_30\">Kajsas mor bekrefter forholdet, men de \u00f8nsker ikke \u00e5 kommentere ytterligere.<\/li>\n<\/ul>\n<p>Vis mer <\/p>\n<p class=\"_paragraph_o9xde_4 _paragraph_xtcu6_10 layout-component text-serif-m layout-normal text-serif-m layout-padded\">Landslagsspiller Felix Horn Myhre (26) og friidrettsut\u00f8ver <a href=\"https:\/\/www.vg.no\/tag\/kajsa-rooth?utm_source=vg-article&amp;utm_medium=auto-tagger&amp;utm_campaign=xrROzj\" class=\"_link_o9xde_39\" rel=\"nofollow noopener\" target=\"_blank\">Kajsa Rooth<\/a> (22) er kj\u00e6rester.<\/p>\n<p class=\"_paragraph_o9xde_4 _paragraph_xtcu6_10 layout-component text-serif-m layout-normal text-serif-m layout-padded\">De har v\u00e6rt et par siden sensommeren og m\u00f8ttes via idrettsmilj\u00f8et, f\u00e5r VG bekreftet fra Kajsas mor Mette Rooth, som sier at de to er kjent med at forholdet omtales &#8211; men ikke \u00f8nsker \u00e5 kommentere ytterligere.<\/p>\n<p><img alt=\"Felix Horn Myhre p\u00e5 Ullevaal Stadion i h\u00f8st.  Foto: Stian Lysberg Solum \/ NTB\" class=\"_image_qp4xg_65 layout-component layout-normal\" data-fullscreen- data-track-element-type=\"Article image fullscreen\" data-track-name=\"ImageFullscreen\" decoding=\"async\" loading=\"lazy\" height=\"4436\" itemprop=\"image\"  src=\"https:\/\/www.europesays.com\/no\/wp-content\/uploads\/2025\/12\/69cd2ec1-cd18-4d96-a24f-583813961d4c\"  style=\"object-position:0% 0%\" width=\"6654\"\/>Felix Horn Myhre p\u00e5 Ullevaal Stadion i h\u00f8st.  Foto: Stian Lysberg Solum \/ NTB<\/p>\n<p class=\"_paragraph_o9xde_4 _paragraph_xtcu6_10 layout-component text-serif-m layout-normal text-serif-m layout-padded\">Rooth er lilles\u00f8ster til friidrettut\u00f8ver Markus Rooth som tok gull i tikamp <a href=\"https:\/\/www.vg.no\/sport\/i\/3Mpgrv\/markus-rooth-med-bragd-i-paris-ol-gull-i-tikamp\" data-track-element-type=\"Link\" data-track-id=\"link:3Mpgrv\" class=\"_link_o9xde_39\" rel=\"nofollow noopener\" target=\"_blank\">under OL i Paris<\/a>. Hun har hatt sosiale medier-ansvar for kanalene hans.<\/p>\n<p class=\"_paragraph_o9xde_4 _paragraph_xtcu6_10 layout-component text-serif-m layout-normal text-serif-m layout-padded\">Horn Myhre spiller til vanlig for fotballklubben Brann og er ogs\u00e5 i landslagstroppen.<\/p>\n<ul class=\"_list_o9xde_3 _list_xtcu6_9 _unordered_o9xde_106 layout-component text-serif-m layout-normal text-serif-m layout-padded\">\n<li class=\"_item_o9xde_30\"><strong class=\"_strong_o9xde_25\">VGs nye intervjupodkast gir deg eksklusive intervjuer med kjente norske profiler:<\/strong><\/li>\n<\/ul>\n","protected":false},"excerpt":{"rendered":"M\u00f8ttes via idrettsmilj\u00f8et. Foto: Carina Johansen (NTB ) og privat. Oppdatert mandag 8. desember kl. 18:17 Landslagsspiller Felix&hellip;\n","protected":false},"author":2,"featured_media":107695,"comment_status":"","ping_status":"","sticky":false,"template":"","format":"standard","meta":{"footnotes":""},"categories":[59],"tags":[1556,3163,13368,2753,30,28,29,83,82],"class_list":{"0":"post-107694","1":"post","2":"type-post","3":"status-publish","4":"format-standard","5":"has-post-thumbnail","7":"category-sport","8":"tag-felix-horn-myhre","9":"tag-herrelandslaget-fotball","10":"tag-kajsa-rooth","11":"tag-kjaerester","12":"tag-no","13":"tag-norge","14":"tag-norway","15":"tag-sport","16":"tag-sports"},"share_on_mastodon":{"url":"https:\/\/pubeurope.com\/@no\/115685158271717749","error":""},"_links":{"self":[{"href":"https:\/\/www.europesays.com\/no\/wp-json\/wp\/v2\/posts\/107694","targetHints":{"allow":["GET"]}}],"collection":[{"href":"https:\/\/www.europesays.com\/no\/wp-json\/wp\/v2\/posts"}],"about":[{"href":"https:\/\/www.europesays.com\/no\/wp-json\/wp\/v2\/types\/post"}],"author":[{"embeddable":true,"href":"https:\/\/www.europesays.com\/no\/wp-json\/wp\/v2\/users\/2"}],"replies":[{"embeddable":true,"href":"https:\/\/www.europesays.com\/no\/wp-json\/wp\/v2\/comments?post=107694"}],"version-history":[{"count":0,"href":"https:\/\/www.europesays.com\/no\/wp-json\/wp\/v2\/posts\/107694\/revisions"}],"wp:featuredmedia":[{"embeddable":true,"href":"https:\/\/www.europesays.com\/no\/wp-json\/wp\/v2\/media\/107695"}],"wp:attachment":[{"href":"https:\/\/www.europesays.com\/no\/wp-json\/wp\/v2\/media?parent=107694"}],"wp:term":[{"taxonomy":"category","embeddable":true,"href":"https:\/\/www.europesays.com\/no\/wp-json\/wp\/v2\/categories?post=107694"},{"taxonomy":"post_tag","embeddable":true,"href":"https:\/\/www.europesays.com\/no\/wp-json\/wp\/v2\/tags?post=107694"}],"curies":[{"name":"wp","href":"https:\/\/api.w.org\/{rel}","templated":true}]}}