{"id":107700,"date":"2025-12-08T17:41:19","date_gmt":"2025-12-08T17:41:19","guid":{"rendered":"https:\/\/www.europesays.com\/no\/107700\/"},"modified":"2025-12-08T17:41:19","modified_gmt":"2025-12-08T17:41:19","slug":"advarer-mot-hastverk","status":"publish","type":"post","link":"https:\/\/www.europesays.com\/no\/107700\/","title":{"rendered":"Advarer mot hastverk"},"content":{"rendered":"<p>    Kort fortalt<\/p>\n<ul lang=\"nb-NO\">\n<li>Vestre advarer mot Frps forslag om \u00e5 skille drift og investeringer i sykehusfinansiering.<\/li>\n<li>Han oppfordrer til \u00e5 vente p\u00e5 Helsereformutvalgets rapport som kommer 1. november neste \u00e5r.<\/li>\n<li>M\u00e5let er en helhetlig helsetjeneste som sikrer sammenhengende behandlingsforl\u00f8p for pasientene.<\/li>\n<li>Vestre \u00f8nsker en reform som gir forutsigbarhet og advarer mot raske l\u00f8sninger uten grundig utredning.<\/li>\n<\/ul>\n<p class=\"italic ai-disclaimer\" data-lab-italic=\"italic\">Sammendraget er laget av ChatGPT og godkjent av Dagbladet.<\/p>\n<p>      Vis mer<br \/>\n      Vis mindre<\/p>\n<p>Vestre tenker s\u00e6rlig p\u00e5 forslaget fra Frp om \u00e5<br \/>\nskille drift og investeringer i finansieringen av sykehusene. Forslaget er n\u00e5<br \/>\ntil behandling i helse- og omsorgskomiteen og kan f\u00e5 flertall.\u00a0<\/p>\n<p>Vestre maner til<br \/>\n\u00ab\u00e5 puste med magen\u00bb og vente p\u00e5 Helsereformutvalget som kommer med forslag til<br \/>\nny modell for styring og finansiering av helsetjenestene 1. november neste \u00e5r.<\/p>\n<p class=\"font-weight-bold m-font-weight-bold\" data-lab-font_weight=\"font-weight-bold\">&#8211; Jeg advarer mot \u00e5 gj\u00f8re br\u00e5 endringer som<br \/>\nikke er utredet som en del av en<br \/>\nhelhetlig l\u00f8sning all den tid vi har et utvalg der landets<br \/>\nfremste fagfolk sitter og vurderer dette. De lytter til debatten og f\u00e5r med seg<br \/>\nhva som r\u00f8rer seg. De skal legge fram en rapport med flere ulike modeller som<br \/>\njeg tror flere kommer til \u00e5 kjenne seg i, sier Vestre til Dagbladet.<\/p>\n<p>    <a itemprop=\"url\" href=\"https:\/\/www.dagbladet.no\/meninger\/stoltenberg-modell-for-fall\/83800218\" rel=\"nofollow noopener\" target=\"_blank\"><\/p>\n<p>        <img loading=\"lazy\" decoding=\"async\" src=\"https:\/\/www.europesays.com\/no\/wp-content\/uploads\/2025\/12\/83800235.webp\" width=\"980\" height=\"441\" title=\"Stoltenberg-modell for fall\" alt=\"\" class=\"lazyload\" style=\"--aspect-ratio-image: 2.22; \"\/><\/p>\n<p>        Stoltenberg-modell for fall<\/p>\n<p>    <\/a><\/p>\n<p>M\u00e5let er \u00e9n felles helsetjeneste der<br \/>\nkommunehelsetjenesten og sykehusene sikrer et sammenhengende behandlingsforl\u00f8p<br \/>\nfor pasientene. Vestres ambisjon er en modell som kan st\u00e5 seg like lenge som<br \/>\ndagens foretaksmodell, og gjennom skiftende stortingsflertall. Da trengs en<br \/>\ngrundig utredning, understreker Vestre.<\/p>\n<p>        <img loading=\"lazy\" decoding=\"async\" src=\"https:\/\/www.europesays.com\/no\/wp-content\/uploads\/2025\/12\/83914537.webp\" width=\"686\" height=\"488\" title=\"PUST MED MAGEN: Helse- og omsorgsminister maner Frp og andre som er hissige p\u00e5 \u00e5 endre styringen av sykehusene til Helsereformutvalget har lagt fram sine forslag og modeller. - Pust med magen, r\u00e5der han. Foto: Bj\u00f8rn Langsem\" alt=\"\" class=\"\" style=\"--aspect-ratio-image: 1.41; \"\/><\/p>\n<p>\n        PUST MED MAGEN: Helse- og omsorgsminister maner Frp og andre som er hissige p\u00e5 \u00e5 endre styringen av sykehusene til Helsereformutvalget har lagt fram sine forslag og modeller. &#8211; Pust med magen, r\u00e5der han. Foto: Bj\u00f8rn Langsem\n    <\/p>\n<p>&#8211; Pust med magen\t<\/p>\n<p class=\"font-weight-black m-font-weight-black\" data-lab-font_weight=\"font-weight-black\">&#8211; Vi kommer til \u00e5 legge fram for Stortinget<br \/>\nulike m\u00e5ter \u00e5 gj\u00f8re dette p\u00e5. Da vil jeg appellere til \u00e5 puste litt med magen<br \/>\nog gj\u00f8re ting i riktig rekkef\u00f8lge. Det er tross alt bare 11 m\u00e5neder til<br \/>\nutvalget legger fram sine forslag. Det er 160\u00a0000 ansatte ved norske<br \/>\nsykehus, det er om lag 2,8 millioner<br \/>\npasienter som f\u00e5r behandling hvert \u00e5r, det er et budsjett p\u00e5 238 milliarder.<br \/>\nDette er en s\u00e5 stor og viktig sektor at den fortjener at vi gj\u00f8r dette grundig, sier Vestre.<\/p>\n<p class=\"font-weight-black m-font-weight-black\" data-lab-font_weight=\"font-weight-black\">Hans invitasjon til hele Stortinget er:\u00a0<\/p>\n<p class=\"font-weight-normal m-font-weight-normal\" data-lab-font_weight=\"font-weight-normal\">&#8211; La oss pr\u00f8ve \u00e5 samle et bredt flertall en reform som kan gi<br \/>\nforutsigbarhet og kan st\u00e5 seg over tid.\u00a0\u00c5 n\u00e5 g\u00e5 l\u00f8s p\u00e5 enkeltdeler av dette,<br \/>\nuten utredning av konsekvensene eller<br \/>\net helhetlig blikk, vil jeg advare veldig mot, sier Vestre.<\/p>\n<p class=\"font-weight-bold m-font-weight-bold\" data-lab-font_weight=\"font-weight-bold\">Han mener et skille mellom drift og<br \/>\ninvesteringer for sykehusene ikke<br \/>\nn\u00f8dvendigvis er en god id\u00e9, men har bedt utvalget om \u00e5 utrede det.\u00a0<\/p>\n<p>&#8211; Det blir ikke mer penger i helsesektoren av<br \/>\ndet, slik jeg har forst\u00e5tt forslaget. Helsetjenesten<br \/>\nf\u00e5r n\u00e5 238 milliarder p\u00e5 statsbudsjettet. Om man samler inn disse milliardene for at Stortinget skal dele<br \/>\nde ut igjen, i en sekk til drift og en til investeringer, blir det ikke mer penger til sektoren av det. Sykehusene m\u00e5<br \/>\nbetale renter p\u00e5 l\u00e5n, ja. Det er fordi de eier byggene selv. Alternativet ville v\u00e6re \u00e5 leie, som universitets- og h\u00f8yskolesektoren. Men de fleste vet at det som regel er dyrere \u00e5 leie enn \u00e5 eie.<\/p>\n<p>&#8211; Sykehusene m\u00e5 jo sette av penger til nye bygg<br \/>\nog til renter. Det gj\u00f8r at mange sykehus kutter \u00e5rsverk og<br \/>\nsengeposter. Er ikke det et problem? <\/p>\n<p>&#8211; Men en krone er en krone. Du kan like gjerne<br \/>\nsnu p\u00e5 det; investeringer stoppes av driften. Du f\u00e5r ikke god pasientbehandling<br \/>\nuten gode bygg og skikkelig<br \/>\nmedisinsk utstyr. S\u00e5 hvis man vil ha mer penger til helsetjenesten, s\u00e5 er svaret egentlig \u00e5 bevilge mer penger, sier Vestre.<\/p>\n<p class=\"font-weight-bold m-font-weight-bold\" data-lab-font_weight=\"font-weight-bold\">Helseforetaksmodellen, innf\u00f8rt av Jens<br \/>\nStoltenbergs f\u00f8rste regjering, har v\u00e6rt fredet av alle Aps helse- og<br \/>\nomsorgsministre. Fram til n\u00e5. Vestre sier han \u00abikke er gift med modellen\u00bb.<\/p>\n<p>&#8211; Modellen har fungert i 25 \u00e5r. Det var mange<br \/>\ngode grunner til \u00e5 innf\u00f8re den. Det var helt riktig<br \/>\nat staten overtok eierskapet til sykehusene. Men den har jo ogs\u00e5 noen<br \/>\nutfordringer, det har jeg sett selv i l\u00f8pet av halvannet \u00e5r som helseminister,<br \/>\nsier Vestre.<\/p>\n<p>        <img loading=\"lazy\" decoding=\"async\" src=\"https:\/\/www.europesays.com\/no\/wp-content\/uploads\/2025\/12\/83914509.webp\" width=\"980\" height=\"559\" title=\"KRITISK: I l\u00f8pet av sin tid som helse- og omsorgsminister har Jan Christian Vestre sett problematiske sider ved helseforetaksmodellen og hvordan helse- og omsorgssektoren er organisert. N\u00e5 vil han ha Stortinget med p\u00e5 en omfattende reform. Foto: Bj\u00f8rn Langsem\/Dagbladet\" alt=\"\" class=\"\" style=\"--aspect-ratio-image: 1.75; \"\/><\/p>\n<p>\n        KRITISK: I l\u00f8pet av sin tid som helse- og omsorgsminister har Jan Christian Vestre sett problematiske sider ved helseforetaksmodellen og hvordan helse- og omsorgssektoren er organisert. N\u00e5 vil han ha Stortinget med p\u00e5 en omfattende reform. Foto: Bj\u00f8rn Langsem\/Dagbladet\n    <\/p>\n<p class=\"italic m-italic\" data-lab-italic=\"italic\">&#8211; Hva er det negative ved foretaksmodellen?<\/p>\n<p>&#8211; Det stilles jo sp\u00f8rsm\u00e5l i befolkningen om den<br \/>\ndemokratiske legitimiteten. Vi utnevner styrene til de regionale<br \/>\nhelseforetakene og stiller krav i<br \/>\noppdragsbrev. Men mange beslutninger tas jo nedover i systemene med mindre direkte innflytelse. Det<br \/>\ner \u00e9n ting. S\u00e5 stilles det sp\u00f8rsm\u00e5l ved om modellen har<br \/>\nbidratt til mer byr\u00e5krati. Det har vi ikke noe entydig svar p\u00e5. Men n\u00e5 har vi i<br \/>\nstatsbudsjettet startet med \u00e5 flytte mer helsekroner fra byr\u00e5krati til<br \/>\nf\u00f8rstelinjen ved at vi har overf\u00f8rt 300 millioner fra helseforvaltning og de<br \/>\nregionale helseforetakene til pasientbehandling, sier Vestre. <\/p>\n<p>Vanntette skott<\/p>\n<p class=\"font-weight-bold m-font-weight-bold\" data-lab-font_weight=\"font-weight-bold\">Men f\u00f8rst og fremst mener Vestre at dagens system<br \/>\nst\u00e5r i veien for reformen som skal sikre at pasienter ikke blir kasteballer<br \/>\nmellom sykehusene og kommunene.<\/p>\n<p>&#8211; Vi har stor innflytelse over sykehusene, men<br \/>\ndet er, til tross for mange gode intensjoner, ofte vanntette skott mellom kommunehelsetjenesten og spesialisthelsetjenesten. Alle vet at vi m\u00e5 satse mer p\u00e5 forebygging, alle<br \/>\nvet at vi m\u00e5 gj\u00f8re mer for \u00e5 utjevne helseforskjeller. Alt vi kan behandle<br \/>\ntidligst mulig, p\u00e5 lavest mulig niv\u00e5, er bra for pasientene og for<br \/>\nsamfunns\u00f8konomien. Kommunene<br \/>\ner selvsagt opptatt av innbyggerne sine, men det er en rar modell<br \/>\nat vi driver og sender fakturaer til hverandre n\u00e5r alle pengene kommer fra det<br \/>\nsamme stedet, nemlig skattebetalerne. S\u00e5 hvis vi virkelig \u00f8nsker \u00e5 satse p\u00e5<br \/>\nforebygging og tidlig innsats, m\u00e5 vi endre finansieringssystemet, sier Vestre.<\/p>\n<p>        <img loading=\"lazy\" decoding=\"async\" src=\"https:\/\/www.europesays.com\/no\/wp-content\/uploads\/2025\/12\/83914596.webp\" width=\"980\" height=\"559\" title=\"TRAVELT: Helse- og omsorgsminister Jan Christian Vestre lover \u00e5 legge fram forslag om ny organisering og finansiering av helsetjenesten s\u00e5 raskt som mulig. Han advarer samtidig opposjonen p\u00e5 Stortinget mot hastverk som kan undergrave reformen. Foto: Bj\u00f8rn Langsem\/Dagbladet\" alt=\"\" class=\"\" style=\"--aspect-ratio-image: 1.75; \"\/><\/p>\n<p>\n        TRAVELT: Helse- og omsorgsminister Jan Christian Vestre lover \u00e5 legge fram forslag om ny organisering og finansiering av helsetjenesten s\u00e5 raskt som mulig. Han advarer samtidig opposjonen p\u00e5 Stortinget mot hastverk som kan undergrave reformen. Foto: Bj\u00f8rn Langsem\/Dagbladet\n    <\/p>\n<p>Han er glad for alle partiene er enige om at<br \/>\nstaten skal eie sykehusene. <\/p>\n<p>&#8211; Det positive med foretaksmodellen, er at en<br \/>\ndel beslutninger fattes lokalt, n\u00e6rmere der pasientene f\u00e5r sin behandling.<br \/>\nDerfor er jeg skeptisk til en modell der et kjempedirektorat i Oslo som<br \/>\nskal ta beslutningene, som er det Frp \u00f8nsker. Sp har v\u00e6rt mot<br \/>\nforetaksmodellen hele tiden, men det er vanskelig \u00e5 f\u00e5 tak p\u00e5 hva som er<br \/>\nalternative, sier ministeren, som kommer med f\u00f8lgende advarsel:\u00a0<\/p>\n<p>&#8211;\u00a0N\u00e5 er det mange som vil ha raske<br \/>\nl\u00f8sninger, uten gode nok alternativ.<br \/>\nLa oss derfor la Helsereformutvalget presentere sine<br \/>\nmodeller og s\u00e5 kan vi fors\u00f8ke \u00e5 bli enige, sier Vestre.<\/p>\n<p>Pasienter blir kasteballer<\/p>\n<p>Det var i september i fjor han varslet en stor<br \/>\nhelsereform i l\u00f8pet av stortingsperioden, og Ap gikk til valg p\u00e5 dette. <\/p>\n<p>&#8211; De 25 \u00e5rene siden Stoltenberg 1-regjeringen<br \/>\nvedtok \u00e5 gj\u00f8re om sykehusene til statlige foretak har det skjedd mye bra med<br \/>\nhelsevesenet, sier Vestre, og viser til fastlegereform og fritt sykehusvalg.<\/p>\n<p>        <img loading=\"lazy\" decoding=\"async\" src=\"https:\/\/www.europesays.com\/no\/wp-content\/uploads\/2025\/12\/83914590.webp\" width=\"980\" height=\"559\" title=\"NYTT M\u00d8TE: P\u00e5 vei til nytt m\u00f8te. Helse- og omsorgsminister Jan Christian Vestre sammen med statssekret\u00e6r Usman Ahmad Mushtaq. Foto: Bj\u00f8rn Langsem\/Dagbladet\" alt=\"\" class=\"\" style=\"--aspect-ratio-image: 1.75; \"\/><\/p>\n<p>\n        NYTT M\u00d8TE: P\u00e5 vei til nytt m\u00f8te. Helse- og omsorgsminister Jan Christian Vestre sammen med statssekret\u00e6r Usman Ahmad Mushtaq. Foto: Bj\u00f8rn Langsem\/Dagbladet\n    <\/p>\n<p>&#8211; Men de grunnleggende utfordringene gjenst\u00e5r. Vi bruker mer penger p\u00e5 helse enn stort sett<br \/>\nalle andre land i verden, vi har h\u00f8yere personaltetthet enn stort sett alle<br \/>\nandre land i verden, men fortsatt er det slik at ansatte forteller at de har<br \/>\nstor arbeidsbelastning og sliter seg ut. Sykefrav\u00e6ret er h\u00f8yt. Tross fagre<br \/>\nl\u00f8fter om samhandling opplever mange innbyggere \u00e5 bli kasteballer mellom<br \/>\nspesialisthelsetjenesten og kommunene. N\u00e5r vi fortsatt har disse<br \/>\ngrunnleggende utfordringene, m\u00e5 vi stille oss sp\u00f8rsm\u00e5let: Bruker vi ressursene<br \/>\nrett? Har vi organisert helsetilbudet riktig, er det finansiert p\u00e5 riktig m\u00e5te,<br \/>\nog er ansvarsfordelingen og styringen riktig?<\/p>\n<p>\u00abProsjekt X\u00bb<\/p>\n<p class=\"italic m-italic\" data-lab-italic=\"italic\">&#8211; \u00c5 f\u00e5 til bedre samhandling mellom<br \/>\nsykehusene og kommunene har jo v\u00e6rt pr\u00f8vd f\u00f8r, jamf\u00f8r samhandlingsreformen.<br \/>\nHelsehus og helsefellesskap er resultater av den. Hva skal du gj\u00f8re annerledes?<\/p>\n<p>&#8211; Det er flott med helsefellesskap og<br \/>\nsamhandling, men det er ikke nok. Vi tar med oss erfaringene, men m\u00e5 tenke nytt<br \/>\nom organisering og finansiering. Derfor gj\u00f8r vi to ting: Vi gjennomf\u00f8rer<br \/>\n\u00abprosjekt X\u00bb, et samarbeidsprosjekt mellom KS og<br \/>\nregjeringen, og vi har satt ned Helsereformutvalget, sier Vestre.<\/p>\n<p>        <img loading=\"lazy\" decoding=\"async\" src=\"https:\/\/www.europesays.com\/no\/wp-content\/uploads\/2025\/12\/83914567.webp\" width=\"980\" height=\"559\" title=\"PROSJEKT X: Jan Christian Vestre har stor tro p\u00e5 prosjekt X er en samlebetegnelse for 12 pilotprosjekter der kommuner og sykehus rundt om i landet samarbeider p\u00e5 nye m\u00e5ter. Erfaringene og kunnskapen fra prosjektene skal g\u00e5 inn i reformarbeidet. Foto: Bj\u00f8rn Langsem\/Dagbladet\" alt=\"\" class=\"\" style=\"--aspect-ratio-image: 1.75; \"\/><\/p>\n<p>\n        PROSJEKT X: Jan Christian Vestre har stor tro p\u00e5 prosjekt X er en samlebetegnelse for 12 pilotprosjekter der kommuner og sykehus rundt om i landet samarbeider p\u00e5 nye m\u00e5ter. Erfaringene og kunnskapen fra prosjektene skal g\u00e5 inn i reformarbeidet. Foto: Bj\u00f8rn Langsem\/Dagbladet\n    <\/p>\n<p>\u00abProsjekt X\u00bb er en samlebetegnelse for 12 pilotprosjekter der<br \/>\nkommuner og sykehus rundt om i landet samarbeider p\u00e5 nye m\u00e5ter. Helsereformutvalget<br \/>\nskal legge fram flere modeller for styring, organisering og finansiering. I forbindelse<br \/>\nmed trontaledebatten ble det ogs\u00e5 \u2013 etter forslag fra Ap \u2013 vedtatt at utvalget<br \/>\nogs\u00e5 skal utrede konsekvensene av \u00e5 skille drift og investeringer.<\/p>\n<p>&#8211; M\u00e5let er at vi skal gjennomf\u00f8re helsereformen<br \/>\ni denne perioden. Det vil inneb\u00e6re lovendringer, og det kan bli en annen<br \/>\noppgavefordeling mellom kommunene og sykehusene enn i dag, sier Vestre.<\/p>\n<p>    <a itemprop=\"url\" href=\"https:\/\/www.dagbladet.no\/meninger\/god-sak-uklar-prosess\/82011392\" rel=\"nofollow noopener\" target=\"_blank\"><\/p>\n<p>        <img loading=\"lazy\" decoding=\"async\" src=\"https:\/\/www.europesays.com\/no\/wp-content\/uploads\/2025\/12\/82011590.webp\" width=\"980\" height=\"441\" title=\"God sak, uklar prosess\" alt=\"\" class=\"lazyload\" style=\"--aspect-ratio-image: 2.22; \"\/><\/p>\n<p>        God sak, uklar prosess<\/p>\n<p>    <\/a><\/p>\n<p>Store endringer<\/p>\n<p>De r\u00f8dgr\u00f8nne vant valget, men etter at Sp gikk<br \/>\nut av regjeringen i vinter, er mindretallsregjeringen krympet. Den kan bli<br \/>\noverkj\u00f8rt, men kan ogs\u00e5 danne ulike flertall. Vestre appellerer til alle<br \/>\npartiene om \u00e5 bidra og samle seg om en reform for framtida.<\/p>\n<p class=\"italic m-italic\" data-lab-italic=\"italic\">&#8211; Ser du for deg konturene av framtidas<br \/>\nstyringsmodell?<\/p>\n<p>        <img loading=\"lazy\" decoding=\"async\" src=\"https:\/\/www.europesays.com\/no\/wp-content\/uploads\/2025\/12\/83914545.webp\" width=\"980\" height=\"559\" title=\"TRAVEL STATSR\u00c5D: P\u00e5 vei til nytt m\u00f8te. Som helse- og omsorgsminister har Vestre et stramt program. Foto: Bj\u00f8rn Langsem\/Dagbladet\" alt=\"\" class=\"\" style=\"--aspect-ratio-image: 1.75; \"\/><\/p>\n<p>\n        TRAVEL STATSR\u00c5D: P\u00e5 vei til nytt m\u00f8te. Som helse- og omsorgsminister har Vestre et stramt program. Foto: Bj\u00f8rn Langsem\/Dagbladet\n    <\/p>\n<p>&#8211; Jeg f\u00f8lger prosjektene og venter p\u00e5 utvalget.<br \/>\nSammen blir det et godt grunnlag for helsereformen. Jeg er overbevist om at<br \/>\nHelse-Norge vil se annerledes ut ved utgangen av denne stortingsperioden enn<br \/>\nved inngangen. De reformgrepene vi tar, er betydelige, og det kommer til \u00e5<br \/>\ninneb\u00e6re store endringer til det bedre, fordi vi n\u00e5 tar tak i problemer vi i<br \/>\nfor mange \u00e5r har skj\u00f8vet foran oss, sier Vestre.<\/p>\n","protected":false},"excerpt":{"rendered":"Kort fortalt Vestre advarer mot Frps forslag om \u00e5 skille drift og investeringer i sykehusfinansiering. Han oppfordrer til&hellip;\n","protected":false},"author":2,"featured_media":107701,"comment_status":"","ping_status":"","sticky":false,"template":"","format":"standard","meta":{"footnotes":""},"categories":[5],"tags":[20,21,24,25,15,736,19,1511,22,23,17,18,13,30,28,29,14,16,41,948,26,27],"class_list":{"0":"post-107700","1":"post","2":"type-post","3":"status-publish","4":"format-standard","5":"has-post-thumbnail","7":"category-overskrifter","8":"tag-breaking-news","9":"tag-breakingnews","10":"tag-featured-news","11":"tag-featurednews","12":"tag-headlines","13":"tag-helse","14":"tag-hovedoppslag","15":"tag-jan-christian-vestre","16":"tag-latest-news","17":"tag-latestnews","18":"tag-main-news","19":"tag-mainnews","20":"tag-news","21":"tag-no","22":"tag-norge","23":"tag-norway","24":"tag-nyheter","25":"tag-overskrifter","26":"tag-politikk","27":"tag-sykehus","28":"tag-top-stories","29":"tag-topstories"},"share_on_mastodon":{"url":"https:\/\/pubeurope.com\/@no\/115685181996018002","error":""},"_links":{"self":[{"href":"https:\/\/www.europesays.com\/no\/wp-json\/wp\/v2\/posts\/107700","targetHints":{"allow":["GET"]}}],"collection":[{"href":"https:\/\/www.europesays.com\/no\/wp-json\/wp\/v2\/posts"}],"about":[{"href":"https:\/\/www.europesays.com\/no\/wp-json\/wp\/v2\/types\/post"}],"author":[{"embeddable":true,"href":"https:\/\/www.europesays.com\/no\/wp-json\/wp\/v2\/users\/2"}],"replies":[{"embeddable":true,"href":"https:\/\/www.europesays.com\/no\/wp-json\/wp\/v2\/comments?post=107700"}],"version-history":[{"count":0,"href":"https:\/\/www.europesays.com\/no\/wp-json\/wp\/v2\/posts\/107700\/revisions"}],"wp:featuredmedia":[{"embeddable":true,"href":"https:\/\/www.europesays.com\/no\/wp-json\/wp\/v2\/media\/107701"}],"wp:attachment":[{"href":"https:\/\/www.europesays.com\/no\/wp-json\/wp\/v2\/media?parent=107700"}],"wp:term":[{"taxonomy":"category","embeddable":true,"href":"https:\/\/www.europesays.com\/no\/wp-json\/wp\/v2\/categories?post=107700"},{"taxonomy":"post_tag","embeddable":true,"href":"https:\/\/www.europesays.com\/no\/wp-json\/wp\/v2\/tags?post=107700"}],"curies":[{"name":"wp","href":"https:\/\/api.w.org\/{rel}","templated":true}]}}