{"id":107708,"date":"2025-12-08T17:49:23","date_gmt":"2025-12-08T17:49:23","guid":{"rendered":"https:\/\/www.europesays.com\/no\/107708\/"},"modified":"2025-12-08T17:49:23","modified_gmt":"2025-12-08T17:49:23","slug":"carina-dahl-apner-opp-om-hvordan-det-var-a-ryke-ut-av-skal-vi-danse","status":"publish","type":"post","link":"https:\/\/www.europesays.com\/no\/107708\/","title":{"rendered":"Carina Dahl \u00e5pner opp om hvordan det var \u00e5 ryke ut av Skal vi danse."},"content":{"rendered":"<p class=\"kicker \" style=\"\">Skal vi danse<\/p>\n<p>  Carina Dahl \u00e5pner om hvordan det var \u00e5 v\u00e6re ute av konkurransen.\u00a0<\/p>\n<p>\n    Carina Dahl og dansepartner Ole Thomas hansen m\u00e5tte takke for seg under kvartfinalen av Skal vi danse etter \u00e5 ha v\u00e6rt i duell mot Tiril Eckhoff. FOTO: NTB\n  <\/p>\n<p>L\u00f8rdag etter l\u00f8rdag denne h\u00f8sten har vi sett artist Carina Dahl svinge seg p\u00e5 parketten sammen med dansepartner Ole Thomas Hansen.\u00a0<\/p>\n<p>I helgen, ble imidlertid hennes siste runde for denne gangen. P\u00e5 l\u00f8rdag var det kvartfinale og deltakerne fikk i oppgave \u00e5 hylle b\u00e5de ikoniske \u00f8yeblikk og sine personlige ikoner. Carina Dahl brukte muligheten til \u00e5 hylle sin far, som er Morten Diesel Dahl, kjent fra blant annet bandet TNT. Faren var med i selve programmet, der han spilte trommer midt p\u00e5 scenen.\u00a0<\/p>\n<p>    <a itemprop=\"url\" href=\"https:\/\/www.kk.no\/samliv\/kvinne-34-jeg-begynner-a-bli-redd-jeg-aldri-skal-treffe-noen-jeg-blir-forelska-i\/82309806\" rel=\"nofollow noopener\" target=\"_blank\"><\/p>\n<p>        <img loading=\"lazy\" decoding=\"async\" src=\"https:\/\/www.europesays.com\/no\/wp-content\/uploads\/2025\/12\/1765216146_644_82346962.webp\" width=\"980\" height=\"441\" title=\"Kvinne (34): - Jeg begynner \u00e5 bli redd jeg aldri skal treffe noen jeg blir forelska i\" alt=\"\" class=\"lazyload\" style=\"--aspect-ratio-image: 2.22; \"\/><\/p>\n<p>        Kvinne (34): &#8211; Jeg begynner \u00e5 bli redd jeg aldri skal treffe noen jeg blir forelska i<\/p>\n<p>    <\/a><\/p>\n<p>        <img loading=\"lazy\" decoding=\"async\" src=\"https:\/\/www.europesays.com\/no\/wp-content\/uploads\/2025\/12\/83953999.webp\" width=\"980\" height=\"559\" title=\"Carina Dahl og Ole-Thomas Hansen m\u00e5tte forlate Skal vi danse 2025. Foto: Jesper Malthus-Andersen\/TV 2\" alt=\"\" class=\"\" style=\"--aspect-ratio-image: 1.75; \"\/><\/p>\n<p>\n        Carina Dahl og Ole-Thomas Hansen m\u00e5tte forlate Skal vi danse 2025. Foto: Jesper Malthus-Andersen\/TV 2\n    <\/p>\n<p>Fint minne\u00a0\t<\/p>\n<p>I forkant av l\u00f8rdagens sending, fortalte Carina litt rundt tankene sine om den kommende dansen til Se og H\u00f8r:\u00a0<\/p>\n<p> \u2013 Vi skal danse en kraftfull tango, s\u00e5 jeg m\u00e5 bare bruke all rockepoweren jeg har f\u00e5tt inn siden jeg ble f\u00f8dt. Og s\u00e5 tror jeg at det blir en veldig fin f\u00f8lelse etterp\u00e5 &#8211; og et utrolig fint minne \u00e5 ha delt sammen. Vi spiller ikke noe sammen til vanlig; vi har hver v\u00e5r karriere og hvert v\u00e5rt band, s\u00e5 det \u00e5 f\u00e5 spille sammen er ganske stort og unikt.\u00a0<\/p>\n<p>    <a itemprop=\"url\" href=\"https:\/\/www.kk.no\/underholdning\/med-rorende-hyllest-til-besteforeldrene\/83942856\" rel=\"nofollow noopener\" target=\"_blank\"><\/p>\n<p>        <img loading=\"lazy\" decoding=\"async\" src=\"https:\/\/www.europesays.com\/no\/wp-content\/uploads\/2025\/12\/83942966.webp\" width=\"980\" height=\"441\" title=\"Med r\u00f8rende hyllest til besteforeldrene\" alt=\"\" class=\"lazyload\" style=\"--aspect-ratio-image: 2.22; \"\/><\/p>\n<p>        Med r\u00f8rende hyllest til besteforeldrene<\/p>\n<p>    <\/a><\/p>\n<p>        TATT P\u00c5 FERSKEN: Hva befinner seg under Skal vi danse-dommernes bord? Jan Thomas har svaret. Reporter: Nora Skavhaug \/ Foto: Danny Son To \/ R\u00f8d L\u00f8per <\/p>\n<p>Uheldig\t<\/p>\n<p>Dessverre ble det Carina som m\u00e5tte i danseduell denne uken, og da Tiril Eckhoff gikk videre, m\u00e5tte country-sangeren si farvel til konkurransen. Til KK deler hun noen av sine tanker om hvorfor hun tror det gikk som det gikk:\u00a0<\/p>\n<p> \u2013 Det er jo veldig mange variabler som spiller inn n\u00e5r man ender med \u00e5 ryke. Vi var uheldig med at m\u00e5ten vi valgte \u00e5 l\u00f8se show-oppgaven p\u00e5 ikke falt i smak hos dommerne, s\u00e5 selv om vi hadde 39 poeng score og jubel p\u00e5 den f\u00f8rste dansen &#8211; s\u00e5 endte det alts\u00e5 i duell. Da var det ogs\u00e5 veldig uheldig \u00e5 st\u00e5 mot hele Norges OL-prinsesse Tiril.\u00a0<\/p>\n<p>Carina legger til at Skal vi danse ikke bare er en dansekonkurranse, men ogs\u00e5 en profilkonkurranse.\u00a0<\/p>\n<p>Nei, dommerne var ikke helt forn\u00f8yd med l\u00f8rdagens f\u00f8rste dans fra Carina og Ole Thomas, som var en hyllest til Madonna sin l\u00e5t Vouge og MTV-opptreden.\u00a0<\/p>\n<p> \u2013 Vi endte egentlig opp med \u00e5 verken gj\u00f8re dommerne eller Vouge-milj\u00f8et. N\u00e5 f\u00f8ler jeg meg egentlig b\u00e5de tom innvendig, og s\u00e5 er det tom kalender, ganske uvant begge deler.\u00a0S\u00e5 akkurat n\u00e5 har jeg ikke rukket s\u00e5 veldig mye mer enn \u00e5 v\u00e6re veldig sliten, og s\u00e5 kom det veldig mye t\u00e5rer i g\u00e5r kveld, forteller hun til KK.<\/p>\n<p>    <a itemprop=\"url\" href=\"https:\/\/www.kk.no\/underholdning\/for-meg-er-det-normalt\/83953765\" rel=\"nofollow noopener\" target=\"_blank\"><\/p>\n<p>        <img loading=\"lazy\" decoding=\"async\" src=\"https:\/\/www.europesays.com\/no\/wp-content\/uploads\/2025\/12\/83953957.webp\" width=\"980\" height=\"441\" title=\"- For meg er det normalt\" alt=\"\" class=\"lazyload\" style=\"--aspect-ratio-image: 2.22; \"\/><\/p>\n<p>        &#8211; For meg er det normalt<\/p>\n<p>    <\/a><\/p>\n<p>Hulk-gr\u00e5ter\t<\/p>\n<p>S\u00f8ndag la Carina ut en post p\u00e5 Snapchat hvor hun delte hva hun har kjent p\u00e5 etter nederlaget.<\/p>\n<p> \u2013 Og der kom alt. Var helt tom frem til n\u00e5, men n\u00e5 hulk-gr\u00e5ter jeg meg i s\u00f8vn. (Skjer mye verre ting i verden alts\u00e5) men m\u00e5 si det er brutalt vondt \u00e5 ikke f\u00e5 med seg resten av reisen, skriver hun.\u00a0<\/p>\n<p>Hun merket ogs\u00e5 dansepartner Ole Thomas i innlegget:\u00a0<\/p>\n<p> \u2013 S\u00e5 rart at plutselig er alt over.\u00a0<\/p>\n<p>        <img loading=\"lazy\" decoding=\"async\" src=\"https:\/\/www.europesays.com\/no\/wp-content\/uploads\/2025\/12\/83953780.webp\" width=\"686\" height=\"1078\" title=\"Skjermdump fra Snapchat\" alt=\"\" class=\"\" style=\"--aspect-ratio-image: 0.64; \"\/><\/p>\n<p>\n        Skjermdump fra Snapchat\n    <\/p>\n<p>Som en idrettsut\u00f8ver\t<\/p>\n<p>Carina var tidligere i <a href=\"https:\/\/www.kk.no\/livet\/jeg-klarte-ikke-synge-og-la-i-fosterstilling-og-grat\/83760714\" rel=\"nofollow noopener\" target=\"_blank\">h\u00f8st p\u00e5 forsiden av KK <\/a>og i forbindelse med det delte hun \u00e5pent om sine tanker og innsats rundt dansingen. Blant annet at hun kom til \u00e5 v\u00e6re edru under hele innspillingen, og omfanget av treningen:\u00a0<\/p>\n<p>\u2013 Jeg f\u00f8ler meg nesten som en idrettsut\u00f8ver. Jeg skal v\u00e6re klin edru hele perioden, med fullt fokus p\u00e5 trening og restitusjon. \u00abSkal vi danse\u00bb blir hardt, men \u00e5 v\u00e6re edru er enkelt.<\/p>\n<p>N\u00e5 fremover har hun imidlertid litt mer ledig tid, men antakelig vil kalenderen fylle seg ganske fort igjen. For hun har planer, forteller hun til KK:\u00a0<\/p>\n<p> \u2013 Jeg skal komme meg i studio igjen og pr\u00f8ve \u00e5 gj\u00f8re hyggelige ting denne uka, s\u00e5 er det jo tilbake til Skal vi danse neste uke med fellesnummeret ogs\u00e5, forteller den folkekj\u00e6re artisten, som planlegger \u00e5 feire jul i Oslo.\u00a0<\/p>\n<p>    <a itemprop=\"url\" href=\"https:\/\/www.kk.no\/underholdning\/derfor-takket-han-nei-til-jakten-pa-kjaerligheten\/83597299\" rel=\"nofollow noopener\" target=\"_blank\"><\/p>\n<p>        <img loading=\"lazy\" decoding=\"async\" src=\"https:\/\/www.europesays.com\/no\/wp-content\/uploads\/2025\/12\/83597307.webp\" width=\"980\" height=\"441\" title=\"Derfor takket han nei til \u00abJakten p\u00e5 kj\u00e6rligheten\u00bb\" alt=\"\" class=\"lazyload\" style=\"--aspect-ratio-image: 2.22; \"\/><\/p>\n<p>        Derfor takket han nei til \u00abJakten p\u00e5 kj\u00e6rligheten\u00bb<\/p>\n<p>    <\/a><\/p>\n<p>    <a itemprop=\"url\" href=\"https:\/\/www.kk.no\/underholdning\/dette-er-de-nye-deltakerne\/83952285\" rel=\"nofollow noopener\" target=\"_blank\"><\/p>\n<p>        <img loading=\"lazy\" decoding=\"async\" src=\"https:\/\/www.europesays.com\/no\/wp-content\/uploads\/2025\/12\/83952294.webp\" width=\"980\" height=\"441\" title=\"Dette er de nye deltakerne\" alt=\"\" class=\"lazyload\" style=\"--aspect-ratio-image: 2.22; \"\/><\/p>\n<p>        Dette er de nye deltakerne<\/p>\n<p>    <\/a><\/p>\n<p>    <a itemprop=\"url\" href=\"https:\/\/www.kk.no\/underholdning\/hyller-forloveden-1\/83953063\" rel=\"nofollow noopener\" target=\"_blank\"><\/p>\n<p>        <img loading=\"lazy\" decoding=\"async\" src=\"https:\/\/www.europesays.com\/no\/wp-content\/uploads\/2025\/12\/83953190.webp\" width=\"980\" height=\"441\" title=\"Hyller forloveden\" alt=\"\" class=\"lazyload\" style=\"--aspect-ratio-image: 2.22; \"\/><\/p>\n<p>        Hyller forloveden<\/p>\n<p>    <\/a><\/p>\n","protected":false},"excerpt":{"rendered":"Skal vi danse Carina Dahl \u00e5pner om hvordan det var \u00e5 v\u00e6re ute av konkurransen.\u00a0 Carina Dahl og&hellip;\n","protected":false},"author":2,"featured_media":107709,"comment_status":"","ping_status":"","sticky":false,"template":"","format":"standard","meta":{"footnotes":""},"categories":[5],"tags":[20,21,2288,24,25,15,19,22,23,17,18,13,30,28,29,14,16,2587,2280,26,27,208,72],"class_list":{"0":"post-107708","1":"post","2":"type-post","3":"status-publish","4":"format-standard","5":"has-post-thumbnail","7":"category-overskrifter","8":"tag-breaking-news","9":"tag-breakingnews","10":"tag-carina-dahl","11":"tag-featured-news","12":"tag-featurednews","13":"tag-headlines","14":"tag-hovedoppslag","15":"tag-latest-news","16":"tag-latestnews","17":"tag-main-news","18":"tag-mainnews","19":"tag-news","20":"tag-no","21":"tag-norge","22":"tag-norway","23":"tag-nyheter","24":"tag-overskrifter","25":"tag-reality","26":"tag-skal-vi-danse","27":"tag-top-stories","28":"tag-topstories","29":"tag-tv-2","30":"tag-underholdning"},"share_on_mastodon":{"url":"https:\/\/pubeurope.com\/@no\/115685213541247588","error":""},"_links":{"self":[{"href":"https:\/\/www.europesays.com\/no\/wp-json\/wp\/v2\/posts\/107708","targetHints":{"allow":["GET"]}}],"collection":[{"href":"https:\/\/www.europesays.com\/no\/wp-json\/wp\/v2\/posts"}],"about":[{"href":"https:\/\/www.europesays.com\/no\/wp-json\/wp\/v2\/types\/post"}],"author":[{"embeddable":true,"href":"https:\/\/www.europesays.com\/no\/wp-json\/wp\/v2\/users\/2"}],"replies":[{"embeddable":true,"href":"https:\/\/www.europesays.com\/no\/wp-json\/wp\/v2\/comments?post=107708"}],"version-history":[{"count":0,"href":"https:\/\/www.europesays.com\/no\/wp-json\/wp\/v2\/posts\/107708\/revisions"}],"wp:featuredmedia":[{"embeddable":true,"href":"https:\/\/www.europesays.com\/no\/wp-json\/wp\/v2\/media\/107709"}],"wp:attachment":[{"href":"https:\/\/www.europesays.com\/no\/wp-json\/wp\/v2\/media?parent=107708"}],"wp:term":[{"taxonomy":"category","embeddable":true,"href":"https:\/\/www.europesays.com\/no\/wp-json\/wp\/v2\/categories?post=107708"},{"taxonomy":"post_tag","embeddable":true,"href":"https:\/\/www.europesays.com\/no\/wp-json\/wp\/v2\/tags?post=107708"}],"curies":[{"name":"wp","href":"https:\/\/api.w.org\/{rel}","templated":true}]}}