{"id":107710,"date":"2025-12-08T17:54:11","date_gmt":"2025-12-08T17:54:11","guid":{"rendered":"https:\/\/www.europesays.com\/no\/107710\/"},"modified":"2025-12-08T17:54:11","modified_gmt":"2025-12-08T17:54:11","slug":"norge-ma-sta-stodig-i-folkeretten","status":"publish","type":"post","link":"https:\/\/www.europesays.com\/no\/107710\/","title":{"rendered":"Norge m\u00e5 st\u00e5 st\u00f8dig i folkeretten"},"content":{"rendered":"<p class=\"kicker t14 tm14 font-NotoSans\" style=\"\"><a href=\"https:\/\/www.abcnyheter.no\/stemmer\" rel=\"nofollow noopener\" target=\"_blank\">KRONIKK<\/a><\/p>\n<p>    Hva man gj\u00f8r med pengene sine, er et langt sterkere budskap enn hva man sier i taler og p\u00e5 m\u00f8ter. Dersom Norge lar profitthensyn uthule v\u00e5r troverdighet n\u00e5r det gjelder folkeretten, vil vi miste den.<\/p>\n<p>\n        Landminekonvensjonen har spart tusenvis av liv og reddet armer og bein p\u00e5 hundretusenvis av barn som har kunnet vokse opp med full f\u00f8rlighet i kroppen. N\u00e5 st\u00e5r vi imidlertid ved et kritisk veiskille, der flere land langs russergrensa har kunngjort at de \u00f8nsker \u00e5 trekke seg fra konvensjonen, skriver innleggsforfatteren.<br \/>\n        Oleg Petrasiuk \/ Ukrainian 24th Mechanised Brigade via AP\n    <\/p>\n<p class=\"italic m-italic\" data-lab-italic=\"italic\"><a href=\"https:\/\/www.altinget.no\/artikkel\/norge-maa-staa-stoedig-i-folkeretten\" target=\"_blank\" rel=\"nofollow noopener\">Dette debattinnlegget<\/a>\u00a0ble f\u00f8rst publisert p\u00e5\u00a0<a href=\"https:\/\/www.altinget.no\/\" target=\"_blank\" rel=\"nofollow noopener\">Altinget<\/a>, som ABC Nyheter har et samarbeid med.\u00a0<\/p>\n<p>Norge har lenge hatt et internasjonalt sterkt renomm\u00e9 som en forkjemper for folkeretten og menneskerettighetene. Vi har v\u00e6rt sentrale i utviklingen av viktige folkerettslige instrumenter \u2013 blant annet landminekonvensjonen, hvis \u00e5rlige m\u00f8te med tilsluttede stater holdes denne uken i Gen\u00e8ve.<\/p>\n<p>Konvensjonen har f\u00f8rt til en betydelig reduksjon i bruken av landminer globalt, og dette har spart tusenvis av liv og reddet armer og bein p\u00e5 hundretusenvis av barn som har kunnet vokse opp med full f\u00f8rlighet i kroppen. Dermed har de kunnet arbeide og holde seg og sin familie over fattigdomsgrensen.<\/p>\n<p>                <img decoding=\"async\" src=\"https:\/\/www.europesays.com\/no\/wp-content\/uploads\/2025\/12\/1765216450_533_1226911.webp\" width=\"380\" height=\"114\" title=\"\" alt=\"\" loading=\"lazy\" style=\"\"\/><\/p>\n<p>Dette er Altinget<\/p>\n<p class=\"op-bg_40 color_mobile_op-bg_40 font-NotoSerif\" data-lab-fontface=\"NotoSerif\"> <a href=\"http:\/\/www.altinget.no\/\" target=\"_blank\" rel=\"nofollow noopener\">Altinget.no<\/a> er Norges f\u00f8rste rendyrkede politiske nettavis. Med 28 nisjemedier i Danmark og 11 i Sverige er Altinget allerede et etablert mediehus i Norden. M\u00e5let er \u00e5 \u00f8ke forst\u00e5elsen for nasjonal og europeisk politikk gjennom nisjejournalistikk av h\u00f8y kvalitet \u2013 med et n\u00f8ytralt utgangspunkt.<\/p>\n<p>                <img decoding=\"async\" src=\"https:\/\/www.europesays.com\/no\/wp-content\/uploads\/2025\/12\/1321098.webp\" width=\"480\" height=\"274\" title=\"Det b\u00f8r aldri bli mulig \u00e5 s\u00e5 tvil om Norges vilje og evne til \u00e5 f\u00f8lge folkeretten, skriver Joys.\" alt=\"\" loading=\"lazy\" style=\"\"\/><\/p>\n<p>\n            Det b\u00f8r aldri bli mulig \u00e5 s\u00e5 tvil om Norges vilje og evne til \u00e5 f\u00f8lge folkeretten, skriver Joys.<br \/>\n            Oleg Petrasiuk \/ Ukrainian 24th Mechanised Brigade via AP\n        <\/p>\n<p>N\u00e5 st\u00e5r vi ved et kritisk veiskille: Konvensjonen svekkes. Flere land langs russergrensa \u2013 blant annet Polen, Litauen, Latvia og Estland \u2013 har kunngjort at de \u00f8nsker \u00e5 trekke seg fra landminekonvensjonen eller har begynt prosessen. Samtidig har Ukraina formelt informert FN om at de vil \u00absuspendere\u00bb sin deltakelse i konvensjonen \u2013 et konsept som det ikke er \u00e5pnet for mens man er i en v\u00e6pnet konflikt.<\/p>\n<p>Dersom denne \u00absuspenderingen\u00bb skaper presedens, kan det f\u00e5 katastrofale globale f\u00f8lger ved at stater p\u00e5 egen h\u00e5nd trekker seg fra konvensjoner som beskytter mennesker og natur hver dag. Gaza og Sudan er skrekkeksempler p\u00e5 hva som da kan skje.\u00a0<\/p>\n<p>Bekymrende utvikling hjemme<\/p>\n<p>Som en viktig statspart i landminekonvensjonen har Norge stor troverdighet n\u00e5r det gjelder \u00e5 styrke b\u00e5de den og andre humanit\u00e6re nedrustningskonvensjoner.\u00a0<\/p>\n<p>N\u00e5r Caritas i Gaza n\u00e5 skal hjelpe palestinere mot normalitet etter to \u00e5r med \u00f8deleggelser og sult, er oppl\u00e6ring i beskyttelse mot eksplosiver en del av arbeidet. Da er det fint at norske myndigheter jobber aktivt med en rekke land for \u00e5 begrense bruk av eksplosiver i befolkede omr\u00e5der.\u00a0<\/p>\n<p>                <img decoding=\"async\" src=\"https:\/\/www.europesays.com\/no\/wp-content\/uploads\/2025\/12\/1321451.webp\" width=\"480\" height=\"274\" title=\"Det er ikke f\u00f8rste gang det trengs opprydning i Gaza. I 2010 arbeidet Hamas og FN for \u00e5 rydde miner. Her fra Khan Younis s\u00f8r i Gaza.\" alt=\"\" loading=\"lazy\" style=\"\"\/><\/p>\n<p>\n            Det er ikke f\u00f8rste gang det trengs opprydning i Gaza. I 2010 arbeidet Hamas og FN for \u00e5 rydde miner. Her fra Khan Younis s\u00f8r i Gaza.<br \/>\n            STR \/ NTB\n        <\/p>\n<p class=\"quote\">N\u00e5r folkeretten svikter, er det de fattigste og mest s\u00e5rbare som lider.<\/p>\n<p>Samtidig skjer det en utvikling her hjemme: Stortinget har besluttet at det etiske rammeverket for Norges viktigste investeringsverkt\u00f8y, oljefondet, skal revideres. Signalene fra regjeringen i denne sammenheng vekker en bekymring hos oss om at oljefondet vil kunne investere i produsenter av landminer, klasev\u00e5pen og atomv\u00e5pen. I dag er det utelukket. Det b\u00f8r aldri bli mulig \u00e5 s\u00e5 tvil om Norges vilje og evne til \u00e5 f\u00f8lge folkeretten.<\/p>\n<p>Hva man gj\u00f8r med pengene sine, er et langt sterkere budskap enn hva man sier i taler og p\u00e5 m\u00f8ter. Dersom Norge lar profitthensyn uthule v\u00e5r troverdighet n\u00e5r det gjelder folkeretten, vil vi miste den.<\/p>\n<p>Norge m\u00e5 st\u00e5 st\u00f8dig p\u00e5 folkerettens side. Den beskytter menneskers liv og menneskers verdighet. Alle delene av det norske statsapparatet b\u00f8r konsekvent unng\u00e5 \u00e5 svekke den, uavhengig av markedstrykk, avkastning eller internasjonalt image.\u00a0<\/p>\n<p>For n\u00e5r folkeretten svikter, er det de fattigste og mest s\u00e5rbare som lider.\u00a0<\/p>\n<p class=\"italic m-italic\" data-lab-italic=\"italic\"><a href=\"https:\/\/www.abcnyheter.no\/stemmer\" target=\"_blank\" rel=\"nofollow noopener\">Stemmer<\/a>\u00a0er ABC Nyheters debattseksjon. Dette er meningsytringer, og innholdet st\u00e5r for skribentens regning. \u00d8nsker du \u00e5 bidra? Send kronikk eller debattinnlegg til\u00a0<a href=\"https:\/\/www.abcnyheter.no\/stemmer\/norge-ma-sta-stodig-i-folkeretten\/mailto:stemmer@abcnyheter.no\" target=\"_blank\" rel=\"nofollow noopener\">stemmer@abcnyheter.no<\/a>. <\/p>\n","protected":false},"excerpt":{"rendered":"KRONIKK Hva man gj\u00f8r med pengene sine, er et langt sterkere budskap enn hva man sier i taler&hellip;\n","protected":false},"author":2,"featured_media":107711,"comment_status":"","ping_status":"","sticky":false,"template":"","format":"standard","meta":{"footnotes":""},"categories":[12],"tags":[20,21,24,25,15,22,23,13,30,28,29,14,16,26,27,42,43,44,45],"class_list":{"0":"post-107710","1":"post","2":"type-post","3":"status-publish","4":"format-standard","5":"has-post-thumbnail","7":"category-verden","8":"tag-breaking-news","9":"tag-breakingnews","10":"tag-featured-news","11":"tag-featurednews","12":"tag-headlines","13":"tag-latest-news","14":"tag-latestnews","15":"tag-news","16":"tag-no","17":"tag-norge","18":"tag-norway","19":"tag-nyheter","20":"tag-overskrifter","21":"tag-top-stories","22":"tag-topstories","23":"tag-verden","24":"tag-world","25":"tag-world-news","26":"tag-worldnews"},"share_on_mastodon":{"url":"https:\/\/pubeurope.com\/@no\/115685232970269694","error":""},"_links":{"self":[{"href":"https:\/\/www.europesays.com\/no\/wp-json\/wp\/v2\/posts\/107710","targetHints":{"allow":["GET"]}}],"collection":[{"href":"https:\/\/www.europesays.com\/no\/wp-json\/wp\/v2\/posts"}],"about":[{"href":"https:\/\/www.europesays.com\/no\/wp-json\/wp\/v2\/types\/post"}],"author":[{"embeddable":true,"href":"https:\/\/www.europesays.com\/no\/wp-json\/wp\/v2\/users\/2"}],"replies":[{"embeddable":true,"href":"https:\/\/www.europesays.com\/no\/wp-json\/wp\/v2\/comments?post=107710"}],"version-history":[{"count":0,"href":"https:\/\/www.europesays.com\/no\/wp-json\/wp\/v2\/posts\/107710\/revisions"}],"wp:featuredmedia":[{"embeddable":true,"href":"https:\/\/www.europesays.com\/no\/wp-json\/wp\/v2\/media\/107711"}],"wp:attachment":[{"href":"https:\/\/www.europesays.com\/no\/wp-json\/wp\/v2\/media?parent=107710"}],"wp:term":[{"taxonomy":"category","embeddable":true,"href":"https:\/\/www.europesays.com\/no\/wp-json\/wp\/v2\/categories?post=107710"},{"taxonomy":"post_tag","embeddable":true,"href":"https:\/\/www.europesays.com\/no\/wp-json\/wp\/v2\/tags?post=107710"}],"curies":[{"name":"wp","href":"https:\/\/api.w.org\/{rel}","templated":true}]}}