{"id":107712,"date":"2025-12-08T17:55:13","date_gmt":"2025-12-08T17:55:13","guid":{"rendered":"https:\/\/www.europesays.com\/no\/107712\/"},"modified":"2025-12-08T17:55:13","modified_gmt":"2025-12-08T17:55:13","slug":"ringsaker-politiet-jordras-har-varslet-husstander-i-naerheten","status":"publish","type":"post","link":"https:\/\/www.europesays.com\/no\/107712\/","title":{"rendered":"Ringsaker, Politiet | Jordras: Har varslet husstander i n\u00e6rheten"},"content":{"rendered":"\n<p>Mandag ettermiddag melder politiet at det har g\u00e5tt et mindre jordras i Spikedalsvegen i Ringsaker.\u00a0<\/p>\n<p>\u2013 Det har g\u00e5tt fra et hogstfelt og ned mot nevnte veg, sier operasjonsleder Ove Stian Ovrum. klokken 16.17.<\/p>\n<p>Politiet har varslet husstander i n\u00e6rheten og kommunen er p\u00e5 vei for videre utbedring og vurderinger.\u00a0<\/p>\n<p>\u2013 Det har samlet seg en del vannmasser som st\u00e5r i fare for \u00e5 skade vegen.\u00a0<\/p>\n<p>Spikedalsvegen er per n\u00e5 stengt i omr\u00e5det, varsler politiet.<\/p>\n<p>Klokken 17.43 oppdaterte politiet status p\u00e5 saken.\u00a0<\/p>\n<p>Det er en kort strekning av vegen som er sperret, mandag ettermiddag.\u00a0<\/p>\n<p>Raset vil bli fulgt opp av Ringsaker kommune sammen med Norges vassdrags- og energidirektorat (NVE) i morgen da det er dagslys.\u00a0<\/p>\n<p>\u2013 Totalt ti personer fra tre husstander evakueres fra omr\u00e5det. Dette i p\u00e5vente av bedre forhold for \u00e5 vurdere risikoen for ytterligere ras, sier operasjonsleder Ovrum.\u00a0<\/p>\n<p>Stefan Mathiasen bor p\u00e5 en adresse rett ved der raset har g\u00e5tt. Han bekrefter at han og familien p\u00e5 fem er evakuert.<\/p>\n<p>\u2013 Vi f\u00e5r ikke lov til \u00e5 v\u00e6re her i natt, og f\u00e5r tidligst komme hjem i morgen, forteller han til <a rel=\"Follow nofollow noopener\" href=\"https:\/\/www.ringsaker-blad.no\/veg-stengt-etter-ras\/s\/5-79-974655\" target=\"_blank\">Ringsaker Blad<\/a>.\u00a0<\/p>\n<p>  <a href=\"https:\/\/www.ostlendingen.no\/80-69-156985\" class=\"related-teaser default-story-teaser article--c-eRUmMG article--c-eRUmMG-jKCPdD-design-default article--c-eRUmMG-kpKLOW-cv\" rel=\"nofollow noopener\" target=\"_blank\"><\/p>\n<p>\n            Les ogs\u00e5<\/p>\n<p>              Kj\u00f8rte for fort, men det var ikke det eneste ulovlige\n        <\/p>\n<p>  <\/a><\/p>\n<p>  <a href=\"https:\/\/www.ostlendingen.no\/80-69-156478\" class=\"related-teaser has-image default-story-teaser article--c-eRUmMG article--c-eRUmMG-jKCPdD-design-default\" rel=\"nofollow noopener\" target=\"_blank\"><\/p>\n<p>    <img decoding=\"async\" loading=\"lazy\"  src=\"https:\/\/www.europesays.com\/no\/wp-content\/uploads\/2025\/12\/Ulykke+rv3.JPG\" alt=\"\" class=\"brick-c-cFOWSL\" style=\"\"\/><\/p>\n<p>\n            Les ogs\u00e5<\/p>\n<p>              Kj\u00f8rte forbi br\u00f8ytebilen \u2013 kolliderte\n        <\/p>\n<p>  <\/a><\/p>\n<p>  <a href=\"https:\/\/www.ostlendingen.no\/80-69-156199\" class=\"related-teaser has-image default-story-teaser article--c-eRUmMG article--c-eRUmMG-jKCPdD-design-default\" rel=\"nofollow noopener\" target=\"_blank\"><\/p>\n<p>    <img decoding=\"async\" loading=\"lazy\"  src=\"https:\/\/www.europesays.com\/no\/wp-content\/uploads\/2025\/12\/Trysil+INN+slett.jpg\" alt=\"\" class=\"brick-c-cFOWSL\" style=\"\"\/><\/p>\n<p>\n            Les ogs\u00e5<\/p>\n<p>              Tre personer til sjukehus etter front mot front-ulykke\n        <\/p>\n<p>  <\/a><\/p>\n","protected":false},"excerpt":{"rendered":"Mandag ettermiddag melder politiet at det har g\u00e5tt et mindre jordras i Spikedalsvegen i Ringsaker.\u00a0 \u2013 Det har&hellip;\n","protected":false},"author":2,"featured_media":286,"comment_status":"","ping_status":"","sticky":false,"template":"","format":"standard","meta":{"footnotes":""},"categories":[10],"tags":[36,20,21,24,25,15,22,23,1744,13,30,28,29,14,16,468,1435,1510,26,27],"class_list":{"0":"post-107712","1":"post","2":"type-post","3":"status-publish","4":"format-standard","5":"has-post-thumbnail","7":"category-norge","8":"tag-art","9":"tag-breaking-news","10":"tag-breakingnews","11":"tag-featured-news","12":"tag-featurednews","13":"tag-headlines","14":"tag-latest-news","15":"tag-latestnews","16":"tag-natur-og-miljo","17":"tag-news","18":"tag-no","19":"tag-norge","20":"tag-norway","21":"tag-nyheter","22":"tag-overskrifter","23":"tag-politiet","24":"tag-ringsaker","25":"tag-story","26":"tag-top-stories","27":"tag-topstories"},"share_on_mastodon":{"url":"https:\/\/pubeurope.com\/@no\/115685236764851588","error":""},"_links":{"self":[{"href":"https:\/\/www.europesays.com\/no\/wp-json\/wp\/v2\/posts\/107712","targetHints":{"allow":["GET"]}}],"collection":[{"href":"https:\/\/www.europesays.com\/no\/wp-json\/wp\/v2\/posts"}],"about":[{"href":"https:\/\/www.europesays.com\/no\/wp-json\/wp\/v2\/types\/post"}],"author":[{"embeddable":true,"href":"https:\/\/www.europesays.com\/no\/wp-json\/wp\/v2\/users\/2"}],"replies":[{"embeddable":true,"href":"https:\/\/www.europesays.com\/no\/wp-json\/wp\/v2\/comments?post=107712"}],"version-history":[{"count":0,"href":"https:\/\/www.europesays.com\/no\/wp-json\/wp\/v2\/posts\/107712\/revisions"}],"wp:featuredmedia":[{"embeddable":true,"href":"https:\/\/www.europesays.com\/no\/wp-json\/wp\/v2\/media\/286"}],"wp:attachment":[{"href":"https:\/\/www.europesays.com\/no\/wp-json\/wp\/v2\/media?parent=107712"}],"wp:term":[{"taxonomy":"category","embeddable":true,"href":"https:\/\/www.europesays.com\/no\/wp-json\/wp\/v2\/categories?post=107712"},{"taxonomy":"post_tag","embeddable":true,"href":"https:\/\/www.europesays.com\/no\/wp-json\/wp\/v2\/tags?post=107712"}],"curies":[{"name":"wp","href":"https:\/\/api.w.org\/{rel}","templated":true}]}}