{"id":107713,"date":"2025-12-08T17:57:06","date_gmt":"2025-12-08T17:57:06","guid":{"rendered":"https:\/\/www.europesays.com\/no\/107713\/"},"modified":"2025-12-08T17:57:06","modified_gmt":"2025-12-08T17:57:06","slug":"klassekampen-spaltisten-fekk-pengekrav-etter-a-ha-delt-eiga-sak","status":"publish","type":"post","link":"https:\/\/www.europesays.com\/no\/107713\/","title":{"rendered":"Klassekampen-spaltisten fekk pengekrav etter \u00e5 ha delt eiga sak"},"content":{"rendered":"<p>    Etter eit skjermdump p\u00e5 Instagram fekk\u00a0Mariken Lauvstad\u00a0ei rekning p\u00e5 4215 kroner fr\u00e5 NTB.<\/p>\n<p>\n        Mariken Lauvstad er frilanser, forfattar og spaltist i Klassekampen.<br \/>\n        Foto: Erika Hebbert \/ skjermdump: Instagram\n    <\/p>\n<p>\u2013 M\u00e5let er jo meir trafikk inn til Klassekampen, seier forfattar og\u00a0kulturkommentator i avisa, Mariken Lauvstad.\u00a0<\/p>\n<p class=\"font-weight-bold m-font-weight-bold\" data-lab-font_weight=\"font-weight-bold\">Men etter delinga p\u00e5 Instagram mottok frilansjournalisten ein faktura i innboksen fr\u00e5 NTB, gjennom\u00a0det danske selskapet Copyright Agent. For i toppen av kommentaren er eit bilete som NTB har rettigheitene til.\u00a0<\/p>\n<p>Dei krever avpublisering og 4215 kroner, sj\u00f8lv om Klassekampen har betalt for bilete.\u00a0Selskapet\u00a0viser til\u00a0<a href=\"https:\/\/lovdata.no\/dokument\/NL\/lov\/2018-06-15-40\/KAPITTEL_2#KAPITTEL_2\" rel=\"nofollow noopener\" target=\"_blank\">\u00e5ndsverklova \u00a7 2 og \u00a7 23<\/a>, og krav om kompensasjon etter <a href=\"https:\/\/lovdata.no\/dokument\/NL\/lov\/2018-06-15-40\/KAPITTEL_2#KAPITTEL_2\" rel=\"nofollow noopener\" target=\"_blank\">\u00a7 81<\/a>.<\/p>\n<p>Oppfordrar til deling<\/p>\n<p>I eit innlegg omtalar Lauvstad situasjonen som \u00abguffen\u00bb og lite hyggeleg.<\/p>\n<p>\u2013 Eg ante ikkje at dette ikkje var greitt. I s\u00e5 fall hadde eg sj\u00f8lvsagt ikkje gjort det. Det er veldig underkommunisert.<\/p>\n<p>Lauvstad er knytt til Klassekampen gjennom faste spalter.<\/p>\n<p class=\"font-weight-bold m-font-weight-bold\" data-lab-font_weight=\"font-weight-bold\">Ho peikar p\u00e5 at mediehusa som regel oppmodar til deling av innhald.<\/p>\n<p>\u2013 Trafikken er avhengig av det, s\u00e6rleg i nisjemedium.<\/p>\n<p>Avtaleverket dekkjer ikkje privat publisering<\/p>\n<p>\u2013 NTB sine avtalar med dei enkelte mediehusa dekkjer ikkje publisering av bilete p\u00e5 tilsette sine private kontoar i sosiale medium, forklarar Joakim Nilsson, kommersiell direkt\u00f8r i NTB.<\/p>\n<p>Han understrekar at det likevel er lov \u00e5 dele lenker til saker. D\u00e5 blir det generert miniatyrbilete automatisk av plattformen, og dette reknar dei ikkje som ny bruk av fotoet.\u00a0<\/p>\n<p class=\"font-weight-bold m-font-weight-bold\" data-lab-font_weight=\"font-weight-bold\">Det er alts\u00e5 skjermdumpane som utl\u00f8yser nye betalingsskrav.<\/p>\n<p>Samtidig har lenkedeling blitt mindre vanleg, sidan slike postar i mindre grad blir synlege i algoritmane.<\/p>\n<p>Nilsson viser til at reglane er tydeleggjorde i kvar enkelt avtale, og at NTB publiserer <a href=\"https:\/\/www.ntb.no\/bilder\/bilderettigheter-og-avtalevilkar\" rel=\"nofollow noopener\" target=\"_blank\">generelle r\u00e5d p\u00e5 nettsidene sine<\/a>.<\/p>\n<p>Kor mykje g\u00e5r til fotografane?<\/p>\n<p>NTB har den siste tida m\u00f8tt fleire reaksjonar p\u00e5 praksisen. I november gjekk MDG-politikar Daria Maria Szymaniuk og bloggar Gunnar R. Tjomlid ut i <a href=\"https:\/\/www.aftenbladet.no\/kultur\/i\/GxlOOJ\/stavanger-politiker-fikk-regning-det-kan-kvele-offentlig-debatt\" rel=\"nofollow noopener\" target=\"_blank\">Stavanger Aftenblad<\/a> etter \u00e5 ha f\u00e5tt liknande krav for skjermdump som var brukte i samfunnsdebatt.<\/p>\n<p>        <a itemprop=\"url\" class=\"\" href=\"https:\/\/www.journalisten.no\/tybring-gjedde-har-betalt-ntb-etter-bildestrid\/585136\" data-k5a-url=\"https:\/\/www.journalisten.no\/a\/585136\" rel=\"nofollow noopener\" target=\"_blank\"><\/p>\n<p>            Tybring-Gjedde har betalt NTB etter bildestrid<\/p>\n<p>        <\/a><\/p>\n<p>Begge meiner praksisen kan skremme folk fr\u00e5 \u00e5 delta i den offentlege samtalen. NTB svarar ogs\u00e5 her at handhevinga er n\u00f8dvendig for \u00e5 verne opphavsretten.<\/p>\n<p class=\"font-weight-bold m-font-weight-bold\" data-lab-font_weight=\"font-weight-bold\">Lauvstad seier ho har forst\u00e5ing for opphavsrett og for at fotografar skal krediterast, men stiller likevel sp\u00f8rsm\u00e5l ved modellen.<\/p>\n<p>\u2013 Eg skulle gjerne visst kor mykje av pengane som faktisk g\u00e5r til fotografane, ettersom NTB ikkje opplyser om det i breva.<\/p>\n<p>Ho lurer \u00f2g p\u00e5 om ho ikkje kunne f\u00e5tt ei \u00e5tvaring f\u00f8r fakturaen, som hadde sju dagars betalingsfrist.<\/p>\n<p>\u2013 Dei framst\u00e5r sv\u00e6rt hissige p\u00e5 gr\u00f8ten, seier ho.<\/p>\n<p>NTB svarer:<\/p>\n<p>\u2013 Alle som mottar krav f\u00e5r h\u00f8ve til \u00e5 gjere greie for om dei har lisens eller avtale for biletebruken. Kravet er basert p\u00e5 prisliste og administrasjon. NTB og fotografen f\u00e5r den same betalinga som om bilete var kj\u00f8pt p\u00e5 ordin\u00e6r m\u00e5te, forklarar direkt\u00f8ren.<\/p>\n<p>        <a itemprop=\"url\" class=\"\" href=\"https:\/\/www.journalisten.no\/bildebruk-christina-dorthellinger-nygaard-facebook\/na-sender-scanpix-faktura-for-bildebruk-uten-tillatelse---ogsa-pa-sosiale-medier\/418961\" data-k5a-url=\"https:\/\/www.journalisten.no\/a\/418961\" rel=\"nofollow noopener\" target=\"_blank\"><\/p>\n<p>            N\u00e5 sender Scanpix faktura for bildebruk uten tillatelse &#8211; ogs\u00e5 p\u00e5 sosiale medier<\/p>\n<p>        <\/a><\/p>\n<p>Vil ikkje bruke kunstig intelligens<\/p>\n<p>Lauvstad sp\u00f8r om praksisen er klok for NTB p\u00e5 lang sikt, og seier det kan vere freistande \u00e5 bruke kunstig intelligens som illustrasjon i staden.<\/p>\n<p class=\"font-weight-bold m-font-weight-bold\" data-lab-font_weight=\"font-weight-bold\">\u2013 Eg vil jo ikkje det, men ein treng jo noko visuelt for \u00e5 dele innhald vidare, elles mister det mykje av verdien, seier ho.<\/p>\n<p class=\"italic m-italic\" data-lab-italic=\"italic\">\u2013 Har du tenkt \u00e5 betale?\u00a0<\/p>\n<p>\u2013 Ein blir veldig betenkt. Eg meiner NTB opererer i eit gr\u00e5sonelandskap som ikkje gjer dette s\u00e5 openbart eller enkelt, svarer Lauvstad.\u00a0<\/p>\n<p>Ho seier ho har vore i kontakt med to advokatar som hadde ulike tankar om NTBs praksis.\u00a0<\/p>\n<p class=\"italic m-italic\" data-lab-italic=\"italic\">LES OGS\u00c5:<\/p>\n<p>        <a itemprop=\"url\" class=\"\" href=\"https:\/\/www.journalisten.no\/i-utgangspunktet-kleint-a-lage-podkast-om-eigen-familie\/658189\" data-k5a-url=\"https:\/\/www.journalisten.no\/a\/658189\" rel=\"nofollow noopener\" target=\"_blank\"><\/p>\n<p>            \u2013 I utgangspunktet kleint \u00e5 lage podkast om eigen familie<\/p>\n<p>        <\/a><\/p>\n","protected":false},"excerpt":{"rendered":"Etter eit skjermdump p\u00e5 Instagram fekk\u00a0Mariken Lauvstad\u00a0ei rekning p\u00e5 4215 kroner fr\u00e5 NTB. Mariken Lauvstad er frilanser, forfattar&hellip;\n","protected":false},"author":2,"featured_media":107714,"comment_status":"","ping_status":"","sticky":false,"template":"","format":"standard","meta":{"footnotes":""},"categories":[5],"tags":[20,21,24,25,15,19,22,23,17,18,13,30,28,29,14,16,26,27],"class_list":{"0":"post-107713","1":"post","2":"type-post","3":"status-publish","4":"format-standard","5":"has-post-thumbnail","7":"category-overskrifter","8":"tag-breaking-news","9":"tag-breakingnews","10":"tag-featured-news","11":"tag-featurednews","12":"tag-headlines","13":"tag-hovedoppslag","14":"tag-latest-news","15":"tag-latestnews","16":"tag-main-news","17":"tag-mainnews","18":"tag-news","19":"tag-no","20":"tag-norge","21":"tag-norway","22":"tag-nyheter","23":"tag-overskrifter","24":"tag-top-stories","25":"tag-topstories"},"share_on_mastodon":{"url":"https:\/\/pubeurope.com\/@no\/115685244628121473","error":""},"_links":{"self":[{"href":"https:\/\/www.europesays.com\/no\/wp-json\/wp\/v2\/posts\/107713","targetHints":{"allow":["GET"]}}],"collection":[{"href":"https:\/\/www.europesays.com\/no\/wp-json\/wp\/v2\/posts"}],"about":[{"href":"https:\/\/www.europesays.com\/no\/wp-json\/wp\/v2\/types\/post"}],"author":[{"embeddable":true,"href":"https:\/\/www.europesays.com\/no\/wp-json\/wp\/v2\/users\/2"}],"replies":[{"embeddable":true,"href":"https:\/\/www.europesays.com\/no\/wp-json\/wp\/v2\/comments?post=107713"}],"version-history":[{"count":0,"href":"https:\/\/www.europesays.com\/no\/wp-json\/wp\/v2\/posts\/107713\/revisions"}],"wp:featuredmedia":[{"embeddable":true,"href":"https:\/\/www.europesays.com\/no\/wp-json\/wp\/v2\/media\/107714"}],"wp:attachment":[{"href":"https:\/\/www.europesays.com\/no\/wp-json\/wp\/v2\/media?parent=107713"}],"wp:term":[{"taxonomy":"category","embeddable":true,"href":"https:\/\/www.europesays.com\/no\/wp-json\/wp\/v2\/categories?post=107713"},{"taxonomy":"post_tag","embeddable":true,"href":"https:\/\/www.europesays.com\/no\/wp-json\/wp\/v2\/tags?post=107713"}],"curies":[{"name":"wp","href":"https:\/\/api.w.org\/{rel}","templated":true}]}}