{"id":107715,"date":"2025-12-08T17:58:07","date_gmt":"2025-12-08T17:58:07","guid":{"rendered":"https:\/\/www.europesays.com\/no\/107715\/"},"modified":"2025-12-08T17:58:07","modified_gmt":"2025-12-08T17:58:07","slug":"kajsa-rooth-felix-horn-myhre","status":"publish","type":"post","link":"https:\/\/www.europesays.com\/no\/107715\/","title":{"rendered":"Kajsa Rooth, Felix Horn Myhre"},"content":{"rendered":"\n<p>Landslagsprofilen Felix Horn Myhre (26) og Kajsa Rooth (22) er kj\u00e6rester. Det bekreftes n\u00e5 til <a href=\"https:\/\/www.vg.no\/sport\/i\/xrROzj\/bekrefter-felix-horn-myhre-og-kajsa-rooth-er-kjaerester\" rel=\"Follow nofollow noopener\" target=\"_blank\">VG<\/a>.<\/p>\n<p>De to skal ha v\u00e6rt et par siden sensommeren og m\u00f8ttes via idrettsmilj\u00f8et.<\/p>\n<p>Mamma Rooth bekrefter forholdet <\/p>\n<p>Kajsa Rooth er lilles\u00f8steren til olympisk mester i tikamp, Markus Rooth.<\/p>\n<p>Det er moren til Kajsa, Mette Rooth, som bekrefter forholdet og sier paret er kjent med at det omtales i mediene.<\/p>\n<p>Horn Myhre spiller for Brann og er en del av det norske fotballandslaget som nylig kvalifiserte seg for fotball-VM.<\/p>\n<p><b>Les ogs\u00e5: <a href=\"https:\/\/www.nettavisen.no\/sport\/enorm-okning-for-markus-rooth-formuen-opp-240-prosent\/s\/5-95-2759249\" rel=\"Follow nofollow noopener\" target=\"_blank\">Enorm \u00f8kning for Markus Rooth<\/a><\/b><\/p>\n<p>Kajsa Rooth p\u00e5 sin side, er i likhet med broren, friidrettsut\u00f8ver. <\/p>\n<p>Allerede etter VM-kvalifiseringskampen mot Moldova p\u00e5 Ullevaal stadion i september, ble pret observert sammen etter kampen.<\/p>\n<p>Markus Rooth sammen med Jenny Spetalen <\/p>\n<p>De to ville ikke da bekrefte et forhold med uttalte at de har \u00abdet hyggelig sammen\u00bb til TV 2. <\/p>\n<p>Storebror Rooth har for \u00f8vrig nylig ogs\u00e5 funnet lykken. I januar i \u00e5r ble det kjent at han hadde innledet et forhold til Jenny Spetalen, datteren til finansmannen \u00d8ystein Stray Spetalen. <\/p>\n","protected":false},"excerpt":{"rendered":"Landslagsprofilen Felix Horn Myhre (26) og Kajsa Rooth (22) er kj\u00e6rester. Det bekreftes n\u00e5 til VG. De to&hellip;\n","protected":false},"author":2,"featured_media":107716,"comment_status":"","ping_status":"","sticky":false,"template":"","format":"standard","meta":{"footnotes":""},"categories":[59],"tags":[30,28,29,83,82],"class_list":{"0":"post-107715","1":"post","2":"type-post","3":"status-publish","4":"format-standard","5":"has-post-thumbnail","7":"category-sport","8":"tag-no","9":"tag-norge","10":"tag-norway","11":"tag-sport","12":"tag-sports"},"share_on_mastodon":{"url":"https:\/\/pubeurope.com\/@no\/115685249077514596","error":""},"_links":{"self":[{"href":"https:\/\/www.europesays.com\/no\/wp-json\/wp\/v2\/posts\/107715","targetHints":{"allow":["GET"]}}],"collection":[{"href":"https:\/\/www.europesays.com\/no\/wp-json\/wp\/v2\/posts"}],"about":[{"href":"https:\/\/www.europesays.com\/no\/wp-json\/wp\/v2\/types\/post"}],"author":[{"embeddable":true,"href":"https:\/\/www.europesays.com\/no\/wp-json\/wp\/v2\/users\/2"}],"replies":[{"embeddable":true,"href":"https:\/\/www.europesays.com\/no\/wp-json\/wp\/v2\/comments?post=107715"}],"version-history":[{"count":0,"href":"https:\/\/www.europesays.com\/no\/wp-json\/wp\/v2\/posts\/107715\/revisions"}],"wp:featuredmedia":[{"embeddable":true,"href":"https:\/\/www.europesays.com\/no\/wp-json\/wp\/v2\/media\/107716"}],"wp:attachment":[{"href":"https:\/\/www.europesays.com\/no\/wp-json\/wp\/v2\/media?parent=107715"}],"wp:term":[{"taxonomy":"category","embeddable":true,"href":"https:\/\/www.europesays.com\/no\/wp-json\/wp\/v2\/categories?post=107715"},{"taxonomy":"post_tag","embeddable":true,"href":"https:\/\/www.europesays.com\/no\/wp-json\/wp\/v2\/tags?post=107715"}],"curies":[{"name":"wp","href":"https:\/\/api.w.org\/{rel}","templated":true}]}}