{"id":107717,"date":"2025-12-08T17:59:20","date_gmt":"2025-12-08T17:59:20","guid":{"rendered":"https:\/\/www.europesays.com\/no\/107717\/"},"modified":"2025-12-08T17:59:20","modified_gmt":"2025-12-08T17:59:20","slug":"kong-charles-forbereder-seg-pa-det-som-kan-bli-hans-siste-julefeiring-i-sandringham","status":"publish","type":"post","link":"https:\/\/www.europesays.com\/no\/107717\/","title":{"rendered":"Kong Charles forbereder seg p\u00e5 det som kan bli hans siste julefeiring i Sandringham"},"content":{"rendered":"<p class=\"kicker \" style=\"\">Skaper bekymring f\u00f8r julen:\u00a0<\/p>\n<p>  Den britiske kongefamilien gj\u00f8r seg klar til \u00e5rets julefeiring. N\u00e5 hevder kilder n\u00e6r slottet at det kan bli Charles&#8217; siste.\u00a0<\/p>\n<p>\n    PREGET: Kong Charles har v\u00e6rt i behandling for kreft siden i fjor, og siden den gang har slottet holdt seg ordknapp om helsetilstanden hans. N\u00e5 r\u00f8per kilder n\u00e6r slottet at han jobber hardt for \u00e5 gj\u00f8re julefeiringen s\u00e5 bra som mulig. Foto: Tayfun Salci\/ZUMA Press Wire\/Shutterstock\/NTB\n  <\/p>\n<p>Kong Charles (77) og dronning Camilla (78) delte l\u00f8rdag sitt \u00e5rlige julekort med f\u00f8lgerne sine p\u00e5 Instagram.\u00a0<\/p>\n<p>    <a itemprop=\"url\" href=\"https:\/\/www.seher.no\/kongelig\/mammas-skyld\/83859785\" rel=\"nofollow noopener\" target=\"_blank\"><\/p>\n<p>        <img loading=\"lazy\" decoding=\"async\" src=\"https:\/\/www.europesays.com\/no\/wp-content\/uploads\/2025\/12\/83881539.webp\" width=\"147\" height=\"98\" title=\"- Mammas skyld\" alt=\"\" class=\"lazyload\" style=\"--aspect-ratio-image: 1.50; \"\/><\/p>\n<p>        &#8211; Mammas skyld<\/p>\n<p>    <\/a><\/p>\n<p class=\"font-weight-normal m-font-weight-normal\" data-lab-font_weight=\"font-weight-normal\">If\u00f8lge flere kilder er det ekstra viktig for kongen \u00e5 gj\u00f8re \u00e5rets juletid, som arrangeres hvert \u00e5r i Sandringham House, s\u00e5 spesiell som mulig.\u00a0<\/p>\n<p class=\"font-weight-bold m-font-weight-bold\" data-lab-font_weight=\"font-weight-bold\">\u00c5rsaken skal v\u00e6re at 77-\u00e5ringen er redd for at det blir hans siste.\u00a0<\/p>\n<p>        <img loading=\"lazy\" decoding=\"async\" src=\"https:\/\/www.europesays.com\/no\/wp-content\/uploads\/2025\/12\/83953117.webp\" width=\"686\" height=\"371\" title=\"JULEKORT: \u00c5rets julekort fra kong Charles og dronning Camilla. Foto: Aaron Chown \/ REUTERS \/ NTB\" alt=\"\" class=\"\" style=\"--aspect-ratio-image: 1.85; \"\/><\/p>\n<p>\n        JULEKORT: \u00c5rets julekort fra kong Charles og dronning Camilla. Foto: Aaron Chown \/ REUTERS \/ NTB\n    <\/p>\n<p>&#8211; Kan bli hans siste\t<\/p>\n<p>If\u00f8lge flere kilder til <a href=\"https:\/\/www.usmagazine.com\/celebrity-news\/news\/how-the-royals-will-make-the-most-of-their-time-this-christmas\/\" rel=\"nofollow noopener\" target=\"_blank\">USWeekly<\/a>\u00a0skal kongen v\u00e6re sv\u00e6rt opptatt av \u00e5 utf\u00f8re sine tradisjonelle plikter i forbindelse med julen i \u00e5r.\u00a0<\/p>\n<p>        DUKKET OPP: Mandag kveld er kronprinsesse Mette-Marit (52) tilbake p\u00e5 jobb, og til stede hos Kulturkirken Jakob i Oslo. Her arrangerer NRK-podkasten \u00abLeseklubben\u00bb h\u00f8ytlesing av boka \u00abStargate\u00bb &#8211; en julefortelling. Reporter\/video: Brage Hegg\u00f8y<\/p>\n<p class=\"font-weight-bold m-font-weight-bold\" data-lab-font_weight=\"font-weight-bold\">&#8211; Charles setter plikten f\u00f8rst, men han er ogs\u00e5 veldig familiekj\u00e6r, og han vet at tiden hans er verdifull. Han \u00f8nsker seg en helt spesiell siste jul i tilfelle det blir hans siste.\u00a0<\/p>\n<p>        <img loading=\"lazy\" decoding=\"async\" src=\"https:\/\/www.europesays.com\/no\/wp-content\/uploads\/2025\/12\/83953030.webp\" width=\"686\" height=\"460\" title=\"FEIRET: Onsdag 3. desember inviterte det britiske kongehuset til statsgalla, og Windsor Castle var fyllt opp av vakre juledekorasjoner. Fra venstre: den tyske statsministeren Frank-Walter Steinmeier, kona Elke Buedenbender, kong Charles og dronning Camilla. Foto: Carlos Jasso \/ AFP \/ NTB\" alt=\"\" class=\"\" style=\"--aspect-ratio-image: 1.49; \"\/><\/p>\n<p>\n        FEIRET: Onsdag 3. desember inviterte det britiske kongehuset til statsgalla, og Windsor Castle var fyllt opp av vakre juledekorasjoner. Fra venstre: den tyske statsministeren Frank-Walter Steinmeier, kona Elke Buedenbender, kong Charles og dronning Camilla. Foto: Carlos Jasso \/ AFP \/ NTB\n    <\/p>\n<p class=\"font-weight-bold m-font-weight-bold\" data-lab-font_weight=\"font-weight-bold\">\u00a0Det var i februar i fjor at en prostataunders\u00f8kelse\u00a0avdekket <a href=\"https:\/\/www.seher.no\/kongelig\/har-fatt-kreft\/80930602\" rel=\"nofollow noopener\" target=\"_blank\">\u00aben form for kreft\u00bb<\/a> hos kongen. Kongehuset avkreftet samtidig at det var snakk om prostatakreft, men ville ikke si noe mer.\u00a0<\/p>\n<p>    <a itemprop=\"url\" href=\"https:\/\/www.seher.no\/kjendis\/nye-meldinger-avslort\/83799820\" rel=\"nofollow noopener\" target=\"_blank\"><\/p>\n<p>        <img loading=\"lazy\" decoding=\"async\" src=\"https:\/\/www.europesays.com\/no\/wp-content\/uploads\/2025\/12\/83800050.webp\" width=\"147\" height=\"98\" title=\"Nye meldinger avsl\u00f8rt\" alt=\"\" class=\"lazyload\" style=\"--aspect-ratio-image: 1.50; \"\/><\/p>\n<p>        Nye meldinger avsl\u00f8rt<\/p>\n<p>    <\/a><\/p>\n<p class=\"font-weight-normal m-font-weight-normal\" data-lab-font_weight=\"font-weight-normal\">Siden den gang har 77-\u00e5ringen v\u00e6rt i behandling.\u00a0Tidligere i \u00e5r<a href=\"https:\/\/www.seher.no\/kongelig\/viste-seg-etter-innleggelse\/82893833\" target=\"_blank\" style=\"font-weight: 400;\" rel=\"nofollow noopener\">\u00a0oppsto det bekymring<\/a>\u00a0da han ble innlagt p\u00e5 sykehus etter \u00e5 ha opplevd \u00abmidlertidige bivirkninger\u00bb, men kongen virket ved godt mot.\u00a0<\/p>\n<p class=\"font-weight-bold m-font-weight-bold\" data-lab-font_weight=\"font-weight-bold\"> Samtidig bekreftet kilder til\u00a0\u00a0<a href=\"https:\/\/www.telegraph.co.uk\/royal-family\/2025\/06\/07\/will-king-charles-and-prince-harry-reunite\/\" rel=\"nofollow noopener\" target=\"_blank\">The Telegraph<\/a>\u00a0at kreften var \u00abunder kontroll\u00bb, men kom samtidig med en nedsl\u00e5ende beskjed: Den er <a href=\"https:\/\/www.seher.no\/kongelig\/kommer-til-a-do-med-kreft\/83197610\" rel=\"nofollow noopener\" target=\"_blank\">uhelbredelig<\/a>. <\/p>\n<p>        <img loading=\"lazy\" decoding=\"async\" src=\"https:\/\/www.europesays.com\/no\/wp-content\/uploads\/2025\/12\/83953042.webp\" width=\"980\" height=\"559\" title=\"BLE INNLAGT: Kong Charles ble innlagt p\u00e5 sykehuset i mars, etter midlertidige bivirkninger fra kreftbehandlingen. Bildet viser ham dager etterp\u00e5, da han ble kj\u00f8rt hjem. Foto: Yui Mok \/ NTB\" alt=\"\" class=\"\" style=\"--aspect-ratio-image: 1.75; \"\/><\/p>\n<p>\n        BLE INNLAGT: Kong Charles ble innlagt p\u00e5 sykehuset i mars, etter midlertidige bivirkninger fra kreftbehandlingen. Bildet viser ham dager etterp\u00e5, da han ble kj\u00f8rt hjem. Foto: Yui Mok \/ NTB\n    <\/p>\n<p>If\u00f8lge kilden planlegger kongen \u00e5 v\u00e6re med p\u00e5 den \u00e5rlige g\u00e5turen til St. Mary Magdalene-kirken f\u00f8rste juledag, og \u00e5 spille inn jule\u00adtalen sin, som sendes senere samme ettermiddag.<\/p>\n<p>&#8211; I fjor fulgte fem millioner seere sendingen. Ingenting ville stoppet Charles fra \u00e5 gj\u00f8re det, fortsetter kilden, og peker p\u00e5 at monarken lever etter morens gamle prinsipp om at \u00abman m\u00e5 v\u00e6re synlig for \u00e5 bli trodd\u00bb.<\/p>\n<p>        <img loading=\"lazy\" decoding=\"async\" src=\"https:\/\/www.europesays.com\/no\/wp-content\/uploads\/2025\/12\/83953089.webp\" width=\"686\" height=\"522\" title=\"TRADISJON: G\u00e5turen til St. Mary Magdalene-kirken f\u00f8rste juledag har v\u00e6rt en tradisjon i kongefamilien i n\u00e6r 40 \u00e5r. Her er kong Charles, med prins Harry (41) i bakgrunnen, i 1997. Foto: Paul Hackett \/ NTB\" alt=\"\" class=\"\" style=\"--aspect-ratio-image: 1.31; \"\/><\/p>\n<p>\n        TRADISJON: G\u00e5turen til St. Mary Magdalene-kirken f\u00f8rste juledag har v\u00e6rt en tradisjon i kongefamilien i n\u00e6r 40 \u00e5r. Her er kong Charles, med prins Harry (41) i bakgrunnen, i 1997. Foto: Paul Hackett \/ NTB\n    <\/p>\n<p>En annen kilde sier at de er forsiktig optimistiske rundt kong Charles, og at slottet m\u00e5 se an hva han orker n\u00e5r det kommer til juletradisjonene, og sier at han og dronning Camilla tar \u00aben dag om gangen\u00bb.\u00a0<\/p>\n<p>        TAR TIL T\u00c5RENE: 13 kjendiser skal f\u00e5 pushet grensene sine gjennom en ekstrem milit\u00e6rsimulering i \u00abHelvetesuka\u00bb. Video: \u00abHelvetesuka\u00bb\/Viaplay<\/p>\n<p>Feirer at Kate er kreftfri\t<\/p>\n<p class=\"font-weight-bold m-font-weight-bold\" data-lab-font_weight=\"font-weight-bold\">Samtidig blir det en ekstra spesiell jul for prinsesse Kate (43). Hun ble nemlig erkl\u00e6rt kreftfri i januar. Det meldte flere medier, blant annet <a href=\"https:\/\/www.bbc.com\/news\/articles\/cx2m8g2vp41o\" rel=\"nofollow noopener\" target=\"_blank\">BBC<\/a>.\u00a0<\/p>\n<p class=\"font-weight-bold m-font-weight-bold\" data-lab-font_weight=\"font-weight-bold\">I slutten av mars 2024 sjokkerte prinsessen da hun fortalte at <a href=\"https:\/\/www.seher.no\/kongelig\/jeg-har-fatt-kreft\/81164168\" rel=\"nofollow noopener\" target=\"_blank\">hun hadde f\u00e5tt kreft<\/a>, i en \u00e5penhjertig video p\u00e5 Instagram.\u00a0<\/p>\n<p>    <a itemprop=\"url\" href=\"https:\/\/www.seher.no\/kjendis\/ikke-skjedd-pa-20-ar-wow\/83935783\" rel=\"nofollow noopener\" target=\"_blank\"><\/p>\n<p>        <img loading=\"lazy\" decoding=\"async\" src=\"https:\/\/www.europesays.com\/no\/wp-content\/uploads\/2025\/12\/1765216757_187_83935828.webp\" width=\"980\" height=\"441\" title=\"Ikke skjedd p\u00e5 20 \u00e5r: - Wow\" alt=\"\" class=\"lazyload\" style=\"--aspect-ratio-image: 2.22; \"\/><\/p>\n<p>        Ikke skjedd p\u00e5 20 \u00e5r: &#8211; Wow<\/p>\n<p>    <\/a><\/p>\n<p class=\"font-weight-bold m-font-weight-bold\" data-lab-font_weight=\"font-weight-bold\">Der beskrev hun det som et sjokk, og at det var s\u00e6rlig vanskelig \u00e5 fortelle det til barna, George (12), Charlotte (10) og Louis (7).\u00a0\u00a0<\/p>\n<p class=\"font-weight-bold m-font-weight-bold\" data-lab-font_weight=\"font-weight-bold\"> &#8211; Det har tatt tid \u00e5 forklare alt til George, Charlotte og Louis p\u00e5 en m\u00e5te som er passende for dem, og \u00e5 forsikre dem om at jeg kommer til \u00e5 bli bra, delte hun \u00e6rlig i videoen.\u00a0<\/p>\n<p>        <img loading=\"lazy\" decoding=\"async\" src=\"https:\/\/www.europesays.com\/no\/wp-content\/uploads\/2025\/12\/83953194.webp\" width=\"686\" height=\"611\" title=\"DUKKET OPP: Forrige uke var hele kronprinsfamilien p\u00e5 plass i Westminster Abbey. I \u00e5r kan familien feire at Kate er kreftfri. Fra venstre: prins William, prins George, prins Louis, prinsesse Charlotte og prinsesse Kate. Foto: Chris Jackson \/ REUTERS \/ NTB\" alt=\"\" class=\"\" style=\"--aspect-ratio-image: 1.12; \"\/><\/p>\n<p>\n        DUKKET OPP: Forrige uke var hele kronprinsfamilien p\u00e5 plass i Westminster Abbey. I \u00e5r kan familien feire at Kate er kreftfri. Fra venstre: prins William, prins George, prins Louis, prinsesse Charlotte og prinsesse Kate. Foto: Chris Jackson \/ REUTERS \/ NTB\n    <\/p>\n<p class=\"font-weight-bold m-font-weight-bold\" data-lab-font_weight=\"font-weight-bold\">Til tross for at hun virket ved godt mot, var realiteten krevende. Etter at hun ble erkl\u00e6rt kreftfri r\u00f8pet prinsessen hvor <a href=\"https:\/\/www.seher.no\/kongelig\/vanskelig-a-vaere-tilbake\/83331740\" rel=\"nofollow noopener\" target=\"_blank\">t\u00f8ff kreftbehandlingen egentlig hadde v\u00e6rt<\/a>:\u00a0<\/p>\n<p class=\"font-weight-normal m-font-weight-normal\" data-lab-font_weight=\"font-weight-normal\">&#8211;\u00a0Du m\u00e5 finne din nye normal, og det tar tid. Det er en berg-og-dalbane, ikke jevnt og forutsigbart som man kanskje forventer. Men realiteten er at man g\u00e5r gjennom t\u00f8ffe tider.<\/p>\n<p>        TATT P\u00c5 FERSKEN: Hva befinner seg under Skal vi danse-dommernes bord? Jan Thomas har svaret. Reporter: Nora Skavhaug \/ Foto: Danny Son To \/ R\u00f8d L\u00f8per <\/p>\n<p class=\"font-weight-normal m-font-weight-normal\" data-lab-font_weight=\"font-weight-normal\">If\u00f8lge kildene til USWeekly blir \u00e5rets julefeiring ekstra spesiell for den britiske kongefamilien, av flere grunner.\u00a0<\/p>\n<p class=\"font-weight-bold m-font-weight-bold\" data-lab-font_weight=\"font-weight-bold\">&#8211; Det er Kates f\u00f8rste jul siden hun i januar fortalte at hun er i remisjon etter kreftbehandlingen. Feiringen kan bli vemodig p\u00e5 grunn av Charles, men det blir ogs\u00e5 en tid for \u00e5 feire, s\u00e6rlig etter at Kate fikk klarsignal fra legene.<\/p>\n<p>        <img loading=\"lazy\" decoding=\"async\" src=\"https:\/\/www.europesays.com\/no\/wp-content\/uploads\/2025\/12\/83953115.webp\" width=\"686\" height=\"611\" title=\"SMILER: B\u00e5de prinsesse Kate og kong Charles fikk kreftdiagnoser i 2024. Mens Kate har blitt erkl\u00e6rt kreftfri, er Charles fortsatt i behandling. Bildet er fra 3. desember. Foto: Carlos Jasso \/ NTB\" alt=\"\" class=\"\" style=\"--aspect-ratio-image: 1.12; \"\/><\/p>\n<p>\n        SMILER: B\u00e5de prinsesse Kate og kong Charles fikk kreftdiagnoser i 2024. Mens Kate har blitt erkl\u00e6rt kreftfri, er Charles fortsatt i behandling. Bildet er fra 3. desember. Foto: Carlos Jasso \/ NTB\n    <\/p>\n<p>Temaet for Kates julegudstjeneste, \u00abTogether at Christmas\u00bb, som sendes i Storbritannia 24. desember, er \u00abglede og kj\u00e6rlighet\u00bb.\u00a0<\/p>\n<p>If\u00f8lge kilden vil temaet prege den kongelige juleh\u00f8ytiden, og presiserer at familien vil utnytte tiden de har igjen sammen s\u00e5 godt de kan.\u00a0<\/p>\n<p>        \u00abUTVIST\u00bb: Prins Andrew er ikke lenger prins og er \u00abutvist\u00bb fra kongefamilien p\u00e5 grunn av sine forbindelser til Jeffrey Epstein. Reporter: Sanne Holt\/ R\u00f8d L\u00f8per. Video: NTB\/ Stella Pictures\/ AFP\/ YouTube\/ BBC\/ Netflix\/ 60Minutes Australia<\/p>\n<p data-lab-font_weight=\"\"> I tillegg flyttet den kongefamilien til et\u00a0<a href=\"https:\/\/www.seher.no\/kongelig\/tar-med-barna-og-flytter\/83465887\" rel=\"nofollow noopener\" target=\"_blank\">nytt hjem tidligere i \u00e5r<\/a>, og det blir deres f\u00f8rste julefeiring i det nye hjemmet.\u00a0Familien p\u00e5 fem flyttet fra Adelaide Cottage til<a href=\"https:\/\/www.seher.no\/kongelig\/fortjener-privatliv\/83506576\" style=\"font-weight: 400;\" rel=\"nofollow noopener\" target=\"_blank\"> Forest Lodge<\/a> i slutten av oktober.\u00a0<\/p>\n","protected":false},"excerpt":{"rendered":"Skaper bekymring f\u00f8r julen:\u00a0 Den britiske kongefamilien gj\u00f8r seg klar til \u00e5rets julefeiring. N\u00e5 hevder kilder n\u00e6r slottet&hellip;\n","protected":false},"author":2,"featured_media":107718,"comment_status":"","ping_status":"","sticky":false,"template":"","format":"standard","meta":{"footnotes":""},"categories":[58],"tags":[71,5593,2543,3994,76,1401,30,28,29,4387,72],"class_list":{"0":"post-107717","1":"post","2":"type-post","3":"status-publish","4":"format-standard","5":"has-post-thumbnail","7":"category-underholdning","8":"tag-entertainment","9":"tag-jul","10":"tag-kjendisdesken","11":"tag-kong-charles","12":"tag-kongelig","13":"tag-kreft","14":"tag-no","15":"tag-norge","16":"tag-norway","17":"tag-prinsesse-kate","18":"tag-underholdning"},"share_on_mastodon":{"url":"https:\/\/pubeurope.com\/@no\/115685253027950361","error":""},"_links":{"self":[{"href":"https:\/\/www.europesays.com\/no\/wp-json\/wp\/v2\/posts\/107717","targetHints":{"allow":["GET"]}}],"collection":[{"href":"https:\/\/www.europesays.com\/no\/wp-json\/wp\/v2\/posts"}],"about":[{"href":"https:\/\/www.europesays.com\/no\/wp-json\/wp\/v2\/types\/post"}],"author":[{"embeddable":true,"href":"https:\/\/www.europesays.com\/no\/wp-json\/wp\/v2\/users\/2"}],"replies":[{"embeddable":true,"href":"https:\/\/www.europesays.com\/no\/wp-json\/wp\/v2\/comments?post=107717"}],"version-history":[{"count":0,"href":"https:\/\/www.europesays.com\/no\/wp-json\/wp\/v2\/posts\/107717\/revisions"}],"wp:featuredmedia":[{"embeddable":true,"href":"https:\/\/www.europesays.com\/no\/wp-json\/wp\/v2\/media\/107718"}],"wp:attachment":[{"href":"https:\/\/www.europesays.com\/no\/wp-json\/wp\/v2\/media?parent=107717"}],"wp:term":[{"taxonomy":"category","embeddable":true,"href":"https:\/\/www.europesays.com\/no\/wp-json\/wp\/v2\/categories?post=107717"},{"taxonomy":"post_tag","embeddable":true,"href":"https:\/\/www.europesays.com\/no\/wp-json\/wp\/v2\/tags?post=107717"}],"curies":[{"name":"wp","href":"https:\/\/api.w.org\/{rel}","templated":true}]}}