{"id":107719,"date":"2025-12-08T18:03:28","date_gmt":"2025-12-08T18:03:28","guid":{"rendered":"https:\/\/www.europesays.com\/no\/107719\/"},"modified":"2025-12-08T18:03:28","modified_gmt":"2025-12-08T18:03:28","slug":"macron-truer-kina-med-eu-toll","status":"publish","type":"post","link":"https:\/\/www.europesays.com\/no\/107719\/","title":{"rendered":"Macron truer Kina med EU-toll"},"content":{"rendered":"<p>Frankrikes president Emmanuel Macron advarer om at EU kan bli n\u00f8dt til \u00e5 innf\u00f8re toll p\u00e5 kinesiske varer dersom Kina ikke gj\u00f8r noe med sitt \u00f8kende handelsoverskudd overfor Europa, if\u00f8lge <a href=\"https:\/\/www.bloomberg.com\/news\/articles\/2025-12-07\/macron-warns-eu-may-hit-china-with-tariffs-over-trade-surplus?srnd=homepage-europe\" target=\"_blank\" rel=\"nofollow noopener\">Bloomberg<\/a>.<\/p>\n<p>Det kommer frem i et intervju med avisen Les Echos s\u00f8ndag.<\/p>\n<p>\u2013 Jeg pr\u00f8ver \u00e5 forklare kineserne at handelsoverskuddet deres ikke er b\u00e6rekraftig fordi de dreper sine egne kunder, spesielt ved \u00e5 knapt importere noe fra oss lenger, sier Macron.<\/p>\n<p>\u2013 Hvis de ikke reagerer, vil vi europeere i de kommende m\u00e5nedene bli tvunget til \u00e5 ta sterke grep og koble oss fra, som USA, for eksempel med toll p\u00e5 kinesiske produkter, legger han til.<\/p>\n<p>Macron har nettopp kommet hjem fra et tre dagers statsbes\u00f8k i Kina.\u00a0Frankrikes handelsunderskudd med Kina var p\u00e5 rundt 47 milliarder euro i fjor, mens Kinas handelsoverskudd med EU n\u00e5dde nesten 143 milliarder dollar i f\u00f8rste halvdel av 2025.<\/p>\n<p class=\"subhead\" data-element-type=\"subhead\" data-element-label=\"Mellomtittel\">Strid etter elbil-toll<\/p>\n<p>Forholdet mellom Paris og Beijing ble mer anstrengt etter at EU i fjor innf\u00f8rte toll p\u00e5 kinesiske elbiler, et tiltak Frankrike st\u00f8ttet. Kina svarte med \u00e5 innf\u00f8re minstepriskrav p\u00e5 fransk konjakk.<\/p>\n<p>Macron mener USAs tiln\u00e6rming til Kina er \u00abupassende\u00bb og har forverret Europas posisjon ved \u00e5 lede kinesiske varer mot EU-markedet.<\/p>\n<p>\u2013 I dag sitter vi fast mellom de to, og det er et sp\u00f8rsm\u00e5l om liv eller d\u00f8d for europeisk industri, sier Macron.<\/p>\n","protected":false},"excerpt":{"rendered":"Frankrikes president Emmanuel Macron advarer om at EU kan bli n\u00f8dt til \u00e5 innf\u00f8re toll p\u00e5 kinesiske varer&hellip;\n","protected":false},"author":2,"featured_media":107720,"comment_status":"","ping_status":"","sticky":false,"template":"","format":"standard","meta":{"footnotes":""},"categories":[12],"tags":[20,21,24,25,15,22,23,13,30,28,29,14,16,26,27,42,43,44,45],"class_list":{"0":"post-107719","1":"post","2":"type-post","3":"status-publish","4":"format-standard","5":"has-post-thumbnail","7":"category-verden","8":"tag-breaking-news","9":"tag-breakingnews","10":"tag-featured-news","11":"tag-featurednews","12":"tag-headlines","13":"tag-latest-news","14":"tag-latestnews","15":"tag-news","16":"tag-no","17":"tag-norge","18":"tag-norway","19":"tag-nyheter","20":"tag-overskrifter","21":"tag-top-stories","22":"tag-topstories","23":"tag-verden","24":"tag-world","25":"tag-world-news","26":"tag-worldnews"},"share_on_mastodon":{"url":"https:\/\/pubeurope.com\/@no\/115685268275128803","error":""},"_links":{"self":[{"href":"https:\/\/www.europesays.com\/no\/wp-json\/wp\/v2\/posts\/107719","targetHints":{"allow":["GET"]}}],"collection":[{"href":"https:\/\/www.europesays.com\/no\/wp-json\/wp\/v2\/posts"}],"about":[{"href":"https:\/\/www.europesays.com\/no\/wp-json\/wp\/v2\/types\/post"}],"author":[{"embeddable":true,"href":"https:\/\/www.europesays.com\/no\/wp-json\/wp\/v2\/users\/2"}],"replies":[{"embeddable":true,"href":"https:\/\/www.europesays.com\/no\/wp-json\/wp\/v2\/comments?post=107719"}],"version-history":[{"count":0,"href":"https:\/\/www.europesays.com\/no\/wp-json\/wp\/v2\/posts\/107719\/revisions"}],"wp:featuredmedia":[{"embeddable":true,"href":"https:\/\/www.europesays.com\/no\/wp-json\/wp\/v2\/media\/107720"}],"wp:attachment":[{"href":"https:\/\/www.europesays.com\/no\/wp-json\/wp\/v2\/media?parent=107719"}],"wp:term":[{"taxonomy":"category","embeddable":true,"href":"https:\/\/www.europesays.com\/no\/wp-json\/wp\/v2\/categories?post=107719"},{"taxonomy":"post_tag","embeddable":true,"href":"https:\/\/www.europesays.com\/no\/wp-json\/wp\/v2\/tags?post=107719"}],"curies":[{"name":"wp","href":"https:\/\/api.w.org\/{rel}","templated":true}]}}