{"id":107721,"date":"2025-12-08T18:04:13","date_gmt":"2025-12-08T18:04:13","guid":{"rendered":"https:\/\/www.europesays.com\/no\/107721\/"},"modified":"2025-12-08T18:04:13","modified_gmt":"2025-12-08T18:04:13","slug":"kan-kun-skylde-pa-oss-selv","status":"publish","type":"post","link":"https:\/\/www.europesays.com\/no\/107721\/","title":{"rendered":"\u2013 Kan kun skylde p\u00e5 oss selv"},"content":{"rendered":"\n<ul class=\"_list_o9xde_3 _list_64s2r_85 _unordered_o9xde_106 text-sans-m\">\n<li class=\"_item_o9xde_30\">Henrik Asheim og Ola Svenneby ligger an til \u00e5 bli nestledere i H\u00f8yre.<\/li>\n<li class=\"_item_o9xde_30\">Flere vestlandspolitikere h\u00e5per Peter Fr\u00f8lich ombestemmer seg.<\/li>\n<li class=\"_item_o9xde_30\">Andre mener en Oslo-dominert ledelse er ok, s\u00e5 lenge det er god representasjon i den \u00f8vrige ledelsen<\/li>\n<\/ul>\n<p>Vis mer <\/p>\n<p class=\"_paragraph_o9xde_4 _paragraph_xtcu6_10 layout-component text-serif-m layout-normal text-serif-m layout-padded\">Vestlandet har lenge dominert i H\u00f8yre-ledelsen, b\u00e5de med leder Erna Solberg fra Bergen og nestleder Tina Bru fra Stavanger.fra Stavanger.Ikke la deg lure av \u00f8stlandsdialekten hennes!<\/p>\n<p class=\"_paragraph_o9xde_4 _paragraph_xtcu6_10 layout-component text-serif-m layout-normal text-serif-m layout-padded\">N\u00e5 ser det derimot skralt ut etter at vestlandets heteste kandidat Peter Fr\u00f8lich trakk seg i helgen. Dermed ligger H\u00f8yres \u00f8verste ledelse <a href=\"https:\/\/www.vg.no\/nyheter\/i\/j0Pa9z\/opplysniger-til-vg-asheim-og-svenneby-ligger-an-til-aa-bli-hoeyre-nestledere\" data-track-element-type=\"Link\" data-track-id=\"link:j0Pa9z\" class=\"_link_o9xde_39\" rel=\"nofollow noopener\" target=\"_blank\">an til \u00e5 bli<\/a>: <\/p>\n<ul class=\"_list_o9xde_3 _list_xtcu6_9 _unordered_o9xde_106 layout-component text-serif-m layout-normal text-serif-m layout-padded\">\n<li class=\"_item_o9xde_30\"><strong class=\"_strong_o9xde_25\">Leder:<\/strong> Ine Eriksen S\u00f8reide (Oslo)<\/li>\n<li class=\"_item_o9xde_30\"><strong class=\"_strong_o9xde_25\">Nestleder: <\/strong>Henrik Asheim (B\u00e6rum) <\/li>\n<li class=\"_item_o9xde_30\"><strong class=\"_strong_o9xde_25\">Nestleder:<\/strong> Ola Svenneby (Oslo)<\/li>\n<\/ul>\n<p>\u2013 Viktig med sabla flinke folk<\/p>\n<p class=\"_paragraph_o9xde_4 _paragraph_xtcu6_10 layout-component text-serif-m layout-normal text-serif-m layout-padded\">Flere H\u00f8yre-politikere har g\u00e5tt ut og <a href=\"https:\/\/www.vg.no\/nyheter\/i\/n1g1MB\/hoeyre-politikere-kritiserer-ledelse-med-kun-oslo-politikere\" data-track-element-type=\"Link\" data-track-id=\"link:n1g1MB\" class=\"_link_o9xde_39\" rel=\"nofollow noopener\" target=\"_blank\">kritisert Oslo-dominansen<\/a>. <\/p>\n<p class=\"_paragraph_o9xde_4 _paragraph_xtcu6_10 layout-component text-serif-m layout-normal text-serif-m layout-padded\">\u2013 Det er f\u00f8rst og fremst viktig med sabla flinke folk. Jeg er ikke s\u00e5 bekymret for hvor folk kommer fra, men mer opptatt av at det blir de rette folkene, og gjerne folk som b\u00e5de er lyse- og m\u00f8rkebl\u00e5, sier leder i Rogaland H\u00f8yre, Harald L\u00f8nning, til VG. <\/p>\n<p><img alt=\"LEVER MED DET: Harald L\u00f8nning (til venstre) p\u00e5 H\u00f8yres landsm\u00f8te i 2022.  Foto: Hallgeir V\u00e5genes \/ VG\" class=\"_image_qp4xg_65 layout-component layout-normal\" data-fullscreen- data-track-element-type=\"Article image fullscreen\" data-track-name=\"ImageFullscreen\" decoding=\"async\" loading=\"lazy\" height=\"5464\" itemprop=\"image\"  src=\"https:\/\/www.europesays.com\/no\/wp-content\/uploads\/2025\/12\/70071bed-ecec-49e0-8220-ccb48f394c05\"  style=\"object-position:0% 0%\" width=\"7304\"\/>LEVER MED DET: Harald L\u00f8nning (til venstre) p\u00e5 H\u00f8yres landsm\u00f8te i 2022.  Foto: Hallgeir V\u00e5genes \/ VG<\/p>\n<p class=\"_paragraph_o9xde_4 _paragraph_xtcu6_10 layout-component text-serif-m layout-normal text-serif-m layout-padded\">N\u00e5 er det viktigste \u00e5 sikre stemmer fra hele landet i Arbeidsutvalget (AU), mener han. AU er ledelsen i H\u00f8yre som leder og nestledere inng\u00e5r i. <\/p>\n<p class=\"_paragraph_o9xde_4 _paragraph_xtcu6_10 layout-component text-serif-m layout-normal text-serif-m layout-padded\">\u2013 Vi m\u00e5 respektere at Fr\u00f8lich takket nei og \u00f8nsker \u00e5 gj\u00f8re en jobb som leder av Stortingets utenriks- og forsvarskomit\u00e9. Han kommer til \u00e5 gj\u00f8re en str\u00e5lende jobb, sier L\u00f8nning og legger til: <\/p>\n<p class=\"_paragraph_o9xde_4 _paragraph_xtcu6_10 layout-component text-serif-m layout-normal text-serif-m layout-padded\">\u2013 Det blir fort \u00d8stlandsbasert uansett, s\u00e5 det viktigste er at vi bredder ut AU s\u00e5nn at det kan veie opp. Vi kan kun skylde p\u00e5 oss selv for at vi ikke har noen andre kandidater til ledertrioen.<\/p>\n<p class=\"_paragraph_o9xde_4 _paragraph_xtcu6_10 layout-component text-serif-m layout-normal text-serif-m layout-padded\">De andre to kandidatene som har rukket opp h\u00e5nden til nestledervervet er Sandra Bruflot fra Hole i Buskerud og Erlend Svardal B\u00f8e fra Troms\u00f8. <\/p>\n<p>H\u00e5per Fr\u00f8lich snur<\/p>\n<p class=\"_paragraph_o9xde_4 _paragraph_xtcu6_10 layout-component text-serif-m layout-normal text-serif-m layout-padded\">Austevoll har i mange \u00e5r v\u00e6rt en av H\u00f8yres sterkeste kommuner. I h\u00f8st gjorde Frp et kjempebyks og H\u00f8yres oppslutning i kommunen falt med 12,9 prosentpoeng i stortingsvalget.<\/p>\n<p class=\"_paragraph_o9xde_4 _paragraph_xtcu6_10 layout-component text-serif-m layout-normal text-serif-m layout-padded\">Ordf\u00f8rer Bente Kari Sletten Taranger sier at lokallaget spilte inn b\u00e5de Fr\u00f8lich og Svenneby som nestlederkandidater.<\/p>\n<p class=\"_paragraph_o9xde_4 _paragraph_xtcu6_10 layout-component text-serif-m layout-normal text-serif-m layout-padded\"><strong class=\"_strong_o9xde_25\">\u2013 Vi er veldig skuffet over at Fr\u00f8lich har trukket seg, selv om han har en god begrunnelse. Han nyter stor respekt b\u00e5de internt og utover H\u00f8yres grenser. Jeg skulle gjerne sett at han ikke trakk seg, sier Taranger til VG.<\/strong><\/p>\n<p><img alt=\"TEAM-FR\u00d8LICH: Bente Kari Sletten Taranger p\u00e5 kommunehuset i Austevoll.\" class=\"_image_qp4xg_65 layout-component layout-normal\" data-fullscreen- data-track-element-type=\"Article image fullscreen\" data-track-name=\"ImageFullscreen\" decoding=\"async\" loading=\"lazy\" height=\"6965\" itemprop=\"image\"  src=\"https:\/\/www.europesays.com\/no\/wp-content\/uploads\/2025\/12\/5b1e7080-5c25-4555-92a7-fb0fe5fadf23\"  style=\"object-position:0% 0%\" width=\"3467\"\/>TEAM-FR\u00d8LICH: Bente Kari Sletten Taranger p\u00e5 kommunehuset i Austevoll.<\/p>\n<p class=\"_paragraph_o9xde_4 _paragraph_xtcu6_10 layout-component text-serif-m layout-normal text-serif-m layout-padded\">Hun sier at de som sitter i partiledelsen med ha god kjennskap til hele Vestlandet. Hun peker p\u00e5 at regionen har stor verdiskaping.<\/p>\n<p class=\"_paragraph_o9xde_4 _paragraph_xtcu6_10 layout-component text-serif-m layout-normal text-serif-m layout-padded\">\u2013 Det aller viktigste er at det sitter dyktige folk i ledelsen, sier hun.<\/p>\n<p class=\"_paragraph_o9xde_4 _paragraph_xtcu6_10 layout-component text-serif-m layout-normal text-serif-m layout-padded\">\u2013 Kan det v\u00e6re tre fra \u00d8stlandet?<\/p>\n<p class=\"_paragraph_o9xde_4 _paragraph_xtcu6_10 layout-component text-serif-m layout-normal text-serif-m layout-padded\">\u2013 Kan? Ja, det kan man.<\/p>\n<p class=\"_paragraph_o9xde_4 _paragraph_xtcu6_10 layout-component text-serif-m layout-normal text-serif-m layout-padded\">\u2013 B\u00f8r man?<\/p>\n<p class=\"_paragraph_o9xde_4 _paragraph_xtcu6_10 layout-component text-serif-m layout-normal text-serif-m layout-padded\">\u2013 Vi m\u00e5 ha flinke folk uavhengig av geografi. Det er derfor vi spilte inn Fr\u00f8lich. S\u00e5 er det et pluss at han er fra Vestlandet. Jeg h\u00e5per at han vil ombestemme seg.<\/p>\n<p>M\u00e5 snu hver stein<\/p>\n<p class=\"_paragraph_o9xde_4 _paragraph_xtcu6_10 layout-component text-serif-m layout-normal text-serif-m layout-padded\">P\u00e5 Ask\u00f8y utenfor Bergen ble det ogs\u00e5 et brutalt valgresultat for H\u00f8yre, som sank med 10 prosentpoeng. Frp doblet seg nesten. <\/p>\n<p class=\"_paragraph_o9xde_4 _paragraph_xtcu6_10 layout-component text-serif-m layout-normal text-serif-m layout-padded\">\u2013 Mye av grunnen til at vi tapte valget, er at vi tapte langs vestkysten. Vi skal ikke undervurdere at vi har kandidater fra omr\u00e5det, det sender et signal, sier Ask\u00f8y-ordf\u00f8rer Yngve Magnus Tvedt Fosse til VG.<\/p>\n<p><img decoding=\"async\" alt=\"Bilde av Yngve Magnus Tvedt Fosse\" class=\"_image_ygndg_42\" height=\"27\" itemprop=\"image\" loading=\"lazy\"  src=\"https:\/\/www.europesays.com\/no\/wp-content\/uploads\/2025\/12\/c3cba2c4-fb95-4506-9b0f-dd89d487b4c4\"  width=\"40\"\/><strong class=\"_name_ygndg_51 title-serif-xs\">Yngve Magnus Tvedt Fosse<\/strong><\/p>\n<p class=\"_paragraph_o9xde_4 text-sans-m _description_ygndg_56\">Ordf\u00f8rer i Ask\u00f8y kommune<\/p>\n<p class=\"_paragraph_o9xde_4 _paragraph_xtcu6_10 layout-component text-serif-m layout-normal text-serif-m layout-padded\">Ogs\u00e5 han hadde satset p\u00e5 Peter Fr\u00f8lich som nestleder. <\/p>\n<p class=\"_paragraph_o9xde_4 _paragraph_xtcu6_10 layout-component text-serif-m layout-normal text-serif-m layout-padded\">\u2013 Jeg synes det er forferdelig synd at Fr\u00f8lich trakk seg. Det er dumt. Ogs\u00e5 er jeg enig i at vi skal ha de beste folkene, men jeg mener det er mange flinke folk ellers i landet at vi fint kan klare \u00e5 unng\u00e5 en for Oslo-tung ledelse, sier Fosse. <\/p>\n<p class=\"_paragraph_o9xde_4 _paragraph_xtcu6_10 layout-component text-serif-m layout-normal text-serif-m layout-padded\">Han peker p\u00e5 Erlend Svardal B\u00f8e, som har vokst opp i Flor\u00f8, men bodd mange \u00e5r i Troms\u00f8, Odd Emil Ingebrigtsen fra Bod\u00f8 og Tom Georg Indrevik fra \u00d8ygarden. Sistnevnte har ikke selv stilt som kandidat. <\/p>\n<p><img alt=\"TRAKK SEG: I Vestland er det fremdeles mange som vil ha Peter Fr\u00f8lich som nestleder, som om han selv sier nei.   Foto: Martha Diaz \/ VG\" class=\"_image_qp4xg_65 layout-component layout-normal\" data-fullscreen- data-track-element-type=\"Article image fullscreen\" data-track-name=\"ImageFullscreen\" decoding=\"async\" loading=\"lazy\" height=\"5464\" itemprop=\"image\"  src=\"https:\/\/www.europesays.com\/no\/wp-content\/uploads\/2025\/12\/ce2f90e3-3496-4a0f-9810-67e9691487dc\"  style=\"object-position:0% 0%\" width=\"8192\"\/>TRAKK SEG: I Vestland er det fremdeles mange som vil ha Peter Fr\u00f8lich som nestleder, som om han selv sier nei.   Foto: Martha Diaz \/ VG<\/p>\n<p class=\"_paragraph_o9xde_4 _paragraph_xtcu6_10 layout-component text-serif-m layout-normal text-serif-m layout-padded\">\u2013 Er det noe realistisk h\u00e5p for Vestlandet her?<\/p>\n<p class=\"_paragraph_o9xde_4 _paragraph_xtcu6_10 layout-component text-serif-m layout-normal text-serif-m layout-padded\">\u2013 Det er vanskelig \u00e5 si. Jeg tror alle hadde pekt p\u00e5 Fr\u00f8lich og var enige der. Jeg h\u00e5per han vil revirdere det. Hvis ikke b\u00f8r valgkomiteen ta en ekstra runde og se hvem som er aktuelle, sier Fosse.<\/p>\n<p class=\"_paragraph_o9xde_4 _paragraph_xtcu6_10 layout-component text-serif-m layout-normal text-serif-m layout-padded\"><strong class=\"_strong_o9xde_25\">Hvordan ser din H\u00f8yre-ledelse ut? Legg kabalen her:<\/strong><\/p>\n<p class=\"_paragraph_o9xde_4 _paragraph_xtcu6_10 layout-component text-serif-m layout-normal text-serif-m layout-padded\">Noralv Distad sitter p\u00e5 fylkestinget i <a href=\"https:\/\/www.vg.no\/tag\/vestland?utm_source=vg-article&amp;utm_medium=auto-tagger&amp;utm_campaign=zOL4M1\" class=\"_link_o9xde_39\" rel=\"nofollow noopener\" target=\"_blank\">Vestland<\/a> som nestleder i H\u00f8yres gruppe. Han geografi ikke b\u00f8r veie tyngst.<\/p>\n<p class=\"_paragraph_o9xde_4 _paragraph_xtcu6_10 layout-component text-serif-m layout-normal text-serif-m layout-padded\"> \u2013 Jeg konstaterer at Fr\u00f8lich ikke er kandidat, og vi hadde h\u00e5pet han ville stille. Geografi er viktig, men det viktigste er \u00e5 ha dyktige og kvalifiserte kandidater. Faglige politiske kvalifikasjoner m\u00e5 veie tyngst. <\/p>\n<p class=\"_paragraph_o9xde_4 _paragraph_xtcu6_10 layout-component text-serif-m layout-normal text-serif-m layout-padded\">Uansett hvem det blir, m\u00e5 de reise rundt i landet og lytte til fylkeslag og lokallag, p\u00e5peker Distad.<\/p>\n<p class=\"_paragraph_o9xde_4 _paragraph_xtcu6_10 layout-component text-serif-m layout-normal text-serif-m layout-padded\">\u2013 Det blir ikke grunnlag for noe oppr\u00f8r. Jeg tror alle helt sikkert er interessert i \u00e5 reise rundt i landt og lytt til fylkeslag og lokallag. <\/p>\n","protected":false},"excerpt":{"rendered":"Henrik Asheim og Ola Svenneby ligger an til \u00e5 bli nestledere i H\u00f8yre. Flere vestlandspolitikere h\u00e5per Peter Fr\u00f8lich&hellip;\n","protected":false},"author":2,"featured_media":107722,"comment_status":"","ping_status":"","sticky":false,"template":"","format":"standard","meta":{"footnotes":""},"categories":[10],"tags":[20,21,24,25,15,1213,22,23,13,30,28,281,29,14,16,26,27,1582,205],"class_list":{"0":"post-107721","1":"post","2":"type-post","3":"status-publish","4":"format-standard","5":"has-post-thumbnail","7":"category-norge","8":"tag-breaking-news","9":"tag-breakingnews","10":"tag-featured-news","11":"tag-featurednews","12":"tag-headlines","13":"tag-hoyre-h","14":"tag-latest-news","15":"tag-latestnews","16":"tag-news","17":"tag-no","18":"tag-norge","19":"tag-norsk-politikk","20":"tag-norway","21":"tag-nyheter","22":"tag-overskrifter","23":"tag-top-stories","24":"tag-topstories","25":"tag-vestland","26":"tag-vgsamfunn"},"share_on_mastodon":{"url":"https:\/\/pubeurope.com\/@no\/115685272330306429","error":""},"_links":{"self":[{"href":"https:\/\/www.europesays.com\/no\/wp-json\/wp\/v2\/posts\/107721","targetHints":{"allow":["GET"]}}],"collection":[{"href":"https:\/\/www.europesays.com\/no\/wp-json\/wp\/v2\/posts"}],"about":[{"href":"https:\/\/www.europesays.com\/no\/wp-json\/wp\/v2\/types\/post"}],"author":[{"embeddable":true,"href":"https:\/\/www.europesays.com\/no\/wp-json\/wp\/v2\/users\/2"}],"replies":[{"embeddable":true,"href":"https:\/\/www.europesays.com\/no\/wp-json\/wp\/v2\/comments?post=107721"}],"version-history":[{"count":0,"href":"https:\/\/www.europesays.com\/no\/wp-json\/wp\/v2\/posts\/107721\/revisions"}],"wp:featuredmedia":[{"embeddable":true,"href":"https:\/\/www.europesays.com\/no\/wp-json\/wp\/v2\/media\/107722"}],"wp:attachment":[{"href":"https:\/\/www.europesays.com\/no\/wp-json\/wp\/v2\/media?parent=107721"}],"wp:term":[{"taxonomy":"category","embeddable":true,"href":"https:\/\/www.europesays.com\/no\/wp-json\/wp\/v2\/categories?post=107721"},{"taxonomy":"post_tag","embeddable":true,"href":"https:\/\/www.europesays.com\/no\/wp-json\/wp\/v2\/tags?post=107721"}],"curies":[{"name":"wp","href":"https:\/\/api.w.org\/{rel}","templated":true}]}}