{"id":107723,"date":"2025-12-08T18:06:04","date_gmt":"2025-12-08T18:06:04","guid":{"rendered":"https:\/\/www.europesays.com\/no\/107723\/"},"modified":"2025-12-08T18:06:04","modified_gmt":"2025-12-08T18:06:04","slug":"snart-slutt-pa-regnveret-pa-austlandet-men-bergensarane-ma-hente-fram-paraplyen-nrk-buskerud-lokale-nyheter-tv-og-radio","status":"publish","type":"post","link":"https:\/\/www.europesays.com\/no\/107723\/","title":{"rendered":"Snart slutt p\u00e5 regnv\u00earet p\u00e5 Austlandet \u2013 men bergensarane m\u00e5 hente fram paraplyen \u2013 NRK Buskerud \u2013 Lokale nyheter, TV og radio"},"content":{"rendered":"<p>\u2013 Veka startar med mykje regn p\u00e5 S\u00f8r- og Austlandet, men s\u00e5 vil det endre seg, heiter det i ei <a href=\"https:\/\/www.yr.no\/nb\/meteorologene\/41c1bdb9-9c7c-4b2d-a580-2a15da17b432\" ec-id=\"https:\/\/www.yr.no\/nb\/meteorologene\/41c1bdb9-9c7c-4b2d-a580-2a15da17b432\" ec-name=\"oppdatering\" rel=\"nofollow noopener\" target=\"_blank\">oppdatering<\/a> fr\u00e5 meteorologane i Meteorologisk institutt.<\/p>\n<p>Dei fortel at regnet hamnar p\u00e5 vestsida av fjellet resten av veka.<\/p>\n<p><strong>\u2013 Det betyr at bergensarane m\u00e5 hente fram paraplyen. I mellomtida kan austlendingane t\u00f8rke seg, heiter det i meldinga.<\/strong><\/p>\n<p>Vidare blir det rapportert om at det vil komme sn\u00f8 i S\u00f8r-Noreg, men berre i fjella.<\/p>\n<p>\nDin nettleser st\u00f8tter ikke innbygging av eksternt innhold\n<\/p>\n<p>Nordover i landet startar det mildt i Nordland, og kaldt i Finnmark.<\/p>\n<p><strong>\u2013 Det blir gradvis kaldare i heile landsdelen fram mot helga, men s\u00e5 tek mildv\u00earet tak og spreier seg nordover i Nordland, skriv <a href=\"https:\/\/www.yr.no\/nb\/meteorologene\/683cb3dc-03f1-4c27-8994-273b55a71830\" ec-id=\"https:\/\/www.yr.no\/nb\/meteorologene\/683cb3dc-03f1-4c27-8994-273b55a71830\" ec-name=\"meteorologane\" rel=\"nofollow noopener\" target=\"_blank\">meteorologane<\/a>.<\/strong><\/p>\n<p>Dei varslar om ein god del regn s\u00f8r i Nordland, medan det andre stader blir h\u00f8ve til \u00e5 kikke etter stjerneteikn og nordlys.<\/p>\n<p>(NTB)<\/p>\n<p><a class=\"login-banner-hack\" href=\"https:\/\/www.nrk.no\/logginn?context=article-plug\" style=\"padding: 0; border: none; display: none\" rel=\"nofollow noopener\" target=\"_blank\"><\/p>\n<p>            <img decoding=\"async\"   src=\"data:image\/gif;base64,R0lGODlhAQABAIAAAAAAAP\/\/\/yH5BAEAAAAALAAAAAABAAEAAAIBRAA7\" alt=\"Oppfordring til \u00e5 logge p\u00e5 NRKs tjenester\" title=\"Foto: Odd Arne Olderbakk\"\/><\/p>\n<p>            <img decoding=\"async\"   src=\"data:image\/gif;base64,R0lGODlhAQABAIAAAAAAAP\/\/\/yH5BAEAAAAALAAAAAABAAEAAAIBRAA7\" alt=\"Oppfordring til \u00e5 logge p\u00e5 NRKs tjenester\" title=\"Foto: Odd Arne Olderbakk\"\/><\/p>\n<p><\/a><\/p>\n<p>Publisert<\/p>\n<p>08.12.2025, kl. 13.11<\/p>\n","protected":false},"excerpt":{"rendered":"\u2013 Veka startar med mykje regn p\u00e5 S\u00f8r- og Austlandet, men s\u00e5 vil det endre seg, heiter det&hellip;\n","protected":false},"author":2,"featured_media":107724,"comment_status":"","ping_status":"","sticky":false,"template":"","format":"standard","meta":{"footnotes":""},"categories":[5],"tags":[20,21,24,25,15,19,22,23,17,18,13,30,28,29,14,16,26,27],"class_list":{"0":"post-107723","1":"post","2":"type-post","3":"status-publish","4":"format-standard","5":"has-post-thumbnail","7":"category-overskrifter","8":"tag-breaking-news","9":"tag-breakingnews","10":"tag-featured-news","11":"tag-featurednews","12":"tag-headlines","13":"tag-hovedoppslag","14":"tag-latest-news","15":"tag-latestnews","16":"tag-main-news","17":"tag-mainnews","18":"tag-news","19":"tag-no","20":"tag-norge","21":"tag-norway","22":"tag-nyheter","23":"tag-overskrifter","24":"tag-top-stories","25":"tag-topstories"},"share_on_mastodon":{"url":"","error":""},"_links":{"self":[{"href":"https:\/\/www.europesays.com\/no\/wp-json\/wp\/v2\/posts\/107723","targetHints":{"allow":["GET"]}}],"collection":[{"href":"https:\/\/www.europesays.com\/no\/wp-json\/wp\/v2\/posts"}],"about":[{"href":"https:\/\/www.europesays.com\/no\/wp-json\/wp\/v2\/types\/post"}],"author":[{"embeddable":true,"href":"https:\/\/www.europesays.com\/no\/wp-json\/wp\/v2\/users\/2"}],"replies":[{"embeddable":true,"href":"https:\/\/www.europesays.com\/no\/wp-json\/wp\/v2\/comments?post=107723"}],"version-history":[{"count":0,"href":"https:\/\/www.europesays.com\/no\/wp-json\/wp\/v2\/posts\/107723\/revisions"}],"wp:featuredmedia":[{"embeddable":true,"href":"https:\/\/www.europesays.com\/no\/wp-json\/wp\/v2\/media\/107724"}],"wp:attachment":[{"href":"https:\/\/www.europesays.com\/no\/wp-json\/wp\/v2\/media?parent=107723"}],"wp:term":[{"taxonomy":"category","embeddable":true,"href":"https:\/\/www.europesays.com\/no\/wp-json\/wp\/v2\/categories?post=107723"},{"taxonomy":"post_tag","embeddable":true,"href":"https:\/\/www.europesays.com\/no\/wp-json\/wp\/v2\/tags?post=107723"}],"curies":[{"name":"wp","href":"https:\/\/api.w.org\/{rel}","templated":true}]}}