{"id":107725,"date":"2025-12-08T18:07:15","date_gmt":"2025-12-08T18:07:15","guid":{"rendered":"https:\/\/www.europesays.com\/no\/107725\/"},"modified":"2025-12-08T18:07:15","modified_gmt":"2025-12-08T18:07:15","slug":"skal-vaere-ferdig-i-united-rollen","status":"publish","type":"post","link":"https:\/\/www.europesays.com\/no\/107725\/","title":{"rendered":"Skal v\u00e6re ferdig i United-rollen"},"content":{"rendered":"<p>Jonny Evans ga seg som spiller etter 2024\/25-sesongen, og gikk over i en annen rolle i Manchester United.<\/p>\n<p>Han ble \u00abHead of loans and pathways\u00bb, men n\u00e5 melder <a href=\"https:\/\/trainingground.guru\/evans-steps-down-as-man-utd-head-of-loans-after-six-months\/\" target=\"_blank\" rel=\"nofollow noopener\">Training Ground Guru<\/a> (som pleier \u00e5 v\u00e6re en god kilde n\u00e5r det gjelder ting som dette) at Evans gir seg i jobben etter bare seks m\u00e5neder.<\/p>\n<p class=\"font-weight-bold m-font-weight-bold\" data-lab-font_weight=\"font-weight-bold\">United vil n\u00e5 starte prosessen med \u00e5 se etter en erstatter i den viktige rollen, hvor en har ansvaret for \u00e5 sende spillere ut p\u00e5 l\u00e5n, og p\u00e5 \u00e5 f\u00f8lge opp de utl\u00e5nte spillerne.<\/p>\n<p>Evans og United skilles p\u00e5 minnelig vis, if\u00f8lge Training Ground Guru, og if\u00f8lge <a href=\"https:\/\/x.com\/NathSalt1\/status\/1998075334030139578\" target=\"_blank\" rel=\"nofollow\">Nathan Salt<\/a> i Daily Mail skal ikke avgangen ha kommet som noe sjokk.<\/p>\n<p>37-\u00e5ringen skal ha bestemt seg for at han vil tilbringe mer tid med familien \u2013 det er tross alt snakk om en rolle som vanligvis inneb\u00e6rer mye reising.<\/p>\n<p>Han vil ta en pause f\u00f8r han bestemmer seg for hva han vil gj\u00f8re videre, skrives det videre.<\/p>\n<p>Klubben har i skrivende stund ikke offisielt bekreftet Evans&#8217; avgang, men flere journalister har f\u00e5tt det bekreftet fra kilder i klubben.<\/p>\n<p>                <img decoding=\"async\" src=\"https:\/\/www.europesays.com\/no\/wp-content\/uploads\/2025\/12\/1407568.webp\" width=\"480\" height=\"274\" title=\"Jonny Evans p\u00e5 Falkirk-kamp i september for \u00e5 f\u00f8lge opp utl\u00e5nte Ethan Williams.\" alt=\"Utl\u00e5nssjef Jonny Evans p\u00e5 Falkirk-kamp 23. september 2025 for \u00e5 f\u00f8lge opp utl\u00e5nte Ethan Williams.\" loading=\"lazy\" style=\"\"\/><\/p>\n<p>\n            Jonny Evans p\u00e5 Falkirk-kamp i september for \u00e5 f\u00f8lge opp utl\u00e5nte Ethan Williams.<br \/>\n            Craig Foy &#8211; SNS Group\n        <\/p>\n","protected":false},"excerpt":{"rendered":"Jonny Evans ga seg som spiller etter 2024\/25-sesongen, og gikk over i en annen rolle i Manchester United.&hellip;\n","protected":false},"author":2,"featured_media":107726,"comment_status":"","ping_status":"","sticky":false,"template":"","format":"standard","meta":{"footnotes":""},"categories":[59],"tags":[30,28,29,83,82],"class_list":{"0":"post-107725","1":"post","2":"type-post","3":"status-publish","4":"format-standard","5":"has-post-thumbnail","7":"category-sport","8":"tag-no","9":"tag-norge","10":"tag-norway","11":"tag-sport","12":"tag-sports"},"share_on_mastodon":{"url":"https:\/\/pubeurope.com\/@no\/115685283979377225","error":""},"_links":{"self":[{"href":"https:\/\/www.europesays.com\/no\/wp-json\/wp\/v2\/posts\/107725","targetHints":{"allow":["GET"]}}],"collection":[{"href":"https:\/\/www.europesays.com\/no\/wp-json\/wp\/v2\/posts"}],"about":[{"href":"https:\/\/www.europesays.com\/no\/wp-json\/wp\/v2\/types\/post"}],"author":[{"embeddable":true,"href":"https:\/\/www.europesays.com\/no\/wp-json\/wp\/v2\/users\/2"}],"replies":[{"embeddable":true,"href":"https:\/\/www.europesays.com\/no\/wp-json\/wp\/v2\/comments?post=107725"}],"version-history":[{"count":0,"href":"https:\/\/www.europesays.com\/no\/wp-json\/wp\/v2\/posts\/107725\/revisions"}],"wp:featuredmedia":[{"embeddable":true,"href":"https:\/\/www.europesays.com\/no\/wp-json\/wp\/v2\/media\/107726"}],"wp:attachment":[{"href":"https:\/\/www.europesays.com\/no\/wp-json\/wp\/v2\/media?parent=107725"}],"wp:term":[{"taxonomy":"category","embeddable":true,"href":"https:\/\/www.europesays.com\/no\/wp-json\/wp\/v2\/categories?post=107725"},{"taxonomy":"post_tag","embeddable":true,"href":"https:\/\/www.europesays.com\/no\/wp-json\/wp\/v2\/tags?post=107725"}],"curies":[{"name":"wp","href":"https:\/\/api.w.org\/{rel}","templated":true}]}}